{"id":264171,"date":"2025-07-21T20:25:16","date_gmt":"2025-07-21T20:25:16","guid":{"rendered":"https:\/\/www.europesays.com\/fr\/264171\/"},"modified":"2025-07-21T20:25:16","modified_gmt":"2025-07-21T20:25:16","slug":"2-270-jeunes-marseillais-profitent-dun-sejour-solidaire","status":"publish","type":"post","link":"https:\/\/www.europesays.com\/fr\/264171\/","title":{"rendered":"2 270 jeunes Marseillais profitent d&rsquo;un s\u00e9jour solidaire"},"content":{"rendered":"<p>L\u2019\u00e9t\u00e9 n\u2019est pas toujours synonyme de vacances\u00a0: <a href=\"https:\/\/www.laprovence.com\/article\/region\/1794180969622715\/les-nocturnes-un-dispositif-aixois-pour-les-enfants-qui-ne-partent-pas-en-vacances\" target=\"_blank\" rel=\"noopener\">dans les foyers les plus modestes<\/a>, 56% des enfants ne profitent pas de s\u00e9jours en dehors du domicile familial. Mais le dispositif \u00ab\u00a0Vacances pour tous\u00a0\u00bb permet \u00e0 environ 3 000 enfants \u00e0 Marseille chaque ann\u00e9e (2 270 durant l\u2019\u00e9t\u00e9) de b\u00e9n\u00e9ficier de 5 jours en <a href=\"https:\/\/www.laprovence.com\/article\/sortie-loisirs\/22584550605369\/colonie-de-vacances-2025-quelles-tendances-pour-les-sejours-de-vos-enfants\" target=\"_blank\" rel=\"noopener\">colonie de vacances<\/a>, pour une somme maximale de 10 euros.<\/p>\n<p>Sur le cours Lieutaud, ce lundi 21\u00a0juillet au matin, une dizaine de parents agitent les bras en direction du bus qui s\u2019\u00e9loigne. \u00ab\u00a0C\u2019est la premi\u00e8re fois que ma fille part. Je suis un peu stress\u00e9e, mais surtout tr\u00e8s reconnaissante. Je suis maman &lsquo;solo&rsquo; en instance de divorce, et je n\u2019aurais pas pu lui payer les vacances qu\u2019elle va vivre cette semaine\u00a0\u00bb, confie Olivia Dib-Saidou, m\u00e8re de Maylis, 9\u00a0ans.<\/p>\n<p>Son s\u00e9jour est organis\u00e9 par les centres sociaux mais financ\u00e9 par l\u2019\u00c9tat, la CAF et la Ville de Marseille. Audrey Gatian, adjointe (PS) au maire charg\u00e9e de la politique de la ville, se dit fi\u00e8re de d\u00e9fendre le droit aux vacances\u00a0: \u00ab\u00a0Depuis\u00a02021, nous avons multipli\u00e9 par cinq le budget allou\u00e9 \u00e0 ce dispositif, en y d\u00e9diant 850\u00a0000\u00a0euros par an.\u00a0\u00bb<\/p>\n<p>\u00ab\u00a0L\u2019occasion de leur montrer d\u2019autres horizons que le centre-ville marseillais\u00a0\u00bb<\/p>\n<p>Parmi les 36 enfants du centre social du Cours Julien \u00e0 partir vers Isola (Alpes-Maritimes), Aaron et Nesrine b\u00e9n\u00e9ficient du dispositif pour la deuxi\u00e8me ann\u00e9e cons\u00e9cutive. Les deux pr\u00e9adolescents jouent des \u00e9paules pour caser leurs petites valises color\u00e9es dans la soute du car. \u00ab\u00a0Je sais pas trop o\u00f9 on va, mais j\u2019ai trop h\u00e2te\u00a0!\u00a0\u00bb\u00a0lance Aaron, 13\u00a0ans. \u00ab\u00a0L\u2019ann\u00e9e pass\u00e9e c\u2019\u00e9tait trop dr\u00f4le, j\u2019ai gard\u00e9 de tr\u00e8s bons souvenirs. Alors peu importe o\u00f9 on va\u00a0!\u00a0\u00bb, confirme Nesrine dans un large sourire. \u00ab\u00a0C\u2019est l\u2019occasion de leur offrir un moment d\u2019\u00e9vasion, de leur montrer d\u2019autres horizons que le centre-ville marseillais\u00a0\u00bb, commente de son c\u00f4t\u00e9 Audrey Gatian.<\/p>\n","protected":false},"excerpt":{"rendered":"L\u2019\u00e9t\u00e9 n\u2019est pas toujours synonyme de vacances\u00a0: dans les foyers les plus modestes, 56% des enfants ne profitent&hellip;\n","protected":false},"author":2,"featured_media":264172,"comment_status":"","ping_status":"","sticky":false,"template":"","format":"standard","meta":{"footnotes":""},"categories":[2814],"tags":[17,40366,1111,11,40365,1777,674,4658,1011,27,4074,7285,884,12,471,882,25,104,2528],"class_list":{"0":"post-264171","1":"post","2":"type-post","3":"status-publish","4":"format-standard","5":"has-post-thumbnail","7":"category-marseille","8":"tag-17","9":"tag-40366","10":"tag-actu","11":"tag-actualites","12":"tag-colonie","13":"tag-eu","14":"tag-europe","15":"tag-euros","16":"tag-fr","17":"tag-france","18":"tag-jeunes","19":"tag-jours","20":"tag-marseille","21":"tag-news","22":"tag-pour","23":"tag-provence-alpes-cote-dazur","24":"tag-republique-francaise","25":"tag-societe","26":"tag-vacances"},"share_on_mastodon":{"url":"https:\/\/pubeurope.com\/@fr\/114893103007205896","error":""},"_links":{"self":[{"href":"https:\/\/www.europesays.com\/fr\/wp-json\/wp\/v2\/posts\/264171","targetHints":{"allow":["GET"]}}],"collection":[{"href":"https:\/\/www.europesays.com\/fr\/wp-json\/wp\/v2\/posts"}],"about":[{"href":"https:\/\/www.europesays.com\/fr\/wp-json\/wp\/v2\/types\/post"}],"author":[{"embeddable":true,"href":"https:\/\/www.europesays.com\/fr\/wp-json\/wp\/v2\/users\/2"}],"replies":[{"embeddable":true,"href":"https:\/\/www.europesays.com\/fr\/wp-json\/wp\/v2\/comments?post=264171"}],"version-history":[{"count":0,"href":"https:\/\/www.europesays.com\/fr\/wp-json\/wp\/v2\/posts\/264171\/revisions"}],"wp:featuredmedia":[{"embeddable":true,"href":"https:\/\/www.europesays.com\/fr\/wp-json\/wp\/v2\/media\/264172"}],"wp:attachment":[{"href":"https:\/\/www.europesays.com\/fr\/wp-json\/wp\/v2\/media?parent=264171"}],"wp:term":[{"taxonomy":"category","embeddable":true,"href":"https:\/\/www.europesays.com\/fr\/wp-json\/wp\/v2\/categories?post=264171"},{"taxonomy":"post_tag","embeddable":true,"href":"https:\/\/www.europesays.com\/fr\/wp-json\/wp\/v2\/tags?post=264171"}],"curies":[{"name":"wp","href":"https:\/\/api.w.org\/{rel}","templated":true}]}}