{"id":264177,"date":"2025-07-21T20:28:18","date_gmt":"2025-07-21T20:28:18","guid":{"rendered":"https:\/\/www.europesays.com\/fr\/264177\/"},"modified":"2025-07-21T20:28:18","modified_gmt":"2025-07-21T20:28:18","slug":"lyon-une-fontaine-a-eau-nouvelle-generation-mise-en-service-dans-le-quartier-des-etats-unis","status":"publish","type":"post","link":"https:\/\/www.europesays.com\/fr\/264177\/","title":{"rendered":"Lyon. Une fontaine \u00e0 eau nouvelle g\u00e9n\u00e9ration mise en service dans le quartier des \u00c9tats-Unis"},"content":{"rendered":"<p>Et de quatre\u00a0! Aux abords de la place du 8-Mai-1945, dans le quartier des \u00c9tats-Unis, il est d\u00e9sormais possible d\u2019avoir un acc\u00e8s gratuit \u00e0 l\u2019eau \u00e0 quatre endroits diff\u00e9rents. Dans le nouveau parc \u00e0 jeux, sur les terrains de boules, \u00e0 proximit\u00e9 du march\u00e9 et, inaugur\u00e9e ce lundi 21\u00a0juillet, au bord de la Voie lyonnaise 12, tout proche de l\u2019arr\u00eat de tram \u201cBeauvisage CISL\u201d.<\/p>\n<p>Cette petite derni\u00e8re, nomm\u00e9e N\u00e9o, est diff\u00e9rente&#8230;<\/p>\n","protected":false},"excerpt":{"rendered":"Et de quatre\u00a0! Aux abords de la place du 8-Mai-1945, dans le quartier des \u00c9tats-Unis, il est d\u00e9sormais&hellip;\n","protected":false},"author":2,"featured_media":264178,"comment_status":"","ping_status":"","sticky":false,"template":"","format":"standard","meta":{"footnotes":""},"categories":[1889],"tags":[1111,11,2430,2757,1777,674,1011,27,2428,9744,9743,12,25,71,104],"class_list":{"0":"post-264177","1":"post","2":"type-post","3":"status-publish","4":"format-standard","5":"has-post-thumbnail","7":"category-lyon","8":"tag-actu","9":"tag-actualites","10":"tag-auvergne-rhone-alpes","11":"tag-edition-lyon-villeurbanne","12":"tag-eu","13":"tag-europe","14":"tag-fr","15":"tag-france","16":"tag-lyon","17":"tag-lyon-8e","18":"tag-lyon-8e-arrondissement","19":"tag-news","20":"tag-republique-francaise","21":"tag-sante","22":"tag-societe"},"share_on_mastodon":{"url":"https:\/\/pubeurope.com\/@fr\/114893114762719666","error":""},"_links":{"self":[{"href":"https:\/\/www.europesays.com\/fr\/wp-json\/wp\/v2\/posts\/264177","targetHints":{"allow":["GET"]}}],"collection":[{"href":"https:\/\/www.europesays.com\/fr\/wp-json\/wp\/v2\/posts"}],"about":[{"href":"https:\/\/www.europesays.com\/fr\/wp-json\/wp\/v2\/types\/post"}],"author":[{"embeddable":true,"href":"https:\/\/www.europesays.com\/fr\/wp-json\/wp\/v2\/users\/2"}],"replies":[{"embeddable":true,"href":"https:\/\/www.europesays.com\/fr\/wp-json\/wp\/v2\/comments?post=264177"}],"version-history":[{"count":0,"href":"https:\/\/www.europesays.com\/fr\/wp-json\/wp\/v2\/posts\/264177\/revisions"}],"wp:featuredmedia":[{"embeddable":true,"href":"https:\/\/www.europesays.com\/fr\/wp-json\/wp\/v2\/media\/264178"}],"wp:attachment":[{"href":"https:\/\/www.europesays.com\/fr\/wp-json\/wp\/v2\/media?parent=264177"}],"wp:term":[{"taxonomy":"category","embeddable":true,"href":"https:\/\/www.europesays.com\/fr\/wp-json\/wp\/v2\/categories?post=264177"},{"taxonomy":"post_tag","embeddable":true,"href":"https:\/\/www.europesays.com\/fr\/wp-json\/wp\/v2\/tags?post=264177"}],"curies":[{"name":"wp","href":"https:\/\/api.w.org\/{rel}","templated":true}]}}