{"id":264195,"date":"2025-07-21T20:40:14","date_gmt":"2025-07-21T20:40:14","guid":{"rendered":"https:\/\/www.europesays.com\/fr\/264195\/"},"modified":"2025-07-21T20:40:14","modified_gmt":"2025-07-21T20:40:14","slug":"pistorius-lallemagne-va-transferer-au-plus-vite-cinq-systemes-patriot-a-lukraine","status":"publish","type":"post","link":"https:\/\/www.europesays.com\/fr\/264195\/","title":{"rendered":"Pistorius : l&rsquo;Allemagne va transf\u00e9rer au plus vite cinq syst\u00e8mes Patriot \u00e0 l&rsquo;Ukraine"},"content":{"rendered":"<p>            <img decoding=\"async\" class=\"c-ad__placeholder__logo\" src=\"https:\/\/static.euronews.com\/website\/images\/logos\/logo-euronews-grey-6-180x22.svg\" width=\"180\" height=\"22\" alt=\"\" loading=\"lazy\"\/><br \/>\n            PUBLICIT\u00c9<\/p>\n<p>L&rsquo;Allemagne et les \u00c9tats-Unis ont convenu de livrer <strong>cinq syst\u00e8mes de d\u00e9fense a\u00e9rienne Patriot<\/strong> \u00e0 l&rsquo;Ukraine, a annonc\u00e9 lundi le ministre allemand de la D\u00e9fense, Boris Pistorius.<\/p>\n<p>S&rsquo;exprimant lors de la 29e r\u00e9union du Groupe de contact pour la d\u00e9fense de l&rsquo;Ukraine (UDCG), dite de \u00ab\u00a0format Ramstein\u00a0\u00bb, Pistorius a indiqu\u00e9 qu&rsquo;il \u00e9tait parvenu \u00e0 cet accord avec son homologue am\u00e9ricain Pete Hegseth, lors d&rsquo;un r\u00e9cent voyage \u00e0 Washington.<\/p>\n<p>\u00ab\u00a0L&rsquo;Allemagne fournira des syst\u00e8mes de d\u00e9fense a\u00e9rienne suppl\u00e9mentaires et les munitions n\u00e9cessaires. En outre, [&#8230;] l&rsquo;Allemagne veillera \u00e0 ce que cinq syst\u00e8mes Patriot, dont le besoin se fait cruellement sentir, soient livr\u00e9s aussi rapidement que possible\u00a0\u00bb, a-t-il d\u00e9clar\u00e9.<\/p>\n<p>Cette annonce intervient alors que la Russie intensifie sa campagne de frappes \u00e0 longue port\u00e9e sur l&rsquo;Ukraine, notamment en utilisant des missiles balistiques que seul le syst\u00e8me de missiles Patriot peut abattre.<\/p>\n<p>Dans la nuit de dimanche \u00e0 lundi, des <a href=\"https:\/\/fr.euronews.com\/my-europe\/2025\/07\/21\/encore-une-attaque-massive-russe-sur-lukraine-des-victimes-et-des-incendies-a-kyiv\" rel=\"nofollow noopener\" target=\"_blank\">frappes russes ont touch\u00e9 la capitale ukrainienne, Kyiv<\/a><a href=\"https:\/\/www.euronews.com\/my-europe\/2025\/07\/21\/russian-strikes-on-kyiv-kill-one-and-injure-six-as-fires-break-out-in-the-city\" rel=\"nofollow noopener\" target=\"_blank\">,<\/a> faisant un mort et au moins six bless\u00e9s, selon les autorit\u00e9s.<\/p>\n<p>L&rsquo;attaque \u00e0 grande \u00e9chelle de drones et de missiles a provoqu\u00e9 plusieurs incendies dans la ville de pr\u00e8s de 3 millions d&rsquo;habitants, notamment dans des immeubles r\u00e9sidentiels, une garderie, des kiosques en plein air et une station de m\u00e9tro servant d&rsquo;abri, ont indiqu\u00e9 des responsables locaux.<\/p>\n<p>Ce n&rsquo;est pas la seule annonce faite par les membres de ce Groupe de contact pr\u00e9sid\u00e9 par le Royaume-Uni et l&rsquo;Allemagne. Le Royaume-Uni et l&rsquo;Allemagne se sont \u00e9galement engag\u00e9s dans un projet commun visant \u00e0 fournir \u00e0 l&rsquo;Ukraine <strong>220 000 obus pour le syst\u00e8me antia\u00e9rien allemand Gepard<\/strong>. Les deux pays financeront \u00e9galement la fourniture de drones modernes sur le champ de bataille.<\/p>\n<p>L&rsquo;annonce de Pistorius intervient \u00e9galement apr\u00e8s que le pr\u00e9sident am\u00e9ricain Donald Trump a d\u00e9clar\u00e9 le 11 juillet que Washington enverrait des armes de pointe, notamment des syst\u00e8mes de d\u00e9fense a\u00e9rienne Patriot suppl\u00e9mentaires, \u00e0 l&rsquo;Ukraine via l&rsquo;OTAN, marquant un brusque virage \u00e0 180 degr\u00e9s apr\u00e8s une br\u00e8ve pause dans les livraisons d&rsquo;armes par le Pentagone.<\/p>\n<p>\u00ab\u00a0Nous allons envoyer des Patriot \u00e0 l&rsquo;OTAN et l&rsquo;OTAN les distribuera\u00a0\u00bb, a d\u00e9clar\u00e9 le chef de la Maison Blanche \u00e0 la cha\u00eene de t\u00e9l\u00e9vision am\u00e9ricaine CBS News, ajoutant que c&rsquo;est l&rsquo;alliance qui paierait pour ces \u00e9quipements on\u00e9reux.<\/p>\n<p>Le syst\u00e8me Patriot, d&rsquo;une valeur de plus d&rsquo;un milliard d&rsquo;euros, est consid\u00e9r\u00e9 comme l&rsquo;un des meilleurs au monde pour la d\u00e9tection et l&rsquo;interception d&rsquo;un large \u00e9ventail de cibles a\u00e9riennes.<\/p>\n<p>Lors de la conf\u00e9rence sur le redressement de l&rsquo;Ukraine qui s&rsquo;est tenue \u00e0 Rome la semaine derni\u00e8re, le pr\u00e9sident Volodymyr Zelensky a d\u00e9clar\u00e9 que l&rsquo;Allemagne paierait pour deux des syst\u00e8mes, tandis que la Norv\u00e8ge a accept\u00e9 d&rsquo;en fournir un.<\/p>\n<p>Lundi, le Premier ministre norv\u00e9gien Jonas Gahr St\u00f8re a d\u00e9clar\u00e9 que son pays \u00e9tait pr\u00eat \u00e0 contribuer au financement de syst\u00e8mes Patriot pour l&rsquo;Ukraine.<\/p>\n<p>La Norv\u00e8ge, l&rsquo;un des pays fondateurs de l&rsquo;OTAN, est un fervent d\u00e9fenseur de l&rsquo;Ukraine. Elle s&rsquo;est engag\u00e9e \u00e0 faire don d&rsquo;avions de combat F-16 au pays agress\u00e9 et \u00e0 mettre en place un plan d&rsquo;aide de 7 milliards de dollars (5,9 milliards d&rsquo;euros) \u00e9tal\u00e9 sur cinq ans.<\/p>\n<p>Le 16 juillet, Donald Trump a d\u00e9clar\u00e9 que les livraisons de Patriot \u00e0 l&rsquo;Ukraine avaient d\u00e9j\u00e0 commenc\u00e9, mais le minist\u00e8re allemand de la D\u00e9fense a d&rsquo;abord ni\u00e9 avoir connaissance de ces transferts.<\/p>\n<p>Washington a d\u00e9j\u00e0 envoy\u00e9 trois batteries Patriot \u00e0 l&rsquo;Ukraine, et l&rsquo;Allemagne en a fourni trois autres.<\/p>\n<p>Une batterie suppl\u00e9mentaire a \u00e9t\u00e9 fournie par une coalition europ\u00e9enne, bien que tous les syst\u00e8mes ne soient pas actuellement op\u00e9rationnels en raison de rotations de maintenance de routine.<\/p>\n<p>Le 17 juillet, la Suisse a d\u00e9clar\u00e9 que le Pentagone l&rsquo;avait inform\u00e9e que Washington d\u00e9tournait une commande suisse de syst\u00e8mes Patriot pour aider l&rsquo;Ukraine, qui en a grandement besoin pour am\u00e9liorer sa r\u00e9ponse aux attaques a\u00e9riennes russes de plus en plus lourdes.<\/p>\n<p>On ne sait pas encore si les Patriot command\u00e9s par Berne iront directement \u00e0 l&rsquo;Ukraine ou s&rsquo;ils remplaceront les unit\u00e9s d&rsquo;autres pays europ\u00e9ens qui pourraient \u00eatre donn\u00e9es \u00e0 Kyiv.<\/p>\n<p>La livraison \u00e0 la Suisse des syst\u00e8mes, d&rsquo;une valeur de plusieurs milliards de dollars, devait commencer en 2027 et s&rsquo;achever en 2028.<\/p>\n<p>La n\u00e9cessit\u00e9 d&rsquo;armer correctement l&rsquo;arm\u00e9e ukrainienne est pressante alors que la Russie cherche \u00e0 faire avancer son offensive estivale et \u00e0 pilonner les villes ukrainiennes avec des centaines de drones et de missiles balistiques et de croisi\u00e8re.<\/p>\n","protected":false},"excerpt":{"rendered":"PUBLICIT\u00c9 L&rsquo;Allemagne et les \u00c9tats-Unis ont convenu de livrer cinq syst\u00e8mes de d\u00e9fense a\u00e9rienne Patriot \u00e0 l&rsquo;Ukraine, a&hellip;\n","protected":false},"author":2,"featured_media":264196,"comment_status":"","ping_status":"","sticky":false,"template":"","format":"standard","meta":{"footnotes":""},"categories":[1587],"tags":[11,672,1804,1805,1803,1777,674,1801,131,2025,12,136,1802,132,220],"class_list":{"0":"post-264195","1":"post","2":"type-post","3":"status-publish","4":"format-standard","5":"has-post-thumbnail","7":"category-allemagne","8":"tag-actualites","9":"tag-allemagne","10":"tag-bundesrepublik-deutschland","11":"tag-de","12":"tag-deutschland","13":"tag-eu","14":"tag-europe","15":"tag-germany","16":"tag-guerre-en-ukraine","17":"tag-invasion-de-la-russie-en-ukraine","18":"tag-news","19":"tag-otan","20":"tag-republique-federale-dallemagne","21":"tag-russie","22":"tag-ukraine"},"share_on_mastodon":{"url":"https:\/\/pubeurope.com\/@fr\/114893161984397864","error":""},"_links":{"self":[{"href":"https:\/\/www.europesays.com\/fr\/wp-json\/wp\/v2\/posts\/264195","targetHints":{"allow":["GET"]}}],"collection":[{"href":"https:\/\/www.europesays.com\/fr\/wp-json\/wp\/v2\/posts"}],"about":[{"href":"https:\/\/www.europesays.com\/fr\/wp-json\/wp\/v2\/types\/post"}],"author":[{"embeddable":true,"href":"https:\/\/www.europesays.com\/fr\/wp-json\/wp\/v2\/users\/2"}],"replies":[{"embeddable":true,"href":"https:\/\/www.europesays.com\/fr\/wp-json\/wp\/v2\/comments?post=264195"}],"version-history":[{"count":0,"href":"https:\/\/www.europesays.com\/fr\/wp-json\/wp\/v2\/posts\/264195\/revisions"}],"wp:featuredmedia":[{"embeddable":true,"href":"https:\/\/www.europesays.com\/fr\/wp-json\/wp\/v2\/media\/264196"}],"wp:attachment":[{"href":"https:\/\/www.europesays.com\/fr\/wp-json\/wp\/v2\/media?parent=264195"}],"wp:term":[{"taxonomy":"category","embeddable":true,"href":"https:\/\/www.europesays.com\/fr\/wp-json\/wp\/v2\/categories?post=264195"},{"taxonomy":"post_tag","embeddable":true,"href":"https:\/\/www.europesays.com\/fr\/wp-json\/wp\/v2\/tags?post=264195"}],"curies":[{"name":"wp","href":"https:\/\/api.w.org\/{rel}","templated":true}]}}