{"id":264211,"date":"2025-07-21T20:51:24","date_gmt":"2025-07-21T20:51:24","guid":{"rendered":"https:\/\/www.europesays.com\/fr\/264211\/"},"modified":"2025-07-21T20:51:24","modified_gmt":"2025-07-21T20:51:24","slug":"moto-gp-la-sublime-degringolade-de-johann-zarco-en-republique-tcheque","status":"publish","type":"post","link":"https:\/\/www.europesays.com\/fr\/264211\/","title":{"rendered":"Moto GP | La sublime d\u00e9gringolade de Johann Zarco en R\u00e9publique tch\u00e8que"},"content":{"rendered":"<p><strong><a href=\"https:\/\/fflose.com\/cyclisme-lidee-improbable-de-ces-spectateurs-sur-le-tour-de-france\/\" rel=\"nofollow noopener\" target=\"_blank\">Si le Tour de France<\/a> monopolise grandement l\u2019actualit\u00e9 sportive en ce mois de juillet, la Moto GP ne doit pas \u00eatre laiss\u00e9e de c\u00f4t\u00e9 pour autant. Et ce n\u2019est pas la course de Johann Zarco qui va nous donner tort.<\/strong><\/p>\n<p>La strat\u00e9gie \u00e9tonnante de Johann Zarco en Moto GP<\/p>\n<p>Au lendemain d\u2019une course sprint qui a vu <a href=\"https:\/\/fflose.com\/moto-gp-le-scenario-invraisemblable-lors-de-la-course-sprint\/\" rel=\"nofollow noopener\" target=\"_blank\">les Ducati se gourer dans la pression de leurs pneus<\/a>, on attendait de savoir quelle nouvelle strat\u00e9gie hasardeuse allait secouer ce Grand Prix. Et par chance, cela a concern\u00e9 un Fran\u00e7ais, en la personne de Johann Zarco. En effet, le pilote Honda d\u00e9cide de partir avec un pneu tendre \u00e0 l\u2019arri\u00e8re, quand ses concurrents privil\u00e9gient une gomme medium. Le d\u00e9but de la fin pour le pilote tricolore.\u00a0Parti en neuvi\u00e8me position sur la grille, Johann Zarco perd trois places dans le seul premier tour. Solide.<\/p>\n<blockquote class=\"twitter-tweet\">\n<p dir=\"ltr\" lang=\"fr\">ET BOOUUM \ud83d\udca5<\/p>\n<p>C\u2019est parti pour le GP de R\u00e9publique tch\u00e8que \ud83e\udd29<a href=\"https:\/\/twitter.com\/hashtag\/CzechGP?src=hash&amp;ref_src=twsrc%5Etfw\" rel=\"nofollow noopener\" target=\"_blank\">#CzechGP<\/a> | <a href=\"https:\/\/twitter.com\/hashtag\/MotoGP?src=hash&amp;ref_src=twsrc%5Etfw\" rel=\"nofollow noopener\" target=\"_blank\">#MotoGP<\/a> <a href=\"https:\/\/t.co\/4d6VhOHV9K\" rel=\"nofollow\">pic.twitter.com\/4d6VhOHV9K<\/a><\/p>\n<p>\u2014 CANAL+ MotoGP\u2122 (@CanalplusMotoGP) <a href=\"https:\/\/twitter.com\/CanalplusMotoGP\/status\/1946904102367080748?ref_src=twsrc%5Etfw\" rel=\"nofollow noopener\" target=\"_blank\">July 20, 2025<\/a><\/p>\n<\/blockquote>\n<p>Johann Zarco ne sera jamais en mesure d\u2019entamer une remont\u00e9e en fin de course, ce qui est pourtant sa signature en Moto GP. Le Fran\u00e7ais franchit la ligne d\u2019arriv\u00e9e \u00e0 la 13e place, ce qui att\u00e9nue quelque peu la douloureuse sixi\u00e8me position de Fabio Quartararo au guidon de sa Yamaha. Mais le v\u00e9ritable enseignement de cette course \u00e0 Brno est la cinqui\u00e8me victoire d\u2019affil\u00e9e pour Marc Marquez, un record dans l\u2019histoire de Ducati. L\u2019Espagnol devance Marco Bezzecchi et Pedro Acosta, Pecco Bagnaia devant lui se contenter de la m\u00e9daille en chocolat, alors qu\u2019il partait en pole position. Quelle saison \u00e0 oublier quand m\u00eame pour le double champion du monde.<\/p>\n<blockquote class=\"twitter-tweet\">\n<p dir=\"ltr\" lang=\"fr\">Victoire de Marc M\u00e1rquez ! Victoire de Ducati \u00e0 Brno ! \ud83e\udd73\ud83d\udd34<\/p>\n<p>5e victoire cons\u00e9cutive pour le num\u00e9ro 93 devant Marco Bezzecchi \ud83e\udd48 et Pedro Acosta \ud83e\udd49<a href=\"https:\/\/twitter.com\/hashtag\/CzechGP?src=hash&amp;ref_src=twsrc%5Etfw\" rel=\"nofollow noopener\" target=\"_blank\">#CzechGP<\/a> | <a href=\"https:\/\/twitter.com\/hashtag\/MotoGP?src=hash&amp;ref_src=twsrc%5Etfw\" rel=\"nofollow noopener\" target=\"_blank\">#MotoGP<\/a> <a href=\"https:\/\/t.co\/JHQGNsE1Yq\" rel=\"nofollow\">pic.twitter.com\/JHQGNsE1Yq<\/a><\/p>\n<p>\u2014 CANAL+ MotoGP\u2122 (@CanalplusMotoGP) <a href=\"https:\/\/twitter.com\/CanalplusMotoGP\/status\/1946914760752071124?ref_src=twsrc%5Etfw\" rel=\"nofollow noopener\" target=\"_blank\">July 20, 2025<\/a><\/p>\n<\/blockquote>\n<p><script async src=\"https:\/\/platform.twitter.com\/widgets.js\" charset=\"utf-8\"><\/script><\/p>\n","protected":false},"excerpt":{"rendered":"Si le Tour de France monopolise grandement l\u2019actualit\u00e9 sportive en ce mois de juillet, la Moto GP ne&hellip;\n","protected":false},"author":2,"featured_media":264212,"comment_status":"","ping_status":"","sticky":false,"template":"","format":"standard","meta":{"footnotes":""},"categories":[1413],"tags":[1011,27,1457,1456,60],"class_list":{"0":"post-264211","1":"post","2":"type-post","3":"status-publish","4":"format-standard","5":"has-post-thumbnail","7":"category-moto","8":"tag-fr","9":"tag-france","10":"tag-moto","11":"tag-motocycle","12":"tag-sports"},"share_on_mastodon":{"url":"https:\/\/pubeurope.com\/@fr\/114893205209784509","error":""},"_links":{"self":[{"href":"https:\/\/www.europesays.com\/fr\/wp-json\/wp\/v2\/posts\/264211","targetHints":{"allow":["GET"]}}],"collection":[{"href":"https:\/\/www.europesays.com\/fr\/wp-json\/wp\/v2\/posts"}],"about":[{"href":"https:\/\/www.europesays.com\/fr\/wp-json\/wp\/v2\/types\/post"}],"author":[{"embeddable":true,"href":"https:\/\/www.europesays.com\/fr\/wp-json\/wp\/v2\/users\/2"}],"replies":[{"embeddable":true,"href":"https:\/\/www.europesays.com\/fr\/wp-json\/wp\/v2\/comments?post=264211"}],"version-history":[{"count":0,"href":"https:\/\/www.europesays.com\/fr\/wp-json\/wp\/v2\/posts\/264211\/revisions"}],"wp:featuredmedia":[{"embeddable":true,"href":"https:\/\/www.europesays.com\/fr\/wp-json\/wp\/v2\/media\/264212"}],"wp:attachment":[{"href":"https:\/\/www.europesays.com\/fr\/wp-json\/wp\/v2\/media?parent=264211"}],"wp:term":[{"taxonomy":"category","embeddable":true,"href":"https:\/\/www.europesays.com\/fr\/wp-json\/wp\/v2\/categories?post=264211"},{"taxonomy":"post_tag","embeddable":true,"href":"https:\/\/www.europesays.com\/fr\/wp-json\/wp\/v2\/tags?post=264211"}],"curies":[{"name":"wp","href":"https:\/\/api.w.org\/{rel}","templated":true}]}}