{"id":264219,"date":"2025-07-21T20:55:13","date_gmt":"2025-07-21T20:55:13","guid":{"rendered":"https:\/\/www.europesays.com\/fr\/264219\/"},"modified":"2025-07-21T20:55:13","modified_gmt":"2025-07-21T20:55:13","slug":"lacteur-americain-sest-noye-au-costa-rica","status":"publish","type":"post","link":"https:\/\/www.europesays.com\/fr\/264219\/","title":{"rendered":"L&rsquo;acteur am\u00e9ricain s&rsquo;est noy\u00e9 au Costa Rica"},"content":{"rendered":"<p>Malcolm-Jamal Warner, acteur am\u00e9ricain connu pour ses r\u00f4les dans les s\u00e9ries Cosby Show et The Resident, est d\u00e9c\u00e9d\u00e9 ce dimanche 20 juillet des suites d&rsquo;une noyade. Il avait seulement 54 ans. De nombreux acteurs de The Resident lui ont rendu hommage sur les r\u00e9seaux sociaux.<\/p>\n<p>C&rsquo;est une disparition brutale.<b> L&rsquo;acteur Malcolm-Jamal Warner est d\u00e9c\u00e9d\u00e9 ce dimanche 20 juillet \u00e0 l&rsquo;\u00e2ge de 54 ans<\/b>, a annonc\u00e9 le m\u00e9dia am\u00e9ricain <a href=\"https:\/\/abcnews.go.com\/US\/malcolm-jamal-warner-former-cosby-show-star-dead\/story?id=123932998\" target=\"_blank\" rel=\"noopener\">ABC News<\/a>. Victime d&rsquo;une noyade apr\u00e8s avoir \u00e9t\u00e9 \u00ab\u00a0emport\u00e9 par un fort courant\u00a0\u00bb au large des c\u00f4tes de la ville de Puerto Lim\u00f3n au Costa Rica, il a \u00e9t\u00e9 retrouv\u00e9 sans vie et identifi\u00e9 par la police nationale costaricienne dimanche apr\u00e8s-midi. \u00ab\u00a0La cause officielle du d\u00e9c\u00e8s est l&rsquo;asphyxie\u00a0\u00bb, informe ABC News. Malcolm-Jamal Warner \u00e9tait connu pour le r\u00f4le de <a href=\"https:\/\/www.programme-tv.net\/news\/series-tv\/118679-cosby-show-que-deviennent-les-acteurs-de-la-serie-photos\/\" data-api-deeplink=\"teleloisirs:\/\/news\/118679\" target=\"_blank\" rel=\"noopener\">Theo Huxtable dans Cosby Show<\/a> et plus r\u00e9cemment dans celui du <a href=\"https:\/\/www.programme-tv.net\/news\/series-tv\/274177-malcolm-jamal-warner-the-resident-les-fans-daustin-et-dokafor-devraient-avoir-une-bonne-surprise-dans-la-saison-4\/\" data-api-deeplink=\"teleloisirs:\/\/news\/274177\" target=\"_blank\" rel=\"noopener\">Dr AJ Austin, un chirurgien cardiothoracique <\/a>dans<a href=\"https:\/\/www.programme-tv.net\/news\/series-tv\/323724-the-resident-tf1-cade-kaley-ronayne-va-t-elle-mourir\/\" data-api-deeplink=\"teleloisirs:\/\/news\/323724\" target=\"_blank\" rel=\"noopener\"> la s\u00e9rie The Resident, diffus\u00e9e sur TF1<\/a>. Il laisse derri\u00e8re lui une femme et une fille.<\/p>\n<p>Mort de Malcolm-Jamal Warner : les acteurs de The Resident lui rendent hommage<\/p>\n<p>La nouvelle de la mort de Malcolm-Jamal Warner a boulevers\u00e9 ses fans mais aussi ceux qui ont crois\u00e9 sa route. Shaunette Ren\u00e9e Wilson, qui a interpr\u00e9t\u00e9 le Dr Mina Okafor dans The Resident, a post\u00e9 un hommage touchant sur Instagram. \u00ab\u00a0J&rsquo;ai le c\u0153ur bris\u00e9. Tu \u00e9tais un ami si cher pour moi. Je suis de tout c\u0153ur avec la famille et les proches qu&rsquo;il laisse derri\u00e8re lui. Je n&rsquo;arrive pas \u00e0 concevoir le chagrin que cause une telle trag\u00e9die. Repose en paix, Malcolm. C&rsquo;\u00e9tait une joie d&rsquo;\u00eatre Mina pour ton AJ. Tu me manqueras terriblement\u00a0\u00bb, a-t-elle \u00e9crit. <a href=\"https:\/\/www.programme-tv.net\/news\/evenement\/disney-plus-streaming\/271386-the-resident-tf1-que-est-morris-chestnut-dr-cain-le-nouveau-de-la-saison-3\/\" data-api-deeplink=\"teleloisirs:\/\/news\/271386\" target=\"_blank\" rel=\"noopener\">Morris Chestnut (Barrett Cain dans The Resident)<\/a> a \u00e9galement partag\u00e9 son chagrin. \u00ab\u00a0J&rsquo;ai le c\u0153ur bris\u00e9 d&rsquo;apprendre le d\u00e9c\u00e8s de Malcolm-Jamal Warner. Travailler \u00e0 ses c\u00f4t\u00e9s sur The Resident a \u00e9t\u00e9 un honneur. Il apportait tant de profondeur, de chaleur et de sagesse \u00e0 chaque sc\u00e8ne et \u00e0 chaque conversation. L&rsquo;un des plus gentils du m\u00e9tier. Repose en paix, mon fr\u00e8re\u00a0\u00bb, a-t-il regrett\u00e9.<\/p>\n<p>                        Aneesha Joshi (Padma Devi dans The Resident) boulevers\u00e9e par la disparition de Malcolm-Jamel Warner<\/p>\n<p>Aneesha Joshi, l&rsquo;actrice qui a jou\u00e9 Padma Devi dans The Resident, a aussi r\u00e9agi \u00e0 la disparition tragique de Malcolm-Jamel Warner. Son personnage avait eu deux enfants, Elijah et Arjun Austin, avec le Dr Austin dans la saison 6 de la s\u00e9rie. \u00ab\u00a0Je n&rsquo;oublierai jamais\u00a0\u00bb, a-t-elle sobrement \u00e9crit dans sa story Instagram.<\/p>\n<blockquote class=\"instagram-media\" data-instgrm-captioned=\"\" data-instgrm-permalink=\"https:\/\/www.instagram.com\/p\/DMYaBpORvQy\/?utm_source=ig_embed&amp;utm_campaign=loading\" data-instgrm-version=\"14\" style=\" background:#FFF; border:0; border-radius:3px; box-shadow:0 0 1px 0 rgba(0,0,0,0.5),0 1px 10px 0 rgba(0,0,0,0.15); margin: 1px; max-width:658px; min-width:326px; padding:0; width:99.375%; width:-webkit-calc(100% - 2px); width:calc(100% - 2px);\"\/>\n<blockquote class=\"instagram-media\" data-instgrm-captioned=\"\" data-instgrm-permalink=\"https:\/\/www.instagram.com\/p\/DMYVf8jx19F\/?utm_source=ig_embed&amp;utm_campaign=loading\" data-instgrm-version=\"14\" style=\" background:#FFF; border:0; border-radius:3px; box-shadow:0 0 1px 0 rgba(0,0,0,0.5),0 1px 10px 0 rgba(0,0,0,0.15); margin: 1px; max-width:658px; min-width:326px; padding:0; width:99.375%; width:-webkit-calc(100% - 2px); width:calc(100% - 2px);\"\/>\n<p>        <script async src=\"\/\/www.instagram.com\/embed.js\"><\/script><\/p>\n","protected":false},"excerpt":{"rendered":"Malcolm-Jamal Warner, acteur am\u00e9ricain connu pour ses r\u00f4les dans les s\u00e9ries Cosby Show et The Resident, est d\u00e9c\u00e9d\u00e9&hellip;\n","protected":false},"author":2,"featured_media":264220,"comment_status":"","ping_status":"","sticky":false,"template":"","format":"standard","meta":{"footnotes":""},"categories":[1359],"tags":[1409,244,58,59,1011,27,18,973,40375,40371,40373,40372,40374],"class_list":{"0":"post-264219","1":"post","2":"type-post","3":"status-publish","4":"format-standard","5":"has-post-thumbnail","7":"category-people","8":"tag-bande-annonce","9":"tag-commentaire","10":"tag-divertissement","11":"tag-entertainment","12":"tag-fr","13":"tag-france","14":"tag-mort","15":"tag-people","16":"tag-the-resident","17":"tag-the-resident-272024-0910-pm-tf1","18":"tag-the-resident-272024-1000-pm-tf1","19":"tag-the-resident-272024-1050-pm-tf1","20":"tag-the-resident-saison-6-52127001"},"share_on_mastodon":{"url":"https:\/\/pubeurope.com\/@fr\/114893220980311911","error":""},"_links":{"self":[{"href":"https:\/\/www.europesays.com\/fr\/wp-json\/wp\/v2\/posts\/264219","targetHints":{"allow":["GET"]}}],"collection":[{"href":"https:\/\/www.europesays.com\/fr\/wp-json\/wp\/v2\/posts"}],"about":[{"href":"https:\/\/www.europesays.com\/fr\/wp-json\/wp\/v2\/types\/post"}],"author":[{"embeddable":true,"href":"https:\/\/www.europesays.com\/fr\/wp-json\/wp\/v2\/users\/2"}],"replies":[{"embeddable":true,"href":"https:\/\/www.europesays.com\/fr\/wp-json\/wp\/v2\/comments?post=264219"}],"version-history":[{"count":0,"href":"https:\/\/www.europesays.com\/fr\/wp-json\/wp\/v2\/posts\/264219\/revisions"}],"wp:featuredmedia":[{"embeddable":true,"href":"https:\/\/www.europesays.com\/fr\/wp-json\/wp\/v2\/media\/264220"}],"wp:attachment":[{"href":"https:\/\/www.europesays.com\/fr\/wp-json\/wp\/v2\/media?parent=264219"}],"wp:term":[{"taxonomy":"category","embeddable":true,"href":"https:\/\/www.europesays.com\/fr\/wp-json\/wp\/v2\/categories?post=264219"},{"taxonomy":"post_tag","embeddable":true,"href":"https:\/\/www.europesays.com\/fr\/wp-json\/wp\/v2\/tags?post=264219"}],"curies":[{"name":"wp","href":"https:\/\/api.w.org\/{rel}","templated":true}]}}