{"id":264225,"date":"2025-07-21T20:58:10","date_gmt":"2025-07-21T20:58:10","guid":{"rendered":"https:\/\/www.europesays.com\/fr\/264225\/"},"modified":"2025-07-21T20:58:10","modified_gmt":"2025-07-21T20:58:10","slug":"adrien-secret-story-fini-la-tele-sa-decision-est-categorique","status":"publish","type":"post","link":"https:\/\/www.europesays.com\/fr\/264225\/","title":{"rendered":"Adrien (Secret Story) : fini la t\u00e9l\u00e9, sa d\u00e9cision est cat\u00e9gorique"},"content":{"rendered":"<p>      R\u00e9sum\u00e9<\/p>\n<p>Adrien, r\u00e9cemment \u00e9limin\u00e9 de Secret Story, annonce qu&rsquo;il ne souhaite pas poursuivre dans la t\u00e9l\u00e9-r\u00e9alit\u00e9 et envisage de se lancer dans le secteur de la mode.<\/p>\n<p>        Sommaire<\/p>\n<p>Sera-t-il possible de <a href=\"https:\/\/www.public.fr\/adrien-secret-story-apres-son-elimination-ses-revelations-exclusives-sur-sa-soeur-cachee-sa-famille-en-danger\" target=\"_blank\" rel=\"noopener\">retrouver Adrien<\/a> dans <strong>La Villa des Coeurs Bris\u00e9s<\/strong>, <strong>Les Cinquante<\/strong>, ou encore <strong>Les Apprentis Aventuriers<\/strong>, apr\u00e8s <strong><a href=\"https:\/\/www.public.fr\/tag\/secret-story\" target=\"_blank\" rel=\"noopener\">Secret Story<\/a> <\/strong>? Visiblement non. En effet, le principal int\u00e9ress\u00e9 a r\u00e9cemment accord\u00e9 un entretien \u00e0 <a href=\"https:\/\/tvmag.lefigaro.fr\/programme-tv\/actu-tele\/ca-m-a-fait-des-haut-le-coeur-adrien-elimine-de-secret-story-20250718\" target=\"_blank\" rel=\"noopener\">TV Mag<\/a>, dans lequel il indique ne pas \u00eatre int\u00e9ress\u00e9 par d\u2019autres \u00e9missions de t\u00e9l\u00e9-r\u00e9alit\u00e9.<\/p>\n<p>Un entretien accord\u00e9 \u00e0 nos confr\u00e8res, quelques heures seulement apr\u00e8s sa sortie de la maison des secrets. En effet, jeudi dernier, c\u2019est bel et bien l\u2019homme qui a appris l\u2019existence de sa soeur \u00e0 l\u2019\u00e2ge de 16 ans, et la jeune femme avec qui il a connu une romance de quelques jours dans l\u2019aventure, Pimprenelle, qui ont quitt\u00e9 l\u2019aventure.<\/p>\n<p>Au cours du prime de jeudi dernier, Ethan, <a href=\"https:\/\/www.public.fr\/je-ten-supplie-les-adieux-dechirants-entre-mayer-et-romy-dans-secret-story-enfin-devoiles\" target=\"_blank\" rel=\"noopener\">Mayer,<\/a> Constance, ainsi qu\u2019Adrien et Pimprenelle, faisaient partie des nomin\u00e9s. Les deux derniers ont re\u00e7u le moins de votes de la part du public et ont donc quitt\u00e9 <a href=\"https:\/\/vsd.fr\/tag\/secret-story\/\" target=\"_blank\" rel=\"noopener\"><strong>Secret Story<\/strong>.\u00a0<\/a><\/p>\n<p>L\u2019occasion pour les ex-tourtereaux d\u2019encha\u00eener les interviewes et revenir sur leur aventure qui a dur\u00e9 plusieurs semaines. Enferm\u00e9 pendant de nombreux jours, l\u2019homme ayant d\u00e9couvert l\u2019existence de sa soeur \u00e0 l\u2019\u00e2ge de 16 ans a indiqu\u00e9 \u00e0 TV Mag de quelle mani\u00e8re il avait v\u00e9cu l\u2019enfermement.\u00a0<\/p>\n<p>\u00ab\u00a0Les \u00e9motions se retrouvent d\u00e9cupl\u00e9es. On monte tr\u00e8s haut et on redescend tr\u00e8s bas en peu de temps. C\u2019est le principe de l\u2019enfermement et de l\u2019immersion dans &lsquo;Secret Story&rsquo;. On \u00e9tait clairement comme des rois dans une \u00e9norme maison et magnifique maison avec beaucoup de choses \u00e0 notre disposition. On ne manquait de rien\u00a0\u00bb, a-t-il confi\u00e9 \u00e0 nos confr\u00e8res.<\/p>\n<p>Apr\u00e8s \u00ab\u00a0Secret Story\u00a0\u00bb, fini la t\u00e9l\u00e9r\u00e9alit\u00e9<\/p>\n<p>Apr\u00e8s cette premi\u00e8re exp\u00e9rience dans la t\u00e9l\u00e9-r\u00e9alit\u00e9 en participant \u00e0 <strong>Secret Story<\/strong>, Adrien ne ressent toutefois pas l\u2019envie de participer \u00e0 d\u2019autres programmes. M\u00eame des \u00e9missions dans lesquelles il ne resterait pas enferm\u00e9, telle que <strong>les Apprentis Aventuriers<\/strong> par exemple. \u00a0<\/p>\n<p>\u00ab\u00a0Pas du tout. <strong>\u2018Secret Story\u2019 sera la seule et unique \u00e9mission \u00e0 laquelle je participerai<\/strong> parce qu\u2019elle me ressemblait \u00e9norm\u00e9ment pour mon secret et pour le jeu qu\u2019elle repr\u00e9sente\u00a0\u00bb, a-t-il en effet assur\u00e9 \u00e0 TV Mag avant de marteler : <strong>\u00ab\u00a0Les autres ne m\u2019int\u00e9ressent pas\u00a0\u00bb<\/strong>.<\/p>\n<p>Visiblement, m\u00eame s\u2019il ne souhaite pas poursuivre sa carri\u00e8re dans la t\u00e9l\u00e9-r\u00e9alit\u00e9, il aurait d\u00e9j\u00e0 une id\u00e9e bien pr\u00e9cise de ses futures projets. <strong>\u00ab\u00a0J\u2019aimerais me lancer dans la mode\u00a0\u00bb<\/strong>, a en effet confi\u00e9 l\u2019ancien r\u00e9sident de la maison des secrets. Reste \u00e0 savoir si nous pourrons le d\u00e9couvrir lors d\u2019une prochaine Fashion Week.\u00a0<\/p>\n<p>      Mentionn\u00e9s dans cet article<\/p>\n<p>\u00c0 lire aussi<\/p>\n","protected":false},"excerpt":{"rendered":"R\u00e9sum\u00e9 Adrien, r\u00e9cemment \u00e9limin\u00e9 de Secret Story, annonce qu&rsquo;il ne souhaite pas poursuivre dans la t\u00e9l\u00e9-r\u00e9alit\u00e9 et envisage&hellip;\n","protected":false},"author":2,"featured_media":264226,"comment_status":"","ping_status":"","sticky":false,"template":"","format":"standard","meta":{"footnotes":""},"categories":[1356],"tags":[58,59,1011,27,29901,252,1364],"class_list":{"0":"post-264225","1":"post","2":"type-post","3":"status-publish","4":"format-standard","5":"has-post-thumbnail","7":"category-television","8":"tag-divertissement","9":"tag-entertainment","10":"tag-fr","11":"tag-france","12":"tag-secret-story","13":"tag-television","14":"tag-tv"},"share_on_mastodon":{"url":"https:\/\/pubeurope.com\/@fr\/114893232768566319","error":""},"_links":{"self":[{"href":"https:\/\/www.europesays.com\/fr\/wp-json\/wp\/v2\/posts\/264225","targetHints":{"allow":["GET"]}}],"collection":[{"href":"https:\/\/www.europesays.com\/fr\/wp-json\/wp\/v2\/posts"}],"about":[{"href":"https:\/\/www.europesays.com\/fr\/wp-json\/wp\/v2\/types\/post"}],"author":[{"embeddable":true,"href":"https:\/\/www.europesays.com\/fr\/wp-json\/wp\/v2\/users\/2"}],"replies":[{"embeddable":true,"href":"https:\/\/www.europesays.com\/fr\/wp-json\/wp\/v2\/comments?post=264225"}],"version-history":[{"count":0,"href":"https:\/\/www.europesays.com\/fr\/wp-json\/wp\/v2\/posts\/264225\/revisions"}],"wp:featuredmedia":[{"embeddable":true,"href":"https:\/\/www.europesays.com\/fr\/wp-json\/wp\/v2\/media\/264226"}],"wp:attachment":[{"href":"https:\/\/www.europesays.com\/fr\/wp-json\/wp\/v2\/media?parent=264225"}],"wp:term":[{"taxonomy":"category","embeddable":true,"href":"https:\/\/www.europesays.com\/fr\/wp-json\/wp\/v2\/categories?post=264225"},{"taxonomy":"post_tag","embeddable":true,"href":"https:\/\/www.europesays.com\/fr\/wp-json\/wp\/v2\/tags?post=264225"}],"curies":[{"name":"wp","href":"https:\/\/api.w.org\/{rel}","templated":true}]}}