{"id":264238,"date":"2025-07-21T21:05:11","date_gmt":"2025-07-21T21:05:11","guid":{"rendered":"https:\/\/www.europesays.com\/fr\/264238\/"},"modified":"2025-07-21T21:05:11","modified_gmt":"2025-07-21T21:05:11","slug":"stellantis-annonce-une-perte-de-23-milliards-deuros-pour-le-premier-semestre-2025","status":"publish","type":"post","link":"https:\/\/www.europesays.com\/fr\/264238\/","title":{"rendered":"Stellantis annonce une perte de 2,3\u00a0milliards d\u2019euros pour le premier semestre 2025"},"content":{"rendered":"<p>Le g\u00e9ant de l\u2019automobile Stellantis vient d\u2019annoncer les r\u00e9sultats pr\u00e9liminaires de son premier semestre 2025, une semaine avant l\u2019annonce des r\u00e9sultats consolid\u00e9s pr\u00e9vue le mardi 29\u00a0juillet.\u00a0Le premier trimestre avait d\u00e9j\u00e0 dessin\u00e9 une tendance, avec un chiffre d\u2019affaires en baisse de 14\u00a0% par rapport \u00e0 l\u2019ann\u00e9e pr\u00e9c\u00e9dente, mais elle s\u2019est confirm\u00e9e \u00e0 mi-parcours.<\/p>\n<p>L&rsquo;effet des nouveaux tarifs douaniers am\u00e9ricains<\/p>\n<p>Le groupe issu de la fusion de PSA et Fiat Chrysler annonce cette fois une perte nette de 2,3\u00a0milliards d\u2019euros pour le premier semestre. Il annonce 1,4\u00a0million de ventes au terme du deuxi\u00e8me trimestre de l\u2019ann\u00e9e, soit \u00ab\u00a0une baisse de 6\u00a0% en glissement annuel\u00a0\u00bb, pr\u00e9cise le communiqu\u00e9 de presse de Stellantis, qui met en avant les causes de cette forte baisse\u00a0: les mesures prises par l\u2019entreprise pour am\u00e9liorer ses r\u00e9sultats qui n\u2019en sont qu\u2019\u00e0 un stade pr\u00e9liminaire, ou encore les premiers effets des nouveaux tarifs douaniers am\u00e9ricains.<\/p>\n<p>Pour rappel, Stellantis <a href=\"https:\/\/www.estrepublicain.fr\/economie\/2025\/02\/26\/des-resultats-financiers-2024-en-forte-baisse-chez-stellantis\" target=\"_blank\" rel=\"noopener\">avait annonc\u00e9, en 2024<\/a> , un chiffre d\u2019affaires en baisse (17\u00a0%) en plus d\u2019un r\u00e9sultat op\u00e9rationnel (-64\u00a0%) et des b\u00e9n\u00e9fices (-70\u00a0%) en chute.<\/p>\n","protected":false},"excerpt":{"rendered":"Le g\u00e9ant de l\u2019automobile Stellantis vient d\u2019annoncer les r\u00e9sultats pr\u00e9liminaires de son premier semestre 2025, une semaine avant&hellip;\n","protected":false},"author":2,"featured_media":264239,"comment_status":"","ping_status":"","sticky":false,"template":"","format":"standard","meta":{"footnotes":""},"categories":[6],"tags":[646,35,14188,8026,33,34,10332,14383,14384,8698,1011,27,329,693,11058,3456,14187],"class_list":{"0":"post-264238","1":"post","2":"type-post","3":"status-publish","4":"format-standard","5":"has-post-thumbnail","7":"category-economie","8":"tag-automobile","9":"tag-business","10":"tag-ca-pays-de-montbeliard-agglomeration-25b1","11":"tag-doubs","12":"tag-economie","13":"tag-economy","14":"tag-edition-belfort-hericourt-montbeliard","15":"tag-edition-besancon","16":"tag-edition-pontarlier-haut-doubs","17":"tag-edition-vesoul-haute-saone","18":"tag-fr","19":"tag-france","20":"tag-france-monde","21":"tag-industrie","22":"tag-region-franche-comte","23":"tag-region-lorraine","24":"tag-sochaux"},"share_on_mastodon":{"url":"https:\/\/pubeurope.com\/@fr\/114893260341129600","error":""},"_links":{"self":[{"href":"https:\/\/www.europesays.com\/fr\/wp-json\/wp\/v2\/posts\/264238","targetHints":{"allow":["GET"]}}],"collection":[{"href":"https:\/\/www.europesays.com\/fr\/wp-json\/wp\/v2\/posts"}],"about":[{"href":"https:\/\/www.europesays.com\/fr\/wp-json\/wp\/v2\/types\/post"}],"author":[{"embeddable":true,"href":"https:\/\/www.europesays.com\/fr\/wp-json\/wp\/v2\/users\/2"}],"replies":[{"embeddable":true,"href":"https:\/\/www.europesays.com\/fr\/wp-json\/wp\/v2\/comments?post=264238"}],"version-history":[{"count":0,"href":"https:\/\/www.europesays.com\/fr\/wp-json\/wp\/v2\/posts\/264238\/revisions"}],"wp:featuredmedia":[{"embeddable":true,"href":"https:\/\/www.europesays.com\/fr\/wp-json\/wp\/v2\/media\/264239"}],"wp:attachment":[{"href":"https:\/\/www.europesays.com\/fr\/wp-json\/wp\/v2\/media?parent=264238"}],"wp:term":[{"taxonomy":"category","embeddable":true,"href":"https:\/\/www.europesays.com\/fr\/wp-json\/wp\/v2\/categories?post=264238"},{"taxonomy":"post_tag","embeddable":true,"href":"https:\/\/www.europesays.com\/fr\/wp-json\/wp\/v2\/tags?post=264238"}],"curies":[{"name":"wp","href":"https:\/\/api.w.org\/{rel}","templated":true}]}}