{"id":264251,"date":"2025-07-21T21:12:19","date_gmt":"2025-07-21T21:12:19","guid":{"rendered":"https:\/\/www.europesays.com\/fr\/264251\/"},"modified":"2025-07-21T21:12:19","modified_gmt":"2025-07-21T21:12:19","slug":"entree-en-lice-reussie-pour-le-nanceien-amir-khaled-jousselin","status":"publish","type":"post","link":"https:\/\/www.europesays.com\/fr\/264251\/","title":{"rendered":"entr\u00e9e en lice r\u00e9ussie pour le Nanc\u00e9ien Amir Khaled-Jousselin"},"content":{"rendered":"<p>Mondiaux U19<\/p>\n<p>Au\u00a0Caire (EGY)<\/p>\n<p>L\u2019\u00e9preuve plan\u00e9taire s\u2019est ouverte ce lundi avec les 64es de finale. Un tour de chauffe pour Amir Khaled-Jousselin qui n\u2019a pas eu \u00e0 forcer son talent pour \u00e9carter le Norv\u00e9gien Philip K\u00f6nig. Le Nanc\u00e9ien s\u2019est ais\u00e9ment impos\u00e9 en trois manches s\u00e8ches 11-0, 11-0, 11-1.<\/p>\n<p>Ce mardi, en 32e de finale, le soci\u00e9taire du Squash du R\u00eave retrouvera sur sa route l\u2019Australien Kasper Cheung qui a eu besoin de cinq sets pour se d\u00e9barrasser du Hollandais Victor Santos de Freitas au 1er \u00a0tour.<\/p>\n<p>S\u2019il se qualifie, c\u2019est surtout \u00e0 partir des huiti\u00e8mes de finale que les affaires risquent de se corser pour la jeune p\u00e9pite nanc\u00e9ienne qui a f\u00eat\u00e9 ses 17 ans en mai. Le tirage au sort a en effet mis sur sa route l\u2019\u00c9gyptien Mohamed Zakaria (17 ans lui aussi et d\u00e9j\u00e0 14e mondial\u00a0!), tenant du titre et v\u00e9ritable \u00e9pouvantail de la comp\u00e9tition.<\/p>\n","protected":false},"excerpt":{"rendered":"Mondiaux U19 Au\u00a0Caire (EGY) L\u2019\u00e9preuve plan\u00e9taire s\u2019est ouverte ce lundi avec les 64es de finale. Un tour de&hellip;\n","protected":false},"author":2,"featured_media":264252,"comment_status":"","ping_status":"","sticky":false,"template":"","format":"standard","meta":{"footnotes":""},"categories":[9635],"tags":[1111,11,1704,1777,674,107,1701,1011,27,775,9648,10061,1702,1703,12,25,517,1700],"class_list":{"0":"post-264251","1":"post","2":"type-post","3":"status-publish","4":"format-standard","5":"has-post-thumbnail","7":"category-nancy","8":"tag-actu","9":"tag-actualites","10":"tag-edition-nancy-et-agglomeration","11":"tag-eu","12":"tag-europe","13":"tag-fil-info","14":"tag-fil-info-sport","15":"tag-fr","16":"tag-france","17":"tag-grand-est","18":"tag-jarville-la-malgrange","19":"tag-maxeville","20":"tag-nancy","21":"tag-nancy-ville-54b","22":"tag-news","23":"tag-republique-francaise","24":"tag-sport","25":"tag-sport-lorrain"},"share_on_mastodon":{"url":"https:\/\/pubeurope.com\/@fr\/114893287883710105","error":""},"_links":{"self":[{"href":"https:\/\/www.europesays.com\/fr\/wp-json\/wp\/v2\/posts\/264251","targetHints":{"allow":["GET"]}}],"collection":[{"href":"https:\/\/www.europesays.com\/fr\/wp-json\/wp\/v2\/posts"}],"about":[{"href":"https:\/\/www.europesays.com\/fr\/wp-json\/wp\/v2\/types\/post"}],"author":[{"embeddable":true,"href":"https:\/\/www.europesays.com\/fr\/wp-json\/wp\/v2\/users\/2"}],"replies":[{"embeddable":true,"href":"https:\/\/www.europesays.com\/fr\/wp-json\/wp\/v2\/comments?post=264251"}],"version-history":[{"count":0,"href":"https:\/\/www.europesays.com\/fr\/wp-json\/wp\/v2\/posts\/264251\/revisions"}],"wp:featuredmedia":[{"embeddable":true,"href":"https:\/\/www.europesays.com\/fr\/wp-json\/wp\/v2\/media\/264252"}],"wp:attachment":[{"href":"https:\/\/www.europesays.com\/fr\/wp-json\/wp\/v2\/media?parent=264251"}],"wp:term":[{"taxonomy":"category","embeddable":true,"href":"https:\/\/www.europesays.com\/fr\/wp-json\/wp\/v2\/categories?post=264251"},{"taxonomy":"post_tag","embeddable":true,"href":"https:\/\/www.europesays.com\/fr\/wp-json\/wp\/v2\/tags?post=264251"}],"curies":[{"name":"wp","href":"https:\/\/api.w.org\/{rel}","templated":true}]}}