{"id":264260,"date":"2025-07-21T21:17:14","date_gmt":"2025-07-21T21:17:14","guid":{"rendered":"https:\/\/www.europesays.com\/fr\/264260\/"},"modified":"2025-07-21T21:17:14","modified_gmt":"2025-07-21T21:17:14","slug":"un-nouveau-lieu-a-barentin-pour-redynamiser-la-zone-commerciale","status":"publish","type":"post","link":"https:\/\/www.europesays.com\/fr\/264260\/","title":{"rendered":"un nouveau lieu \u00e0 Barentin pour redynamiser la zone commerciale"},"content":{"rendered":"<p>            Par<br \/>\n        <strong><br \/>\n            <a href=\"https:\/\/actu.fr\/auteur\/laredaction\" title=\"Consulter tous les articles de R\u00e9daction Normandie\" rel=\"nofollow noopener\" target=\"_blank\">R\u00e9daction Normandie<\/a><br \/>\n        <\/strong><\/p>\n<p>        Publi\u00e9 le<\/p>\n<p>            21 juil. 2025 \u00e0 18h12        <\/p>\n<p><strong>Un lieu \u00ab\u00a0festif et convivial\u00a0\u00bb pour se divertir apr\u00e8s le travail<\/strong> s\u2019implante dans la zone commerciale de <a href=\"https:\/\/actu.fr\/normandie\/barentin_76057\" rel=\"nofollow noopener\" target=\"_blank\">Barentin<\/a>, non loin de Rouen. Situ\u00e9 dans les anciens locaux de Salon Center, \u00e0 c\u00f4t\u00e9 d\u2019Armand Thiery, <strong>un bar \u00e0 bi\u00e8res de la franchise My Beers<\/strong> va bient\u00f4t ouvrir ses portes. Les travaux sont toujours en cours mais la date d\u2019ouverture est esp\u00e9r\u00e9e \u00ab\u00a0aux alentours du 6 ao\u00fbt\u00a0\u00bb, selon les propri\u00e9taires.<\/p>\n<p>My Beers, un concept hybride<\/p>\n<p class=\" wall-content\">\u00ab\u00a0Avec mon mari on avait envie de travailler ensemble ; on a trouv\u00e9 la franchise My Beers qui correspondait absolument \u00e0 ce que l\u2019on recherchait\u00a0\u00bb, indique Christelle Alvelos, co-propri\u00e9taire de l\u2019\u00e9tablissement. My Beers propose un \u00ab\u00a0concept hybride\u00a0\u00bb avec u<strong>ne cave\/bar \u00e0 bi\u00e8re mais \u00e9galement une partie restauration<\/strong> o\u00f9 une dizaine de hamburgers sont propos\u00e9s au public. \u00c0 Barentin, <strong>plus de 400 r\u00e9f\u00e9rences de bi\u00e8res<\/strong> seront alors \u00e0 retrouver ainsi qu\u2019une dizaine de tirages de pression.<\/p>\n<p class=\" wall-content\">\u00ab\u00a0Ce qui est original dans My Beers ce sont <strong>les soir\u00e9es after works et \u00e9v\u00e9nementielles<\/strong> notamment pour Halloween ou Oktoberfest, la f\u00eate de la bi\u00e8re. Tout est bon pour faire la f\u00eate\u00a0\u00bb, poursuit la g\u00e9rante. Ainsi, l\u2019\u00e9tablissement organisera tous les mardis des ap\u00e9ros quiz, des bi\u00e8res-pongs tous les jeudis, mais \u00e9galement des soir\u00e9es fl\u00e9chettes.<\/p>\n<p>Redynamiser la zone commerciale<\/p>\n<p class=\" wall-content\">Quel public est attendu dans ce bar \u00e0 bi\u00e8res ? \u00ab\u00a0C\u2019est ouvert \u00e0 tout le monde, <strong>tout le monde pourra trouver sa place<\/strong>, c\u2019est tr\u00e8s convivial. Les personnes de 20 ans \u00e0 79 ans voire 99 ans sont les bienvenues\u00a0\u00bb, nous affirme Christelle Alvelos, en plaisantant.<\/p>\n<p class=\" wall-content\">Selon la co-propri\u00e9taire des lieux, l\u2019installation de My Beers est un v\u00e9ritable atout pour la zone commerciale. \u00ab\u00a0\u00c7a fait deux ans qu\u2019on cherche des locaux, on a eu beaucoup de mal \u00e0 trouver. [\u2026] Pour \u00eatre honn\u00eate, <strong>la zone de Barentin a besoin d\u2019\u00eatre redynamis\u00e9e<\/strong>. Le maire a aim\u00e9 notre concept et je pense qu\u2019on va pouvoir redynamiser la zone.\u00a0\u00bb<\/p>\n<p>Vid\u00e9os : en ce moment sur Actu<\/p>\n<p class=\" wall-content\">Les g\u00e9rants esp\u00e8rent attirer ainsi les employ\u00e9s de la zone commerciale sur la case du midi. \u00ab\u00a0Les voisins [de la zone commerciale] attendent notre ouverture avec impatience, tout le monde commence \u00e0 en parler. On vise la case du midi car on pense qu\u2019il y a un potentiel.\u00a0\u00bb<\/p>\n<p>    <img   decoding=\"async\" loading=\"lazy\" src=\"https:\/\/www.europesays.com\/fr\/wp-content\/uploads\/2025\/07\/my-beers-barentin-bar-biere-burger-2-960x640.jpg\" alt=\"Un aper\u00e7u de ce \u00e0 quoi ressemblera My Beers \u00e0 Barentin.\" width=\"960\" height=\"640\"\/><br \/>\n    Un aper\u00e7u de ce \u00e0 quoi ressemblera My Beers \u00e0 Barentin. (\u00a9My Beers)<\/p>\n<p>My Beers Rouen-Barentin, 24 boulevard de Westphalie, 76360 Barentin.<\/p>\n<p>Suivez l\u2019actualit\u00e9 de Rouen <a href=\"https:\/\/www.whatsapp.com\/channel\/0029VaKfnf99hXF2ddApFB1D\" rel=\"nofollow noopener\" target=\"_blank\">sur notre cha\u00eene WhatsApp<\/a> et <a href=\"https:\/\/www.tiktok.com\/@76actu.fr?lang=fr\" rel=\"nofollow noopener\" target=\"_blank\">sur notre compte TikTok<\/a><\/p>\n<p class=\" wall-content\"><strong>Noah Dumaine<\/strong><\/p>\n<p class=\" wall-content\">Suivez toute l\u2019actualit\u00e9 de vos villes et m\u00e9dias favoris en vous inscrivant \u00e0 <a href=\"https:\/\/moncompte.actu.fr\" title=\"D\u00e9couvez Mon Actu\" rel=\"nofollow noopener\" data-trk=\"{&quot;cta&quot;:{&quot;action&quot;:&quot;https:\\\/\\\/moncompte.actu.fr&quot;,&quot;category&quot;:&quot;mon compte&quot;,&quot;from&quot;:&quot;article footer&quot;,&quot;name&quot;:&quot;Mon actu&quot;,&quot;type&quot;:&quot;cta&quot;}}\" target=\"_blank\">Mon Actu<\/a>.<\/p>\n<ul class=\"ac-article-tag wall-content\">\n<li><a href=\"https:\/\/actu.fr\/tag\/biere\" data-trk=\"{&quot;cta&quot;:{&quot;action&quot;:&quot;Bi\\u00e8re&quot;,&quot;category&quot;:&quot;tag&quot;,&quot;from&quot;:&quot;article footer&quot;,&quot;name&quot;:&quot;Bi\\u00e8re&quot;,&quot;type&quot;:&quot;cta&quot;}}\" rel=\"nofollow noopener\" target=\"_blank\">#Bi\u00e8re<\/a><\/li>\n<li><a href=\"https:\/\/actu.fr\/tag\/nouveaux-commerces\" data-trk=\"{&quot;cta&quot;:{&quot;action&quot;:&quot;Nouveaux commerces&quot;,&quot;category&quot;:&quot;tag&quot;,&quot;from&quot;:&quot;article footer&quot;,&quot;name&quot;:&quot;Nouveaux commerces&quot;,&quot;type&quot;:&quot;cta&quot;}}\" rel=\"nofollow noopener\" target=\"_blank\">#Nouveaux commerces<\/a><\/li>\n<\/ul>\n<p>                    <script async src=\"\/\/www.tiktok.com\/embed.js\"><\/script><\/p>\n","protected":false},"excerpt":{"rendered":"Par R\u00e9daction Normandie Publi\u00e9 le 21 juil. 2025 \u00e0 18h12 Un lieu \u00ab\u00a0festif et convivial\u00a0\u00bb pour se divertir&hellip;\n","protected":false},"author":2,"featured_media":264261,"comment_status":"","ping_status":"","sticky":false,"template":"","format":"standard","meta":{"footnotes":""},"categories":[9587],"tags":[1111,11,7722,1777,674,1011,27,1652,12,5161,3147,25,9590],"class_list":{"0":"post-264260","1":"post","2":"type-post","3":"status-publish","4":"format-standard","5":"has-post-thumbnail","7":"category-rouen","8":"tag-actu","9":"tag-actualites","10":"tag-biere","11":"tag-eu","12":"tag-europe","13":"tag-fr","14":"tag-france","15":"tag-loisirs-culture","16":"tag-news","17":"tag-normandie","18":"tag-nouveaux-commerces","19":"tag-republique-francaise","20":"tag-rouen"},"share_on_mastodon":{"url":"https:\/\/pubeurope.com\/@fr\/114893307494438117","error":""},"_links":{"self":[{"href":"https:\/\/www.europesays.com\/fr\/wp-json\/wp\/v2\/posts\/264260","targetHints":{"allow":["GET"]}}],"collection":[{"href":"https:\/\/www.europesays.com\/fr\/wp-json\/wp\/v2\/posts"}],"about":[{"href":"https:\/\/www.europesays.com\/fr\/wp-json\/wp\/v2\/types\/post"}],"author":[{"embeddable":true,"href":"https:\/\/www.europesays.com\/fr\/wp-json\/wp\/v2\/users\/2"}],"replies":[{"embeddable":true,"href":"https:\/\/www.europesays.com\/fr\/wp-json\/wp\/v2\/comments?post=264260"}],"version-history":[{"count":0,"href":"https:\/\/www.europesays.com\/fr\/wp-json\/wp\/v2\/posts\/264260\/revisions"}],"wp:featuredmedia":[{"embeddable":true,"href":"https:\/\/www.europesays.com\/fr\/wp-json\/wp\/v2\/media\/264261"}],"wp:attachment":[{"href":"https:\/\/www.europesays.com\/fr\/wp-json\/wp\/v2\/media?parent=264260"}],"wp:term":[{"taxonomy":"category","embeddable":true,"href":"https:\/\/www.europesays.com\/fr\/wp-json\/wp\/v2\/categories?post=264260"},{"taxonomy":"post_tag","embeddable":true,"href":"https:\/\/www.europesays.com\/fr\/wp-json\/wp\/v2\/tags?post=264260"}],"curies":[{"name":"wp","href":"https:\/\/api.w.org\/{rel}","templated":true}]}}