{"id":264269,"date":"2025-07-21T21:24:18","date_gmt":"2025-07-21T21:24:18","guid":{"rendered":"https:\/\/www.europesays.com\/fr\/264269\/"},"modified":"2025-07-21T21:24:18","modified_gmt":"2025-07-21T21:24:18","slug":"elephant-bleu-devient-sponsor-majeur-du-racing-alsasports","status":"publish","type":"post","link":"https:\/\/www.europesays.com\/fr\/264269\/","title":{"rendered":"\u00c9l\u00e9phant Bleu devient sponsor majeur du Racing \u2014 Alsa&rsquo;Sports"},"content":{"rendered":"<p><strong>Le Racing Club de Strasbourg a annonc\u00e9 ce lundi l\u2019identit\u00e9 d\u2019un nouveau sponsor majeur : \u00c9l\u00e9phant Bleu. <\/strong><\/p>\n<p>Le leader des stations de lavage auto en France, \u00c9l\u00e9phant Bleu, a sign\u00e9 ce lundi un partenariat liant l\u2019entreprise au Racing Club de Strasbourg pour les deux prochaines saisons. \u00c9l\u00e9phant Bleu devient sponsor majeur du club et la marque appara\u00eetra sur les \u00e9quipements de l\u2019\u00e9quipe premi\u00e8re masculine d\u00e8s cette saison.<\/p>\n<p>\u00ab\u00a0Le mariage entre cette entreprise pr\u00e9curseur du lavage automobile et le Racing sonnait comme une \u00e9vidence. Et l\u2019\u00e9l\u00e9phant ne pouvait qu\u2019\u00eatre bleu, la couleur principale de l\u2019\u00e9quipe depuis presque un si\u00e8cle. \u00c9l\u00e9phant bleu et le Racing partagent des valeurs essentielles. Depuis plus de trente ans, le leader des stations en France s\u2019engage dans un lavage respectueux de l\u2019environnement, o\u00f9 95 % de l\u2019eau est r\u00e9cup\u00e9r\u00e9e et restitu\u00e9e en station d\u2019\u00e9puration. Le Racing, en partenariat avec les collectivit\u00e9s, a fait du futur Stade de la Meinau r\u00e9nov\u00e9 un mod\u00e8le d\u2019\u00e9conomie circulaire\u00a0\u00bb, peut-on lire sur le communiqu\u00e9 du Racing.  <\/p>\n","protected":false},"excerpt":{"rendered":"Le Racing Club de Strasbourg a annonc\u00e9 ce lundi l\u2019identit\u00e9 d\u2019un nouveau sponsor majeur : \u00c9l\u00e9phant Bleu. Le&hellip;\n","protected":false},"author":2,"featured_media":264270,"comment_status":"","ping_status":"","sticky":false,"template":"","format":"standard","meta":{"footnotes":""},"categories":[2820],"tags":[1111,11,1777,674,1011,27,775,12,4448,25,640],"class_list":{"0":"post-264269","1":"post","2":"type-post","3":"status-publish","4":"format-standard","5":"has-post-thumbnail","7":"category-strasbourg","8":"tag-actu","9":"tag-actualites","10":"tag-eu","11":"tag-europe","12":"tag-fr","13":"tag-france","14":"tag-grand-est","15":"tag-news","16":"tag-rc-strasbourg","17":"tag-republique-francaise","18":"tag-strasbourg"},"share_on_mastodon":{"url":"https:\/\/pubeurope.com\/@fr\/114893334974022004","error":""},"_links":{"self":[{"href":"https:\/\/www.europesays.com\/fr\/wp-json\/wp\/v2\/posts\/264269","targetHints":{"allow":["GET"]}}],"collection":[{"href":"https:\/\/www.europesays.com\/fr\/wp-json\/wp\/v2\/posts"}],"about":[{"href":"https:\/\/www.europesays.com\/fr\/wp-json\/wp\/v2\/types\/post"}],"author":[{"embeddable":true,"href":"https:\/\/www.europesays.com\/fr\/wp-json\/wp\/v2\/users\/2"}],"replies":[{"embeddable":true,"href":"https:\/\/www.europesays.com\/fr\/wp-json\/wp\/v2\/comments?post=264269"}],"version-history":[{"count":0,"href":"https:\/\/www.europesays.com\/fr\/wp-json\/wp\/v2\/posts\/264269\/revisions"}],"wp:featuredmedia":[{"embeddable":true,"href":"https:\/\/www.europesays.com\/fr\/wp-json\/wp\/v2\/media\/264270"}],"wp:attachment":[{"href":"https:\/\/www.europesays.com\/fr\/wp-json\/wp\/v2\/media?parent=264269"}],"wp:term":[{"taxonomy":"category","embeddable":true,"href":"https:\/\/www.europesays.com\/fr\/wp-json\/wp\/v2\/categories?post=264269"},{"taxonomy":"post_tag","embeddable":true,"href":"https:\/\/www.europesays.com\/fr\/wp-json\/wp\/v2\/tags?post=264269"}],"curies":[{"name":"wp","href":"https:\/\/api.w.org\/{rel}","templated":true}]}}