{"id":264275,"date":"2025-07-21T21:27:18","date_gmt":"2025-07-21T21:27:18","guid":{"rendered":"https:\/\/www.europesays.com\/fr\/264275\/"},"modified":"2025-07-21T21:27:18","modified_gmt":"2025-07-21T21:27:18","slug":"trois-vehicules-et-une-depanneuse-derobes-dans-un-garage-pres-de-nantes","status":"publish","type":"post","link":"https:\/\/www.europesays.com\/fr\/264275\/","title":{"rendered":"Trois v\u00e9hicules et une d\u00e9panneuse d\u00e9rob\u00e9s dans un garage pr\u00e8s de Nantes"},"content":{"rendered":"<p>Un garage de Saint-S\u00e9bastien-sur-Loire (Loire-Atlantique) a subi, dans la nuit du samedi\u00a019 au dimanche 20\u00a0juillet, un cambriolage. <strong>\u00ab\u00a0Plusieurs mod\u00e8les ont \u00e9t\u00e9 d\u00e9rob\u00e9s\u00a0: deux 208, un 3008 neuf et une d\u00e9panneuse estampill\u00e9e\u00a0\u00bb<\/strong>, explique le propri\u00e9taire du garage.<\/p>\n<p>Ce dernier accuse encore le coup. <strong>\u00ab\u00a0On a d\u00e9j\u00e0 eu des soucis sur des v\u00e9hicules \u00e0 l\u2019ext\u00e9rieur mais c\u2019est la premi\u00e8re fois que l\u2019on subit un probl\u00e8me avec des v\u00e9hicules gar\u00e9s \u00e0 l\u2019int\u00e9rieur.\u00a0\u00bb<\/strong><\/p>\n<p>Le pr\u00e9judice n\u2019a pas encore \u00e9t\u00e9 \u00e9valu\u00e9 mais <strong>\u00ab\u00a0une plainte a \u00e9t\u00e9 d\u00e9pos\u00e9e\u00a0\u00bb<\/strong>, indique-t-il. Une enqu\u00eate est en cours.<\/p>\n<p>\u00a0<\/p>\n","protected":false},"excerpt":{"rendered":"Un garage de Saint-S\u00e9bastien-sur-Loire (Loire-Atlantique) a subi, dans la nuit du samedi\u00a019 au dimanche 20\u00a0juillet, un cambriolage. \u00ab\u00a0Plusieurs&hellip;\n","protected":false},"author":2,"featured_media":264276,"comment_status":"","ping_status":"","sticky":false,"template":"","format":"standard","meta":{"footnotes":""},"categories":[2818],"tags":[1111,11,40378,40379,1777,674,1011,27,27351,766,12,2636,3762,25,7727],"class_list":{"0":"post-264275","1":"post","2":"type-post","3":"status-publish","4":"format-standard","5":"has-post-thumbnail","7":"category-nantes","8":"tag-actu","9":"tag-actualites","10":"tag-depanneuse","11":"tag-derobes","12":"tag-eu","13":"tag-europe","14":"tag-fr","15":"tag-france","16":"tag-garage","17":"tag-nantes","18":"tag-news","19":"tag-pays-de-la-loire","20":"tag-pres","21":"tag-republique-francaise","22":"tag-vehicules"},"share_on_mastodon":{"url":"https:\/\/pubeurope.com\/@fr\/114893346839127846","error":""},"_links":{"self":[{"href":"https:\/\/www.europesays.com\/fr\/wp-json\/wp\/v2\/posts\/264275","targetHints":{"allow":["GET"]}}],"collection":[{"href":"https:\/\/www.europesays.com\/fr\/wp-json\/wp\/v2\/posts"}],"about":[{"href":"https:\/\/www.europesays.com\/fr\/wp-json\/wp\/v2\/types\/post"}],"author":[{"embeddable":true,"href":"https:\/\/www.europesays.com\/fr\/wp-json\/wp\/v2\/users\/2"}],"replies":[{"embeddable":true,"href":"https:\/\/www.europesays.com\/fr\/wp-json\/wp\/v2\/comments?post=264275"}],"version-history":[{"count":0,"href":"https:\/\/www.europesays.com\/fr\/wp-json\/wp\/v2\/posts\/264275\/revisions"}],"wp:featuredmedia":[{"embeddable":true,"href":"https:\/\/www.europesays.com\/fr\/wp-json\/wp\/v2\/media\/264276"}],"wp:attachment":[{"href":"https:\/\/www.europesays.com\/fr\/wp-json\/wp\/v2\/media?parent=264275"}],"wp:term":[{"taxonomy":"category","embeddable":true,"href":"https:\/\/www.europesays.com\/fr\/wp-json\/wp\/v2\/categories?post=264275"},{"taxonomy":"post_tag","embeddable":true,"href":"https:\/\/www.europesays.com\/fr\/wp-json\/wp\/v2\/tags?post=264275"}],"curies":[{"name":"wp","href":"https:\/\/api.w.org\/{rel}","templated":true}]}}