{"id":264281,"date":"2025-07-21T21:30:21","date_gmt":"2025-07-21T21:30:21","guid":{"rendered":"https:\/\/www.europesays.com\/fr\/264281\/"},"modified":"2025-07-21T21:30:21","modified_gmt":"2025-07-21T21:30:21","slug":"dalain-juppe-a-francois-hollande-les-hommages-se-multiplient-autour-de-lex-maire-de-merignac","status":"publish","type":"post","link":"https:\/\/www.europesays.com\/fr\/264281\/","title":{"rendered":"d\u2019Alain Jupp\u00e9 \u00e0 Fran\u00e7ois Hollande, les hommages se multiplient autour de l\u2019ex-maire de M\u00e9rignac"},"content":{"rendered":"<p>Le socialiste Alain Anziani, maire de M\u00e9rignac durant plus d\u2019une d\u00e9cennie et pr\u00e9sident de la m\u00e9tropole bordelaise entre 2020 et 2024, est d\u00e9c\u00e9d\u00e9 d\u2019un cancer, samedi, \u00e0 l\u2019\u00e2ge de 74 ans.<\/p>\n<p class=\"fig-paragraph\"><a href=\"http:\/\/www.lefigaro.fr\/bordeaux\/pres-de-bordeaux-cette-ville-a-gauche-depuis-le-seconde-guerre-mondiale-pourrait-basculer-lors-des-municipales-de-2026-20250623\" data-fig-type=\"NewsFlash\" data-gtm-custom-categorie=\"navigation\" data-gtm-custom-action=\"crossclick\" data-gtm-custom-label=\"Contextuel\" data-gtm-event=\"customEventSPE\" data-fig-domain=\"LEFIGARO\" target=\"_blank\" rel=\"noopener\">Fief de la gauche depuis la Seconde Guerre mondiale<\/a>, la ville de M\u00e9rignac a perdu l\u2019un de ses illustres maires,\u00a0<a href=\"http:\/\/www.lefigaro.fr\/bordeaux\/succession-calendrier-ce-qu-il-faut-savoir-apres-la-demission-d-alain-anziani-president-de-bordeaux-metropole-20240304\" data-fig-type=\"NewsFlash\" data-gtm-custom-categorie=\"navigation\" data-gtm-custom-action=\"crossclick\" data-gtm-custom-label=\"Contextuel\" data-gtm-event=\"customEventSPE\" data-fig-domain=\"LEFIGARO\" target=\"_blank\" rel=\"noopener\">Alain Anziani<\/a>, \u00e2g\u00e9 de 74 ans, ce samedi. L\u2019ancien s\u00e9nateur laisse derri\u00e8re lui sa femme, B\u00e9atrice, et leurs deux enfants. Le socialiste, qui a administr\u00e9 durant 11 ans sa commune (2014-2025) et pr\u00e9sid\u00e9 Bordeaux M\u00e9tropole entre 2020 et 2024, souffrait d\u2019un cancer. Un hommage lui a \u00e9t\u00e9 rendu ce lundi midi sur le parvis de l\u2019H\u00f4tel de Ville, qu\u2019il avait d\u00fb quitter \u00e0 regret. \u00abJe fais ce que je dois faire, j\u2019ai le sentiment du devoir accompli\u00bb, confiait le septuag\u00e9naire au\u00a0<a href=\"http:\/\/www.lefigaro.fr\/bordeaux\/frappe-par-la-maladie-le-maire-de-merignac-alain-anziani-annonce-sa-demission-20250326\" data-fig-type=\"NewsFlash\" data-gtm-custom-categorie=\"navigation\" data-gtm-custom-action=\"crossclick\" data-gtm-custom-label=\"Contextuel\" data-gtm-event=\"customEventSPE\" data-fig-domain=\"LEFIGARO\" target=\"_blank\" rel=\"noopener\">Figaro\u00a0<\/a>au lendemain de sa d\u00e9mission le 27 mars dernier.<\/p>\n<p class=\"fig-paragraph\">La classe politique locale s\u2019est unie pour louer la m\u00e9moire d\u2019un homme d\u00e9vou\u00e9 \u00e0 sa passion pour la politique. \u00abJe souffre, car je perds plus qu\u2019un ami: je perds un fr\u00e8re. J\u2019ai toujours \u00e9t\u00e9 admiratif de sa profondeur de pens\u00e9e, sa grande culture, sa capacit\u00e9 \u00e0 rester sto\u00efque en toutes situations, politiques et personnelles\u00bb, a d\u00e9clar\u00e9\u00a0<a href=\"http:\/\/www.lefigaro.fr\/bordeaux\/le-socialiste-alain-rousset-president-de-la-nouvelle-aquitaine-vise-par-une-procedure-judiciaire-apres-une-plainte-d-anticor-20250716\" data-fig-type=\"NewsFlash\" data-gtm-custom-categorie=\"navigation\" data-gtm-custom-action=\"crossclick\" data-gtm-custom-label=\"Contextuel\" data-gtm-event=\"customEventSPE\" data-fig-domain=\"LEFIGARO\" target=\"_blank\" rel=\"noopener\">Alain Rousset<\/a>, le pr\u00e9sident de la Nouvelle-Aquitaine depuis 1998, qui avait rencontr\u00e9 le d\u00e9funt durant leurs ann\u00e9es universitaires \u00e0 Ch\u00e2tenay-Malabry (Hauts-de-Seine). Pierre Hurmic, l<a href=\"http:\/\/www.lefigaro.fr\/bordeaux\/environnement-securite-endettement-quel-est-le-bilan-du-maire-ecologiste-pierre-hurmic-cinq-ans-apres-son-election-a-bordeaux-20250704\" data-fig-type=\"NewsFlash\" data-gtm-custom-categorie=\"navigation\" data-gtm-custom-action=\"crossclick\" data-gtm-custom-label=\"Contextuel\" data-gtm-event=\"customEventSPE\" data-fig-domain=\"LEFIGARO\" target=\"_blank\" rel=\"noopener\">e maire \u00e9cologiste de Bordeaux<\/a>, a partag\u00e9 \u00abtristesse, respect et estime\u00bb en saluant la m\u00e9moire d\u2019un homme dont les \u00abconvictions fortes n\u2019alt\u00e9raient en rien sa capacit\u00e9 \u00e0 dialoguer\u00bb.<\/p>\n<p>                                    <a class=\"fig-a11y-skip a11y-hidden\" href=\"#fig-a11y-skip-main-inarticle\"><br \/>\n        Passer la publicit\u00e9<br \/>\n    <\/a><\/p>\n<p>Un esprit r\u00e9publicain<\/p>\n<p class=\"fig-paragraph\">Connu pour \u00eatre attir\u00e9 par le bouddhisme, Alain Anziani est aussi d\u00e9crit par ses pairs comme un homme politique dont le temp\u00e9rament exhalait la s\u00e9r\u00e9nit\u00e9. L\u2019antenne du parti socialiste de la Gironde, que l\u2019homme politique a dirig\u00e9 de 1993 \u00e0 2008, loue quant \u00e0 elle \u00abson courage\u00bb et sa \u00abloyaut\u00e9\u00bb. Deux qualit\u00e9s \u00e9galement soulign\u00e9es par le pr\u00e9fet de la Gironde, \u00c9tienne Guyot, qui a rendu hommage a \u00abun homme de grande droiture\u00bb tr\u00e8s attach\u00e9 au territoire bordelais.\u00a0Depuis Toulouse<strong>, <\/strong>le maire Jean-Luc Moudenc, a lui aussi salu\u00e9 \u00abson esprit r\u00e9publicain et constructif\u00bb.<\/p>\n<p class=\"fig-paragraph\">La ministre du Tourisme et s\u00e9natrice Nathalie Delattre souligne \u00abson \u0153uvre sans rel\u00e2che pour son territoire, avec efficacit\u00e9, dignit\u00e9 et humilit\u00e9\u00bb; tandis que l\u2019ancien maire de Bordeaux, Alain Jupp\u00e9 a confi\u00e9 \u00e0 nos confr\u00e8res de Sud Ouest \u00absa tr\u00e8s sinc\u00e8re estime et son amiti\u00e9 malgr\u00e9 leurs divergences politiques\u00bb envers Alain Anziani. Plusieurs d\u00e9put\u00e9s de la Gironde et des Landes, tels que Pascal Lavergne, Boris Vallaud et Thomas Cazenave, ont soulign\u00e9 \u00able combat courageux contre la maladie\u00bb de l\u2019homme politique. Le d\u00e9put\u00e9 europ\u00e9en Pierre Jouvet abonde \u00e0 leurs propos en saluant la m\u00e9moire d\u2019un de \u00abces \u00e9lus comme on en rencontre peu en politique avec une vision, une rigueur, une droiture, une profondeur d\u2019analyse et de conviction\u00bb.<\/p>\n<p class=\"fig-paragraph\">Depuis Paris, le PS a \u00e9galement r\u00e9agi \u00e0 travers les voix d\u2019Olivier Faure ou encore de Fran\u00e7ois Hollande. \u00abSon h\u00e9ritage est immense\u00bb, souligne ainsi le premier ; tandis que le second a d\u00e9clar\u00e9\u00a0: \u00abC\u2019est un grand \u00e9lu qui dispara\u00eet, mais aussi un militant qui s\u2019efface pour devenir un exemple pour les g\u00e9n\u00e9rations suivantes.\u00bb<\/p>\n","protected":false},"excerpt":{"rendered":"Le socialiste Alain Anziani, maire de M\u00e9rignac durant plus d\u2019une d\u00e9cennie et pr\u00e9sident de la m\u00e9tropole bordelaise entre&hellip;\n","protected":false},"author":2,"featured_media":264282,"comment_status":"","ping_status":"","sticky":false,"template":"","format":"standard","meta":{"footnotes":""},"categories":[2817],"tags":[1111,11,1997,3983,1777,674,1011,27,12,2219,316,25],"class_list":{"0":"post-264281","1":"post","2":"type-post","3":"status-publish","4":"format-standard","5":"has-post-thumbnail","7":"category-bordeaux","8":"tag-actu","9":"tag-actualites","10":"tag-bordeaux","11":"tag-deces","12":"tag-eu","13":"tag-europe","14":"tag-fr","15":"tag-france","16":"tag-news","17":"tag-nouvelle-aquitaine","18":"tag-politique","19":"tag-republique-francaise"},"share_on_mastodon":{"url":"https:\/\/pubeurope.com\/@fr\/114893358561648034","error":""},"_links":{"self":[{"href":"https:\/\/www.europesays.com\/fr\/wp-json\/wp\/v2\/posts\/264281","targetHints":{"allow":["GET"]}}],"collection":[{"href":"https:\/\/www.europesays.com\/fr\/wp-json\/wp\/v2\/posts"}],"about":[{"href":"https:\/\/www.europesays.com\/fr\/wp-json\/wp\/v2\/types\/post"}],"author":[{"embeddable":true,"href":"https:\/\/www.europesays.com\/fr\/wp-json\/wp\/v2\/users\/2"}],"replies":[{"embeddable":true,"href":"https:\/\/www.europesays.com\/fr\/wp-json\/wp\/v2\/comments?post=264281"}],"version-history":[{"count":0,"href":"https:\/\/www.europesays.com\/fr\/wp-json\/wp\/v2\/posts\/264281\/revisions"}],"wp:featuredmedia":[{"embeddable":true,"href":"https:\/\/www.europesays.com\/fr\/wp-json\/wp\/v2\/media\/264282"}],"wp:attachment":[{"href":"https:\/\/www.europesays.com\/fr\/wp-json\/wp\/v2\/media?parent=264281"}],"wp:term":[{"taxonomy":"category","embeddable":true,"href":"https:\/\/www.europesays.com\/fr\/wp-json\/wp\/v2\/categories?post=264281"},{"taxonomy":"post_tag","embeddable":true,"href":"https:\/\/www.europesays.com\/fr\/wp-json\/wp\/v2\/tags?post=264281"}],"curies":[{"name":"wp","href":"https:\/\/api.w.org\/{rel}","templated":true}]}}