{"id":264292,"date":"2025-07-21T21:36:15","date_gmt":"2025-07-21T21:36:15","guid":{"rendered":"https:\/\/www.europesays.com\/fr\/264292\/"},"modified":"2025-07-21T21:36:15","modified_gmt":"2025-07-21T21:36:15","slug":"roberto-de-zerbi-marseille-est-lendroit-ideal-pour-moi-france-olympique-de-marseille","status":"publish","type":"post","link":"https:\/\/www.europesays.com\/fr\/264292\/","title":{"rendered":"Roberto De Zerbi : \u00ab\u00a0Marseille est l&rsquo;endroit id\u00e9al pour moi\u202f\u202f\u00bb &#8211; France &#8211; Olympique de Marseille"},"content":{"rendered":"<p>Le grand oral.<\/p>\n<p>Dans un long entretien accord\u00e9 \u00e0 <a target=\"_blank\" href=\"https:\/\/www.lequipe.fr\/Football\/Article\/Grand-recit--c-est-en-vacances-que-je-suis-stresse-l-hyperactif-roberto-de-zerbi-presse-de-vivre-sa-deuxieme-saison-a-l-om\/1579740\" rel=\"nofollow noopener\">L\u2019\u00c9quipe<\/a>, Roberto De Zerbi, l\u2019entra\u00eeneur de l\u2019Olympique de Marseille, a commenc\u00e9 par clamer son amour pour le club phoc\u00e9en : \u00ab\u202f<strong>Marseille est l\u2019endroit id\u00e9al pour moi, la ville, la passion pour le foot, c\u2019est fait pour moi<\/strong>, a assur\u00e9 le technicien italien. Je peux le dire avec fiert\u00e9, parce que c\u2019est la v\u00e9rit\u00e9, l\u2019OM, je l\u2019ai voulu tr\u00e8s fort. Je suis n\u00e9 en 1979, je suivais le foot au d\u00e9but des ann\u00e9es 90, et je me souviens tr\u00e8s bien de l\u2019OM de la finale de Ligue des champions (1991 et 1993), de l\u2019OM de\u00a0(Chris)\u00a0Waddle, qui est le joueur qui m\u2019a attach\u00e9 \u00e0 ce club. Quand j\u2019avais Max Lopez \u00e0 Sassuolo, on parlait toujours de Marseille. <strong>Je voulais ce club parce qu\u2019il m\u2019est tr\u00e8s similaire dans la conception du foot. Il vit pour le foot, il vit d\u2019exc\u00e8s, de hauts et de bas.<\/strong>\u00a0\u202f\u00bb<\/p>\n<p>\u00ab\u202fJe ne dis pas que le PSG est plus grand que l\u2019OM\u202f\u00a0\u00bb<\/p>\n<p>Le premier entra\u00eeneur de l\u2019OM \u00e0 avoir encha\u00een\u00e9 deux saisons cons\u00e9cutives sur le banc en cinq ans est ensuite revenu sur la pression pour ses joueurs de jouer au V\u00e9lodrome avant de revenir sur la rivalit\u00e9 entre l\u2019OM et le PSG : \u00ab\u202f<strong>Nous voulons rivaliser avec Paris mieux que ce que nous avons fait la saison derni\u00e8re. Je ne dis pas que le PSG est plus grand que l\u2019OM. Je dis qu\u2019ils ont eu jusqu\u2019\u00e0 maintenant plus de force que l\u2019OM.<\/strong> Ce n\u2019est pas moi qui le dis, a point\u00e9 De Zerbi. Le Classico, c\u2019est Juve-Inter, sur dix rencontres, quatre victoires de l\u2019Inter, cinq de la Juve, et un nul. Le Classique, PSG-OM, sur 23 matches, 19 victoires de Paris, 3 nuls et une victoire de l\u2019OM\u202f\u00bb<\/p>\n<p>Factuel.<\/p>\n<p>\t\t\t\t\t\t\t\t\t\t<a class=\"lien-connexe\" href=\"https:\/\/www.sofoot.com\/breves\/amical-lolympique-de-marseille-accroche-par-un-club-belge\" rel=\"nofollow noopener\" target=\"_blank\">L&rsquo;Olympique de Marseille accroch\u00e9 par un club belge<\/a>\t\t\t\t\t<\/p>\n","protected":false},"excerpt":{"rendered":"Le grand oral. Dans un long entretien accord\u00e9 \u00e0 L\u2019\u00c9quipe, Roberto De Zerbi, l\u2019entra\u00eeneur de l\u2019Olympique de Marseille,&hellip;\n","protected":false},"author":2,"featured_media":264293,"comment_status":"","ping_status":"","sticky":false,"template":"","format":"standard","meta":{"footnotes":""},"categories":[2814],"tags":[1111,47,11,61,69,65,64,1777,674,63,1011,27,68,66,884,12,62,70,882,25,67],"class_list":{"0":"post-264292","1":"post","2":"type-post","3":"status-publish","4":"format-standard","5":"has-post-thumbnail","7":"category-marseille","8":"tag-actu","9":"tag-actualite","10":"tag-actualites","11":"tag-actus-football","12":"tag-bundesliga","13":"tag-championnats-europeens","14":"tag-equipe-de-france","15":"tag-eu","16":"tag-europe","17":"tag-football","18":"tag-fr","19":"tag-france","20":"tag-ligua","21":"tag-ligue-1","22":"tag-marseille","23":"tag-news","24":"tag-news-foot","25":"tag-premier-league","26":"tag-provence-alpes-cote-dazur","27":"tag-republique-francaise","28":"tag-serie-a"},"share_on_mastodon":{"url":"https:\/\/pubeurope.com\/@fr\/114893382137717170","error":""},"_links":{"self":[{"href":"https:\/\/www.europesays.com\/fr\/wp-json\/wp\/v2\/posts\/264292","targetHints":{"allow":["GET"]}}],"collection":[{"href":"https:\/\/www.europesays.com\/fr\/wp-json\/wp\/v2\/posts"}],"about":[{"href":"https:\/\/www.europesays.com\/fr\/wp-json\/wp\/v2\/types\/post"}],"author":[{"embeddable":true,"href":"https:\/\/www.europesays.com\/fr\/wp-json\/wp\/v2\/users\/2"}],"replies":[{"embeddable":true,"href":"https:\/\/www.europesays.com\/fr\/wp-json\/wp\/v2\/comments?post=264292"}],"version-history":[{"count":0,"href":"https:\/\/www.europesays.com\/fr\/wp-json\/wp\/v2\/posts\/264292\/revisions"}],"wp:featuredmedia":[{"embeddable":true,"href":"https:\/\/www.europesays.com\/fr\/wp-json\/wp\/v2\/media\/264293"}],"wp:attachment":[{"href":"https:\/\/www.europesays.com\/fr\/wp-json\/wp\/v2\/media?parent=264292"}],"wp:term":[{"taxonomy":"category","embeddable":true,"href":"https:\/\/www.europesays.com\/fr\/wp-json\/wp\/v2\/categories?post=264292"},{"taxonomy":"post_tag","embeddable":true,"href":"https:\/\/www.europesays.com\/fr\/wp-json\/wp\/v2\/tags?post=264292"}],"curies":[{"name":"wp","href":"https:\/\/api.w.org\/{rel}","templated":true}]}}