{"id":264296,"date":"2025-07-21T21:38:17","date_gmt":"2025-07-21T21:38:17","guid":{"rendered":"https:\/\/www.europesays.com\/fr\/264296\/"},"modified":"2025-07-21T21:38:17","modified_gmt":"2025-07-21T21:38:17","slug":"metropole-de-lyon-pourquoi-la-metropole-de-lyon-investit-23-millions-deuros-dans-la-station-depuration-de-meyzieu","status":"publish","type":"post","link":"https:\/\/www.europesays.com\/fr\/264296\/","title":{"rendered":"M\u00e9tropole de Lyon. Pourquoi la M\u00e9tropole de Lyon investit 23\u00a0millions d\u2019euros dans la station d\u2019\u00e9puration de Meyzieu"},"content":{"rendered":"<p>La station de traitement des eaux us\u00e9es de Meyzieu a commenc\u00e9 \u00e0 conna\u00eetre un profond lifting, pour 23,2\u00a0millions d\u2019euros. La somme peut sembler \u00e9norme pour un \u00e9quipement auquel personne ne pense.<\/p>\n<p>Pourtant, ce lundi 21\u00a0juillet, au moment de pr\u00e9senter les travaux lanc\u00e9s en juin \u2013 livraison courant 2028 \u2013, la vice-pr\u00e9sidente de la M\u00e9tropole de Lyon, Anne Grosperrin, insiste sur l\u2019importance de ce lieu cach\u00e9 en bordure du canal de Jonage\u00a0; l\u2019une des douze stations de traitement des eaux us\u00e9es du Grand Lyon.<\/p>\n<p>Nicolas Alban, directeur local de l\u2019agence de l\u2019eau souligne aussi que \u00ab\u00a0le grand public ignore souvent ces \u00e9quipements publics\u00a0\u00bb. \u00ab\u00a0Je ne suis pas s\u00fbr que les habitants de Meyzieu&#8230;<\/p>\n","protected":false},"excerpt":{"rendered":"La station de traitement des eaux us\u00e9es de Meyzieu a commenc\u00e9 \u00e0 conna\u00eetre un profond lifting, pour 23,2\u00a0millions&hellip;\n","protected":false},"author":2,"featured_media":264297,"comment_status":"","ping_status":"","sticky":false,"template":"","format":"standard","meta":{"footnotes":""},"categories":[1889],"tags":[1111,11,2430,4749,33,3152,436,1777,674,1011,27,2428,12497,12,18283,25,2429],"class_list":{"0":"post-264296","1":"post","2":"type-post","3":"status-publish","4":"format-standard","5":"has-post-thumbnail","7":"category-lyon","8":"tag-actu","9":"tag-actualites","10":"tag-auvergne-rhone-alpes","11":"tag-btp-et-chantiers","12":"tag-economie","13":"tag-edition-est-lyonnais","14":"tag-environnement","15":"tag-eu","16":"tag-europe","17":"tag-fr","18":"tag-france","19":"tag-lyon","20":"tag-meyzieu","21":"tag-news","22":"tag-plaine-de-lest","23":"tag-republique-francaise","24":"tag-rhone"},"share_on_mastodon":{"url":"https:\/\/pubeurope.com\/@fr\/114893390000512932","error":""},"_links":{"self":[{"href":"https:\/\/www.europesays.com\/fr\/wp-json\/wp\/v2\/posts\/264296","targetHints":{"allow":["GET"]}}],"collection":[{"href":"https:\/\/www.europesays.com\/fr\/wp-json\/wp\/v2\/posts"}],"about":[{"href":"https:\/\/www.europesays.com\/fr\/wp-json\/wp\/v2\/types\/post"}],"author":[{"embeddable":true,"href":"https:\/\/www.europesays.com\/fr\/wp-json\/wp\/v2\/users\/2"}],"replies":[{"embeddable":true,"href":"https:\/\/www.europesays.com\/fr\/wp-json\/wp\/v2\/comments?post=264296"}],"version-history":[{"count":0,"href":"https:\/\/www.europesays.com\/fr\/wp-json\/wp\/v2\/posts\/264296\/revisions"}],"wp:featuredmedia":[{"embeddable":true,"href":"https:\/\/www.europesays.com\/fr\/wp-json\/wp\/v2\/media\/264297"}],"wp:attachment":[{"href":"https:\/\/www.europesays.com\/fr\/wp-json\/wp\/v2\/media?parent=264296"}],"wp:term":[{"taxonomy":"category","embeddable":true,"href":"https:\/\/www.europesays.com\/fr\/wp-json\/wp\/v2\/categories?post=264296"},{"taxonomy":"post_tag","embeddable":true,"href":"https:\/\/www.europesays.com\/fr\/wp-json\/wp\/v2\/tags?post=264296"}],"curies":[{"name":"wp","href":"https:\/\/api.w.org\/{rel}","templated":true}]}}