{"id":264298,"date":"2025-07-21T21:41:13","date_gmt":"2025-07-21T21:41:13","guid":{"rendered":"https:\/\/www.europesays.com\/fr\/264298\/"},"modified":"2025-07-21T21:41:13","modified_gmt":"2025-07-21T21:41:13","slug":"ukraine-paris-continuera-daider-kiev-assure-jean-noel-barrot-apres-sa-rencontre-avec-zelensky","status":"publish","type":"post","link":"https:\/\/www.europesays.com\/fr\/264298\/","title":{"rendered":"Ukraine : Paris \u00ab\u00a0continuera\u00a0\u00bb d&rsquo;aider Kiev, assure Jean-No\u00ebl Barrot apr\u00e8s sa rencontre avec Zelensky"},"content":{"rendered":"<ul class=\"jsx-862013697 ArticleChapo__List\">\n<li class=\"jsx-862013697 ArticleChapo__List_Item flex\">Le ministre fran\u00e7ais des Affaires \u00e9trang\u00e8res, Jean-No\u00ebl Barrot, s&rsquo;est entretenu lundi avec le pr\u00e9sident ukrainien, Volodymyr Zelensky \u00e0 l&rsquo;occasion d&rsquo;une visite officielle \u00e0 Kiev.<\/li>\n<li class=\"jsx-862013697 ArticleChapo__List_Item flex\">M. Barrot a assur\u00e9 sur X que les Europ\u00e9ens continueront \u00ab\u00a0d&rsquo;accro\u00eetre la pression sur Vladimir Poutine\u00a0\u00bb et r\u00e9affirm\u00e9 le \u00ab\u00a0soutien ind\u00e9fectible\u00a0\u00bb de la France envers l&rsquo;Ukraine.<\/li>\n<\/ul>\n<p>Les \u00e9l\u00e9ments marquantsPROCHAINS POURPARLERS20:52<br class=\"jsx-494582681\"\/> 21 juillet 2025<\/p>\n<p>Le pr\u00e9sident ukrainien Volodymyr Zelensky a indiqu\u00e9 lundi que les prochains pourparlers de paix entre Moscou et Kiev \u00e9taient pr\u00e9vus mercredi, apr\u00e8s deux pr\u00e9c\u00e9dentes sessions \u00e0 Istanbul sans grand r\u00e9sultat pour mettre fin \u00e0 la guerre entre les deux pays.<\/p>\n<p>\u00ab\u00a0J&rsquo;ai discut\u00e9 avec (le secr\u00e9taire du Conseil de s\u00e9curit\u00e9 ukrainien) Roustem Oumerov de la pr\u00e9paration d&rsquo;un \u00e9change et d&rsquo;une nouvelle r\u00e9union en Turquie avec la partie russe. Oumerov a indiqu\u00e9 que la r\u00e9union \u00e9tait pr\u00e9vue pour mercredi\u00a0\u00bb, a d\u00e9clar\u00e9 M. Zelensky dans son adresse quotidienne diffus\u00e9e sur les r\u00e9seaux sociaux.<\/p>\n<p>Minute par minutePROCHAINS POURPARLERS20:52<br class=\"jsx-494582681\"\/> 21 juillet 2025<\/p>\n<p>Le pr\u00e9sident ukrainien Volodymyr Zelensky a indiqu\u00e9 lundi que les prochains pourparlers de paix entre Moscou et Kiev \u00e9taient pr\u00e9vus mercredi, apr\u00e8s deux pr\u00e9c\u00e9dentes sessions \u00e0 Istanbul sans grand r\u00e9sultat pour mettre fin \u00e0 la guerre entre les deux pays.<\/p>\n<p>\u00ab\u00a0J&rsquo;ai discut\u00e9 avec (le secr\u00e9taire du Conseil de s\u00e9curit\u00e9 ukrainien) Roustem Oumerov de la pr\u00e9paration d&rsquo;un \u00e9change et d&rsquo;une nouvelle r\u00e9union en Turquie avec la partie russe. Oumerov a indiqu\u00e9 que la r\u00e9union \u00e9tait pr\u00e9vue pour mercredi\u00a0\u00bb, a d\u00e9clar\u00e9 M. Zelensky dans son adresse quotidienne diffus\u00e9e sur les r\u00e9seaux sociaux.<\/p>\n<p>SANCTIONS DE P\u00c9TROLIERS 18:08<br class=\"jsx-494582681\"\/> 21 juillet 2025<\/p>\n<p>Le Royaume-Uni annonce sanctionner la \u00ab\u00a0flotte fant\u00f4me\u00a0\u00bb, utilis\u00e9e par la Russie pour exporter son p\u00e9trole. 35 p\u00e9troliers faisant partie d&rsquo;une \u00ab\u00a0flotte responsable du transport illicite de marchandises d&rsquo;une valeur de 24 milliards de dollars depuis le d\u00e9but de l&rsquo;ann\u00e9e 2024\u00a0\u00bb ont \u00e9t\u00e9 cibl\u00e9s, indique le minist\u00e8re britannique des Affaires \u00e9trang\u00e8res dans un communiqu\u00e9.\u00a0<\/p>\n<p>COULISSES DE LA FABRICATION DE DRONES17:36<br class=\"jsx-494582681\"\/> 21 juillet 2025<\/p>\n<p>La Russie a publi\u00e9 des images impressionnantes d&rsquo;une usine de drones. Des files de centaines de Geran-2 sont montr\u00e9es. L&rsquo;usine pourrait produire 170 de ces drones par jour.<\/p>\n<p>International<\/p>\n<p>VU SUR LCI<\/p>\n<p><img decoding=\"async\" src=\"https:\/\/www.europesays.com\/fr\/wp-content\/uploads\/2025\/07\/drones-russes-les-secrets-de-fabrication-283808-0@1x.jpeg\" alt=\"Une menace croissante : les coulisses de la fabrication massive de drones kamikazes russes\" loading=\"lazy\" importance=\"low\" fetchpriority=\"low\" class=\"\" aria-hidden=\"true\"\/>Publi\u00e9 aujourd&rsquo;hui \u00e0 16h36ARRESTATION D&rsquo;UN RESPONSABLE ANTI-CORRUPTION17:33<br class=\"jsx-494582681\"\/> 21 juillet 2025<\/p>\n<p>Les services de s\u00e9curit\u00e9 ukrainiens (SBU) ont annonc\u00e9 lundi l&rsquo;arrestation d&rsquo;un responsable de l&rsquo;agence charg\u00e9e de lutter contre la corruption, soup\u00e7onn\u00e9 d&rsquo;espionnage au profit de Moscou. Selon le SBU, cet employ\u00e9 du Bureau national anti-corruption (Nabu) \u00ab\u00a0travaillait dans l&rsquo;unit\u00e9 la plus \u00e9litiste et la plus secr\u00e8te\u00a0\u00bb de l&rsquo;organisation, la \u00ab\u00a0D-2\u00a0\u00bb, et \u00ab\u00a0espionnait pour le compte des services sp\u00e9ciaux russes\u00a0\u00bb.<\/p>\n<p>L&rsquo;identit\u00e9 de l&rsquo;int\u00e9ress\u00e9 n&rsquo;a pas \u00e9t\u00e9 d\u00e9voil\u00e9e. \u00a0<\/p>\n<p>Le Nabu, qui a fait l&rsquo;objet de perquisitions d&rsquo;ampleur, a annonc\u00e9 mener une \u00ab\u00a0enqu\u00eate interne\u00a0\u00bb et \u00ab\u00a0examiner la l\u00e9galit\u00e9 des mesures prises, y compris le recours \u00e0 la force contre un employ\u00e9\u00a0\u00bb, sans plus de d\u00e9tails.<\/p>\n<p>\u00ab\u00a0LA RUSSIE A \u00c9CHOU\u00c9\u00a0\u00bb15:48<br class=\"jsx-494582681\"\/> 21 juillet 2025<\/p>\n<p>\u00ab\u00a0En 2014, la Russie est entr\u00e9e en guerre dans une tentative d\u00e9sesp\u00e9r\u00e9e de freiner ce r\u00eave europ\u00e9en. Et elle a \u00e9chou\u00e9. En 2022, elle a lanc\u00e9 une invasion \u00e0 grande \u00e9chelle de l&rsquo;Ukraine pour punir ses dirigeants et faire d\u00e9railler ses efforts europ\u00e9ens. Et elle a \u00e9chou\u00e9. Son plan est vou\u00e9 \u00e0 l&rsquo;\u00e9chec, et l&rsquo;Ukraine l&#8217;emportera\u00a0\u00bb, mart\u00e8le le ministre fran\u00e7ais des Affaires \u00e9trang\u00e8res, Jean-No\u00ebl Barrot, apr\u00e8s un entretien avec Volodymyr Zelensky.\u00a0<\/p>\n<blockquote data-testid=\"EmbedTwitter\" id=\"tweet-1947291773346201635-:R3j59lkj6ij9n79m:\" class=\"jsx-aeff1a1c40f54d7a twitter-tweet flex justify-center items-center\"><p>In 2014, Russia went to war in a desperate attempt to curb this European dream. And Russia failed. In 2022, Russia launched a full-scale invasion of Ukraine to punish its leaders and derail its European efforts. And Russia failed. Russia\u2019s plan is doomed to fail, and Ukraine will\u2026  pic.twitter.com\/0KaVsD6b8x \u2014 Jean-No\u00ebl Barrot (@jnbarrot)  July 21, 2025<\/p><\/blockquote>\n<p>DIPLOMATIE FRANCE-UKRAINE 15:42<br class=\"jsx-494582681\"\/> 21 juillet 2025<\/p>\n<p>En visite pour deux jours en Ukraine, le ministre fran\u00e7ais des Affaires \u00e9trang\u00e8res, Jean-No\u00ebl Barrot, s&rsquo;est entretenu lundi avec le pr\u00e9sident ukrainien Volodymyr Zelensky. \u00c0 l&rsquo;issue de cette r\u00e9union, il a notamment assur\u00e9 que les Europ\u00e9ens continueront \u00ab\u00a0d&rsquo;accro\u00eetre la pression sur Vladimir Poutine\u00a0\u00bb et r\u00e9affirm\u00e9 le \u00ab\u00a0soutien ind\u00e9fectible\u00a0\u00bb de la France envers l&rsquo;Ukraine.\u00a0<\/p>\n<p>De son c\u00f4t\u00e9, le chef d&rsquo;\u00c9tat ukrainien a indiqu\u00e9 avoir \u00ab\u00a0discut\u00e9 du soutien en mati\u00e8re de d\u00e9fense, en particulier des moyens de d\u00e9fense antia\u00e9rienne\u00a0\u00bb et de la formation des soldats ukrainiens. Il a aussi affirm\u00e9 que \u00ab\u00a0des entreprises fran\u00e7aises ont d\u00e9cid\u00e9 de commencer \u00e0 fabriquer des drones en Ukraine\u00a0\u00bb, sans pr\u00e9ciser lesquelles.<\/p>\n<blockquote data-testid=\"EmbedTwitter\" id=\"tweet-1947281646895476942-:R3j69lkj6ij9n79m:\" class=\"jsx-aeff1a1c40f54d7a twitter-tweet flex justify-center items-center\"><p>Thank you, President Zelensky, for your trust and today\u2019s powerful exchange in Kyiv. Air defense, troop training, drone production, sanctions \u2014 France delivers, and will keep delivering. French drones will be built on Ukrainian soil: that\u2019s what sovereignty and strategic trust\u2026  https:\/\/t.co\/TVlmPvmNs3 \u2014 Jean-No\u00ebl Barrot (@jnbarrot)  July 21, 2025<\/p><\/blockquote>\n<p>LES DRONES COMME REMPART ?14:04<br class=\"jsx-494582681\"\/> 21 juillet 2025<\/p>\n<p>D\u00e9sormais produits en quantit\u00e9 industrielle par les Russes, mais aussi tr\u00e8s utilis\u00e9s par les Ukrainiens, les drones tendent \u00e0 geler les possibilit\u00e9s de progression des deux camps sur la ligne de front. C&rsquo;est ce qu&rsquo;expliquent les experts r\u00e9unis sur le plateau de LCI \u2b07\ufe0f.\u00a0<\/p>\n<p>Guerre en Ukraine : le front gel\u00e9 par les drones ?Source : TF1 Info<\/p>\n<p><img decoding=\"async\" src=\"https:\/\/www.europesays.com\/fr\/wp-content\/uploads\/2025\/07\/guerre-en-ukraine-le-front-gele-par-les-drones-d246e4-0@1x.jpeg\" alt=\"Guerre en Ukraine : le front gel\u00e9 par les drones ?\" loading=\"lazy\" importance=\"low\" fetchpriority=\"low\" class=\"\"\/><img decoding=\"async\" src=\"https:\/\/www.tf1info.fr\/images\/icons\/player-logo-play.svg\" alt=\"Logo lecture\" class=\"jsx-d0de44c05fe3042c PlayerLazyload__Play\"\/>CONCERT ANNUL\u00c913:00<br class=\"jsx-494582681\"\/> 21 juillet 2025<\/p>\n<p>Le concert pr\u00e9vu fin juillet en Italie d&rsquo;un c\u00e9l\u00e8bre chef d&rsquo;orchestre russe pro-Poutine, Valeri Guerguiev, a \u00e9t\u00e9 annul\u00e9, ont annonc\u00e9 les organisateurs.<\/p>\n<p>La direction du festival au cours duquel le maestro devait se produire \u00ab\u00a0a d\u00e9cid\u00e9 l&rsquo;annulation du concert symphonique dirig\u00e9 par Valeri Guerguiev\u00a0\u00bb, indique un communiqu\u00e9 des organisateurs, apr\u00e8s de nombreuses critiques en Italie et \u00e0 l&rsquo;\u00e9tranger.<\/p>\n<p>N\u00c9GOCIATIONS12:42<br class=\"jsx-494582681\"\/> 21 juillet 2025<\/p>\n<p>Le Kremlin s&rsquo;est dit lundi pr\u00eat \u00e0 participer \u00e0 de nouvelles n\u00e9gociations de paix avec l&rsquo;Ukraine, tout en affirmant que la date de tels pourparlers n&rsquo;avait pas encore \u00e9t\u00e9 \u00e9tablie et qu&rsquo;il faudrait \u00ab\u00a0beaucoup de travail\u00a0\u00bb pour rapprocher les positions des deux camps.\u00a0<\/p>\n<p>\u00ab\u00a0Nous sommes pour la tenue d&rsquo;un troisi\u00e8me cycle (apr\u00e8s deux rencontres infructueuses au printemps \u00e0 Istanbul, NDLR). D\u00e8s qu&rsquo;une date aura \u00e9t\u00e9 \u00e9tablie, nous vous en informerons\u00a0\u00bb, a indiqu\u00e9 le porte-parole de la pr\u00e9sidence russe, Dmitri Peskov. Samedi, le pr\u00e9sident ukrainien Volodymyr Zelensky avait propos\u00e9 \u00e0 Moscou de tenir, cette semaine, de nouveaux pourparlers de paix, actuellement dans l&rsquo;impasse.<\/p>\n<p>BARROT \u00c0 KIEV08:20<br class=\"jsx-494582681\"\/> 21 juillet 2025<\/p>\n<p>Le ministre fran\u00e7ais des Affaires \u00e9trang\u00e8res est arriv\u00e9 ce matin \u00e0 Kiev pour une visite de deux jours destin\u00e9e \u00e0 soutenir l&rsquo;Ukraine dans sa lutte contre l&rsquo;invasion russe. Jean-No\u00ebl Barrot doit rencontrer son homologue Andri\u00ef Sybiga, le pr\u00e9sident \u00a0Volodymyr Zelensky ainsi que la nouvelle Premi\u00e8re ministre, Ioulia Svyrydenko.<\/p>\n<p>USINE \u00c0 DRONES08:18<br class=\"jsx-494582681\"\/> 21 juillet 2025<\/p>\n<p>La t\u00e9l\u00e9vision russe a diffus\u00e9 un reportage sur une immense usine de production de drones \u00e0 l&rsquo;est de Moscou. Explications par Gr\u00e9gory Philipps, sur LCI \u2b07\ufe0f.<\/p>\n<p>Guerre en Ukraine : dans l&rsquo;usine \u00e0 drones russesSource : TF1 Info<\/p>\n<p><img decoding=\"async\" src=\"https:\/\/www.europesays.com\/fr\/wp-content\/uploads\/2025\/07\/guerre-en-ukraine-dans-l-usine-a-drones-russes-6e4662-0@1x.jpeg\" alt=\"Guerre en Ukraine : dans l'usine \u00e0 drones russes\" loading=\"lazy\" importance=\"low\" fetchpriority=\"low\" class=\"\"\/><img decoding=\"async\" src=\"https:\/\/www.tf1info.fr\/images\/icons\/player-logo-play.svg\" alt=\"Logo lecture\" class=\"jsx-d0de44c05fe3042c PlayerLazyload__Play\"\/>UN MORT ET DEUX BLESS\u00c9S EN UKRAINE06:28<br class=\"jsx-494582681\"\/> 21 juillet 2025<\/p>\n<p>Des frappes russes sur quatre districts de Kiev dans la nuit de dimanche \u00e0 lundi ont fait au moins un mort et deux bless\u00e9s, selon les autorit\u00e9s locales ukrainiennes, qui ont \u00e9galement fait \u00e9tat d&rsquo;un incendie dans une \u00e9cole maternelle.<\/p>\n<p>\u00ab\u00a0Malheureusement, nous disposons d&rsquo;informations sur une personne d\u00e9c\u00e9d\u00e9e \u00e0 la suite de l&rsquo;attaque\u00a0\u00bb, a indiqu\u00e9 sur Telegram le chef de l&rsquo;administration militaire de la ville de Kiev, Tymur Tkachenko, ajoutant que deux personnes avaient \u00e9t\u00e9 bless\u00e9es.<\/p>\n<p>Le maire de la capitale, Vitali Klitschko, a pour sa part indiqu\u00e9 que plusieurs incendies avaient \u00e9clat\u00e9, notamment dans une \u00e9cole maternelle du district de Dniprovsky.<\/p>\n<p>UN \u00ab\u00a0IMPACT N\u00c9GATIF GRAVE\u00a0\u00bb06:27<br class=\"jsx-494582681\"\/> 21 juillet 2025<\/p>\n<p>La Chine a d\u00e9nonc\u00e9 lundi la nouvelle salve de sanctions europ\u00e9ennes li\u00e9es \u00e0 la guerre en Ukraine, qui visent notamment des entit\u00e9s chinois, d\u00e9non\u00e7ant un \u00ab\u00a0impact n\u00e9gatif grave\u00a0\u00bb sur la relation entre la Chine et l&rsquo;Union europ\u00e9enne.<\/p>\n<p>Ces actions \u00ab\u00a0sont contraires \u00e0 l&rsquo;esprit de consensus \u00e9tabli entre les dirigeants chinois et europ\u00e9ens, et causent un impact n\u00e9gatif grave sur les relations \u00e9conomiques, commerciales et la coop\u00e9ration financi\u00e8re entre la Chine et l&rsquo;Union europ\u00e9enne\u00a0\u00bb, a d\u00e9clar\u00e9 un porte-parole du minist\u00e8re chinois du Commerce dans un communiqu\u00e9.<\/p>\n<p>La Chine a par ailleurs confirm\u00e9 lundi que les dirigeants de l&rsquo;Union europ\u00e9enne (UE) se rendraient jeudi dans le pays pour un sommet, au moment o\u00f9 les deux partenaires commerciaux cherchent \u00e0 aplanir une s\u00e9rie de diff\u00e9rends.<\/p>\n<p>BONJOUR06:26<br class=\"jsx-494582681\"\/> 21 juillet 2025<\/p>\n<p>Bienvenue dans ce direct consacr\u00e9 \u00e0 la guerre en Ukraine, d\u00e9but\u00e9e il y a plus de 3 ans apr\u00e8s l&rsquo;invasion des troupes russes de Vladimir Poutine. Suivez ici, tout au long de la journ\u00e9e, les derni\u00e8res informations, mais aussi les \u00e9clairages de nos experts et envoy\u00e9s sp\u00e9ciaux sur place.<\/p>\n<p data-module=\"article-paragraph\" class=\"jsx-3046738180 Paragraph Paragraph__End\">L&rsquo;Ukraine a propos\u00e9 \u00e0 la Russie de tenir de nouveaux pourparlers la semaine prochaine, a annonc\u00e9 samedi le pr\u00e9sident Volodymyr Zelensky, quelques jours apr\u00e8s avoir obtenu de Donald Trump la reprise des livraisons d&rsquo;armes am\u00e9ricaines.\u00a0<\/p>\n<p data-module=\"article-paragraph\" class=\"jsx-3046738180 Paragraph Paragraph__End\">Deux rencontres successives \u00e0 Istanbul entre d\u00e9l\u00e9gations russe et ukrainienne, organis\u00e9es sous la pression du pr\u00e9sident am\u00e9ricain, n&rsquo;ont gu\u00e8re apport\u00e9 d&rsquo;avanc\u00e9es sur un cessez-le-feu, ne d\u00e9bouchant que sur des \u00e9changes de prisonniers et de corps de soldats tu\u00e9s. Zelensky a indiqu\u00e9 dans son message quotidien aux Ukrainiens que le secr\u00e9taire du Conseil de s\u00e9curit\u00e9 Roustem Oumerov avait \u00ab\u00a0propos\u00e9 une nouvelle rencontre avec la partie russe la semaine prochaine\u00a0\u00bb. \u00ab\u00a0Il faut relancer les n\u00e9gociations\u00a0\u00bb, a-t-il ajout\u00e9.<\/p>\n<p>\u00ab\u00a050 jours pour n\u00e9gocier la paix\u00a0\u00bb<\/p>\n<p data-module=\"article-paragraph\" class=\"jsx-3046738180 Paragraph Paragraph__End\">Le pr\u00e9sident ukrainien s&rsquo;est aussi \u00e0 nouveau dit pr\u00eat \u00e0 n\u00e9gocier directement avec son homologue russe Vladimir Poutine. \u00ab\u00a0Une rencontre au plus haut niveau est n\u00e9cessaire pour v\u00e9ritablement assurer la paix\u00a0\u00bb, a-t-il dit. Lors des derni\u00e8res n\u00e9gociations en juin, la Russie avait \u00e0 nouveau pr\u00e9sent\u00e9 des exigences maximales, incluant la cession par l&rsquo;Ukraine de quatre r\u00e9gions en plus de la Crim\u00e9e annex\u00e9e en 2014, et le renoncement \u00e0 toute aide militaire occidentale.<\/p>\n<p><a href=\"https:\/\/www.tf1info.fr\/international\/video-guerre-en-ukraine-geran-3-le-drone-russe-qui-fait-trembler-kiev-2383943.html\" rel=\"noopener\" class=\"jsx-3308031228 Link flex\" target=\"_blank\"><img decoding=\"async\" src=\"https:\/\/www.europesays.com\/fr\/wp-content\/uploads\/2025\/07\/guerre-en-ukraine-geran-3-le-drone-russe-qui-fait-trembler-kiev-230f90-0@1x.jpeg\" alt=\"Capture vid\u00e9o LCI\" loading=\"lazy\" importance=\"low\" fetchpriority=\"low\" class=\"\" aria-hidden=\"true\"\/><\/p>\n<p class=\"jsx-3657663356 ReadMoreArticle__Title\">Lire aussi<\/p>\n<p class=\"jsx-3657663356\">Guerre en Ukraine : Geran-3, le drone russe qui fait trembler Kiev<\/p>\n<p><\/a><\/p>\n<p data-module=\"article-paragraph\" class=\"jsx-3046738180 Paragraph Paragraph__End\">L&rsquo;Ukraine avait rejet\u00e9 ce qu&rsquo;elle avait qualifi\u00e9 d'\u00a0\u00bbultimatums\u00a0\u00bb, et avait mis en doute la disposition de Moscou \u00e0 n\u00e9gocier un cessez-le-feu. Le Kremlin a cependant affirm\u00e9 cette semaine \u00eatre pr\u00eat \u00e0 poursuivre des n\u00e9gociations avec l&rsquo;Ukraine, apr\u00e8s que le pr\u00e9sident am\u00e9ricain Donald Trump lui a donn\u00e9 50 jours pour n\u00e9gocier la paix, mena\u00e7ant de sanctions et annon\u00e7ant le m\u00eame jour reprendre des livraisons d&rsquo;armes \u00e0 Kiev financ\u00e9es par les pays de l&rsquo;Otan.<\/p>\n<p>La r\u00e9daction de TF1info<\/p>\n<p><script async src=\"https:\/\/platform.twitter.com\/widgets.js\" charset=\"utf-8\"><\/script><\/p>\n","protected":false},"excerpt":{"rendered":"Le ministre fran\u00e7ais des Affaires \u00e9trang\u00e8res, Jean-No\u00ebl Barrot, s&rsquo;est entretenu lundi avec le pr\u00e9sident ukrainien, Volodymyr Zelensky \u00e0&hellip;\n","protected":false},"author":2,"featured_media":264299,"comment_status":"","ping_status":"","sticky":false,"template":"","format":"standard","meta":{"footnotes":""},"categories":[1888],"tags":[1111,1928,11,1927,1921,75,1777,674,1011,27,28083,1922,12,1926,626,1925,25,220,1917,133,1920,135,134],"class_list":{"0":"post-264298","1":"post","2":"type-post","3":"status-publish","4":"format-standard","5":"has-post-thumbnail","7":"category-paris","8":"tag-actu","9":"tag-actu-paris","10":"tag-actualites","11":"tag-actualites-paris","12":"tag-article-video","13":"tag-donald-trump","14":"tag-eu","15":"tag-europe","16":"tag-fr","17":"tag-france","18":"tag-guerre-en-ukraine-une-treve-sera-t-elle-possible","19":"tag-info","20":"tag-news","21":"tag-news-paris","22":"tag-paris","23":"tag-paris-news","24":"tag-republique-francaise","25":"tag-ukraine","26":"tag-ukraine-4-annee-de-guerre","27":"tag-video","28":"tag-video-international","29":"tag-vladimir-poutine","30":"tag-volodymyr-zelensky"},"share_on_mastodon":{"url":"https:\/\/pubeurope.com\/@fr\/114893401955247932","error":""},"_links":{"self":[{"href":"https:\/\/www.europesays.com\/fr\/wp-json\/wp\/v2\/posts\/264298","targetHints":{"allow":["GET"]}}],"collection":[{"href":"https:\/\/www.europesays.com\/fr\/wp-json\/wp\/v2\/posts"}],"about":[{"href":"https:\/\/www.europesays.com\/fr\/wp-json\/wp\/v2\/types\/post"}],"author":[{"embeddable":true,"href":"https:\/\/www.europesays.com\/fr\/wp-json\/wp\/v2\/users\/2"}],"replies":[{"embeddable":true,"href":"https:\/\/www.europesays.com\/fr\/wp-json\/wp\/v2\/comments?post=264298"}],"version-history":[{"count":0,"href":"https:\/\/www.europesays.com\/fr\/wp-json\/wp\/v2\/posts\/264298\/revisions"}],"wp:featuredmedia":[{"embeddable":true,"href":"https:\/\/www.europesays.com\/fr\/wp-json\/wp\/v2\/media\/264299"}],"wp:attachment":[{"href":"https:\/\/www.europesays.com\/fr\/wp-json\/wp\/v2\/media?parent=264298"}],"wp:term":[{"taxonomy":"category","embeddable":true,"href":"https:\/\/www.europesays.com\/fr\/wp-json\/wp\/v2\/categories?post=264298"},{"taxonomy":"post_tag","embeddable":true,"href":"https:\/\/www.europesays.com\/fr\/wp-json\/wp\/v2\/tags?post=264298"}],"curies":[{"name":"wp","href":"https:\/\/api.w.org\/{rel}","templated":true}]}}