{"id":2643,"date":"2025-04-04T11:44:11","date_gmt":"2025-04-04T11:44:11","guid":{"rendered":"https:\/\/www.europesays.com\/fr\/2643\/"},"modified":"2025-04-04T11:44:11","modified_gmt":"2025-04-04T11:44:11","slug":"mercato-un-attaquant-du-psg-bientot-en-ligue-2","status":"publish","type":"post","link":"https:\/\/www.europesays.com\/fr\/2643\/","title":{"rendered":"Mercato &#8211; Un attaquant du PSG bient\u00f4t en Ligue 2 ?"},"content":{"rendered":"<p style=\"text-align: justify;\">Largement en dessous des attentes depuis 3 ans, l\u2019ESTAC <strong>Troyes<\/strong> remonte doucement la pente et tente d\u2019obtenir des r\u00e9sultats en accord avec ses moyens et ses ambitions. Et pour ce faire, le club du City Football Group r\u00e9alise de tr\u00e8s gros coups sur le march\u00e9 des transferts que les clubs du bas de tableau de <strong>Ligue<\/strong> <strong>2<\/strong> sont bien souvent incapables de faire. Il pourrait d\u2019ailleurs prochainement accueillir un joueur au pedigree int\u00e9ressant, form\u00e9 au <strong>Paris Saint-Germain<\/strong>\u2026<\/p>\n<p style=\"text-align: justify;\">\u00c0 lire aussi &gt;&gt;\u00a0<a href=\"https:\/\/maligue2.fr\/2025\/03\/29\/estac-stephane-dumont-on-na-pas-ete-proactifs-on-a-ete-attentistes-a-metz\/\" target=\"_blank\" rel=\"noopener\">ESTAC \u2013 St\u00e9phane Dumont : \u00ab On n\u2019a pas \u00e9t\u00e9 proactifs, on a \u00e9t\u00e9 attentistes \u00bb \u00e0 Metz<\/a><\/p>\n<p style=\"text-align: justify;\">En effet, selon les informations partag\u00e9es par Fabrice Hawkins (RMC), <strong>Mahamadou Sangar\u00e9<\/strong> pourrait \u00eatre recrut\u00e9 par <strong>Manchester City<\/strong> d\u2019ici la fin de son contrat aspirant en juin prochain. Si jamais le club anglais arrive \u00e0 convaincre l\u2019entourage et le jeune attaquant, auteur de huit buts en Youth League cette saison, il devrait alors \u00eatre pr\u00eat\u00e9 en France, au sein du club aubois, dans la foul\u00e9e. Mais de nombreuses autres options seraient sur la table du jeune homme, pour qui le choix n\u2019est pas encore urgent. Plus d\u2019informations \u00e0 venir\u2026<\/p>\n<blockquote class=\"twitter-tweet\">\n<p dir=\"ltr\" lang=\"fr\">\ud83d\udea8 Mahamadou Sangar\u00e9 va quitter le PSG \u00e0 la fin de la saison \ud83d\udd34\ud83d\udd35<\/p>\n<p>\ud83d\udd39L\u2019attaquant de 18 ans est en fin de contrat aspirant et ne manque pas de pr\u00e9tendants, notamment en Allemagne. Manchester City s\u2019int\u00e9resse aussi \u00e0 lui : l\u2019id\u00e9e serait de le recruter puis le pr\u00eater \u00e0 Troyes, club\u2026 <a href=\"https:\/\/t.co\/4G60bec9CJ\">pic.twitter.com\/4G60bec9CJ<\/a><\/p>\n<p>\u2014 Fabrice Hawkins (@FabriceHawkins) <a href=\"https:\/\/twitter.com\/FabriceHawkins\/status\/1907439591562309998?ref_src=twsrc%5Etfw\" target=\"_blank\" rel=\"noopener\">April 2, 2025<\/a><\/p>\n<\/blockquote>\n<p>Photo Anthony Dibon\/Icon Sport<\/p>\n<p>\t\t<script async src=\"https:\/\/platform.twitter.com\/widgets.js\" charset=\"utf-8\"><\/script><\/p>\n","protected":false},"excerpt":{"rendered":"Largement en dessous des attentes depuis 3 ans, l\u2019ESTAC Troyes remonte doucement la pente et tente d\u2019obtenir des&hellip;\n","protected":false},"author":2,"featured_media":2644,"comment_status":"","ping_status":"","sticky":false,"template":"","format":"standard","meta":{"footnotes":""},"categories":[1410],"tags":[1962,63,1011,27,1963,91,60,1964],"class_list":{"0":"post-2643","1":"post","2":"type-post","3":"status-publish","4":"format-standard","5":"has-post-thumbnail","7":"category-football","8":"tag-alaune5","9":"tag-football","10":"tag-fr","11":"tag-france","12":"tag-mahamadou-sangare","13":"tag-paris-saint-germain","14":"tag-sports","15":"tag-troyes"},"share_on_mastodon":{"url":"https:\/\/pubeurope.com\/@fr\/114279524832610806","error":""},"_links":{"self":[{"href":"https:\/\/www.europesays.com\/fr\/wp-json\/wp\/v2\/posts\/2643","targetHints":{"allow":["GET"]}}],"collection":[{"href":"https:\/\/www.europesays.com\/fr\/wp-json\/wp\/v2\/posts"}],"about":[{"href":"https:\/\/www.europesays.com\/fr\/wp-json\/wp\/v2\/types\/post"}],"author":[{"embeddable":true,"href":"https:\/\/www.europesays.com\/fr\/wp-json\/wp\/v2\/users\/2"}],"replies":[{"embeddable":true,"href":"https:\/\/www.europesays.com\/fr\/wp-json\/wp\/v2\/comments?post=2643"}],"version-history":[{"count":0,"href":"https:\/\/www.europesays.com\/fr\/wp-json\/wp\/v2\/posts\/2643\/revisions"}],"wp:featuredmedia":[{"embeddable":true,"href":"https:\/\/www.europesays.com\/fr\/wp-json\/wp\/v2\/media\/2644"}],"wp:attachment":[{"href":"https:\/\/www.europesays.com\/fr\/wp-json\/wp\/v2\/media?parent=2643"}],"wp:term":[{"taxonomy":"category","embeddable":true,"href":"https:\/\/www.europesays.com\/fr\/wp-json\/wp\/v2\/categories?post=2643"},{"taxonomy":"post_tag","embeddable":true,"href":"https:\/\/www.europesays.com\/fr\/wp-json\/wp\/v2\/tags?post=2643"}],"curies":[{"name":"wp","href":"https:\/\/api.w.org\/{rel}","templated":true}]}}