{"id":264310,"date":"2025-07-21T21:48:10","date_gmt":"2025-07-21T21:48:10","guid":{"rendered":"https:\/\/www.europesays.com\/fr\/264310\/"},"modified":"2025-07-21T21:48:10","modified_gmt":"2025-07-21T21:48:10","slug":"usa-trump-maintient-la-pression-sur-la-fed","status":"publish","type":"post","link":"https:\/\/www.europesays.com\/fr\/264310\/","title":{"rendered":"USA: Trump maintient la pression sur la Fed"},"content":{"rendered":"<p class=\"rtejustify\">Le gouvernement am\u00e9ricain a maintenu lundi la pression sur la R\u00e9serve f\u00e9d\u00e9rale (Fed) et son pr\u00e9sident, Jerome Powell, le secr\u00e9taire au Tr\u00e9sor Scott Bessent estimant qu\u2019il \u00e9tait n\u00e9cessaire de s\u2019assurer que l\u2019institution \u00aba \u00e9t\u00e9 efficace\u00bb. \u00abJe<\/p>\n<p><a href=\"https:\/\/www.leconomiste.com\/article\/1138741-france-la-restitution-de-biens-coloniaux-l-agenda\" rel=\"nofollow noopener\" target=\"_blank\"><img loading=\"lazy\" decoding=\"async\" class=\"img-responsive\" typeof=\"foaf:Image\" src=\"https:\/\/www.europesays.com\/fr\/wp-content\/uploads\/2025\/07\/restitution_culture_7058.jpg\" width=\"800\" height=\"400\" alt=\"France: La restitution de biens coloniaux \u00e0 l'agenda\"\/><\/a> <a href=\"https:\/\/www.leconomiste.com\/article\/1138741-france-la-restitution-de-biens-coloniaux-l-agenda\" rel=\"nofollow noopener\" target=\"_blank\">France: La restitution de biens coloniaux \u00e0 l&rsquo;agenda<a href=\"https:\/\/www.leconomiste.com\/article\/1138728-qatar-cessez-le-feu-entre-la-rdc-et-le-m23\" rel=\"nofollow noopener\" target=\"_blank\"><img loading=\"lazy\" decoding=\"async\" class=\"img-responsive\" typeof=\"foaf:Image\" src=\"https:\/\/www.europesays.com\/fr\/wp-content\/uploads\/2025\/07\/qatar_rdc_7058.jpg\" width=\"800\" height=\"400\" alt=\"Qatar: Cessez-le-feu entre la RDC et le M23\"\/><\/a> <a href=\"https:\/\/www.leconomiste.com\/article\/1138728-qatar-cessez-le-feu-entre-la-rdc-et-le-m23\" rel=\"nofollow noopener\" target=\"_blank\">Qatar: Cessez-le-feu entre la RDC et le M23<a href=\"https:\/\/www.leconomiste.com\/article\/1138720-allemagne-le-gouvernement-veut-baisser-les-taxes-sur-l-aviation\" rel=\"nofollow noopener\" target=\"_blank\"><img loading=\"lazy\" decoding=\"async\" class=\"img-responsive\" typeof=\"foaf:Image\" src=\"https:\/\/www.europesays.com\/fr\/wp-content\/uploads\/2025\/07\/allemagne_aeroport_7058.jpg\" width=\"800\" height=\"400\" alt=\"Allemagne: Le gouvernement veut baisser les taxes sur l\u2019aviation\"\/><\/a> <a href=\"https:\/\/www.leconomiste.com\/article\/1138720-allemagne-le-gouvernement-veut-baisser-les-taxes-sur-l-aviation\" rel=\"nofollow noopener\" target=\"_blank\">Allemagne: Le gouvernement veut baisser les taxes sur l\u2019aviation<\/p>\n<p> Nos Suppl\u00e9ments  <a href=\"https:\/\/www.leconomiste.com\/article\/\" target=\"_blank\" rel=\"nofollow noopener\"><img loading=\"lazy\" decoding=\"async\" typeof=\"foaf:Image\" class=\"img-responsive\" src=\"https:\/\/www.europesays.com\/fr\/wp-content\/uploads\/2025\/07\/une_weekly_7056.jpg\" width=\"176\" height=\"228\" alt=\"\"\/><\/a><\/p>\n<p> \ue066 Vos R\u00e9actions <\/p>\n","protected":false},"excerpt":{"rendered":"Le gouvernement am\u00e9ricain a maintenu lundi la pression sur la R\u00e9serve f\u00e9d\u00e9rale (Fed) et son pr\u00e9sident, Jerome Powell,&hellip;\n","protected":false},"author":2,"featured_media":264311,"comment_status":"","ping_status":"","sticky":false,"template":"","format":"standard","meta":{"footnotes":""},"categories":[1589],"tags":[11,73,1866,12,1864,1865,1863,308,40383],"class_list":{"0":"post-264310","1":"post","2":"type-post","3":"status-publish","4":"format-standard","5":"has-post-thumbnail","7":"category-etats-unis","8":"tag-actualites","9":"tag-etats-unis","10":"tag-etats-unis-damerique","11":"tag-news","12":"tag-united-states","13":"tag-united-states-of-america","14":"tag-us","15":"tag-usa","16":"tag-usa-trump-maintient-la-pression-sur-la-fed"},"share_on_mastodon":{"url":"https:\/\/pubeurope.com\/@fr\/114893429490493787","error":""},"_links":{"self":[{"href":"https:\/\/www.europesays.com\/fr\/wp-json\/wp\/v2\/posts\/264310","targetHints":{"allow":["GET"]}}],"collection":[{"href":"https:\/\/www.europesays.com\/fr\/wp-json\/wp\/v2\/posts"}],"about":[{"href":"https:\/\/www.europesays.com\/fr\/wp-json\/wp\/v2\/types\/post"}],"author":[{"embeddable":true,"href":"https:\/\/www.europesays.com\/fr\/wp-json\/wp\/v2\/users\/2"}],"replies":[{"embeddable":true,"href":"https:\/\/www.europesays.com\/fr\/wp-json\/wp\/v2\/comments?post=264310"}],"version-history":[{"count":0,"href":"https:\/\/www.europesays.com\/fr\/wp-json\/wp\/v2\/posts\/264310\/revisions"}],"wp:featuredmedia":[{"embeddable":true,"href":"https:\/\/www.europesays.com\/fr\/wp-json\/wp\/v2\/media\/264311"}],"wp:attachment":[{"href":"https:\/\/www.europesays.com\/fr\/wp-json\/wp\/v2\/media?parent=264310"}],"wp:term":[{"taxonomy":"category","embeddable":true,"href":"https:\/\/www.europesays.com\/fr\/wp-json\/wp\/v2\/categories?post=264310"},{"taxonomy":"post_tag","embeddable":true,"href":"https:\/\/www.europesays.com\/fr\/wp-json\/wp\/v2\/tags?post=264310"}],"curies":[{"name":"wp","href":"https:\/\/api.w.org\/{rel}","templated":true}]}}