{"id":264312,"date":"2025-07-21T21:49:12","date_gmt":"2025-07-21T21:49:12","guid":{"rendered":"https:\/\/www.europesays.com\/fr\/264312\/"},"modified":"2025-07-21T21:49:12","modified_gmt":"2025-07-21T21:49:12","slug":"le-royaume-uni-pret-a-faire-machine-arriere","status":"publish","type":"post","link":"https:\/\/www.europesays.com\/fr\/264312\/","title":{"rendered":"le Royaume-Uni pr\u00eat \u00e0 faire machine arri\u00e8re\u00a0?"},"content":{"rendered":"<p>        Le Royaume-Uni s&rsquo;appr\u00eaterait \u00e0 abandonner sa volont\u00e9 d&rsquo;imposer \u00e0 Apple la pr\u00e9sence d&rsquo;une porte d\u00e9rob\u00e9e au sein d&rsquo;iCloud, qui lui permettrait d&rsquo;acc\u00e9der aux donn\u00e9es des utilisateurs. Selon le <a href=\"https:\/\/www.ft.com\/content\/3a3e6dbc-591d-4087-9ad3-11af04f0176f\" target=\"_blank\" rel=\"noopener\">Financial Times<\/a>, le gouvernement am\u00e9ricain mettrait la pression au Bureau de l&rsquo;Int\u00e9rieur britannique, en la personne de J. D. Vance\u00a0: \u00ab\u00a0C&rsquo;est un probl\u00e8me qui agace beaucoup le vice-pr\u00e9sident et qui doit \u00eatre r\u00e9solu. Le minist\u00e8re de l&rsquo;Int\u00e9rieur va devoir reculer\u00a0\u00bb, confie un fonctionnaire souhaitant rester anonyme. Le gouvernement de Keir Starmer estime que cette d\u00e9cision pourrait entraver les accords technologiques avec les \u00c9tats-Unis. \u00ab\u00a0C&rsquo;est une ligne rouge importante aux \u00c9tats-Unis\u00a0: ils ne veulent pas que nous nous attaquions \u00e0 leurs entreprises technologiques.\u00a0\u00bb<\/p>\n<p><img decoding=\"async\" class=\"imagebig\" src=\"https:\/\/www.europesays.com\/fr\/wp-content\/uploads\/2025\/07\/icloud-backdoor-uk-jui25.jpg\" alt=\"Logo iCloud\"\/><\/p>\n<p>En janvier dernier, le gouvernement britannique avait exig\u00e9 d&rsquo;Apple la pr\u00e9sence d&rsquo;une backdoor qui aurait permis aux forces de police britanniques d&rsquo;acc\u00e9der aux donn\u00e9es que leurs citoyens stockent sur iCloud. <a href=\"https:\/\/consomac.fr\/news-20656-icloud-apple-desactive-la-protection-avancee-des-donnees-au-royaume-uni.html\" target=\"_blank\" rel=\"noopener\">La r\u00e9ponse d&rsquo;Apple avait \u00e9t\u00e9 cinglante<\/a>\u00a0: plut\u00f4t que d&rsquo;obtemp\u00e9rer, l&rsquo;entreprise a pr\u00e9f\u00e9r\u00e9 annoncer le retrait d\u00e8s f\u00e9vrier de la fonctionnalit\u00e9 de protection avanc\u00e9e des donn\u00e9es d&rsquo;iCloud (Advanced Data Protection ou ADP) au Royaume-Uni.<\/p>\n<p>Le chiffrement actuellement utilis\u00e9 est pens\u00e9 pour rendre les donn\u00e9es ind\u00e9chiffrables par un tiers\u00a0: m\u00eame Apple n&rsquo;a pas acc\u00e8s aux donn\u00e9es stock\u00e9es sur son service. Pour installer une porte d\u00e9rob\u00e9e, il faudrait ainsi repenser tout le syst\u00e8me et en affaiblir sa s\u00e9curit\u00e9 au niveau mondial. Impensable pour Apple, qui avait fait la d\u00e9claration suivante\u00a0: \u00ab\u00a0Nous n\u2019avons jamais cr\u00e9\u00e9 de porte d\u00e9rob\u00e9e ou de cl\u00e9 principale pour aucun de nos produits ou services et nous ne le ferons jamais.\u00a0\u00bb    <\/p>\n<p>\n            Des liens n&rsquo;apparaissent pas\u00a0? Des images sont manquantes\u00a0? Votre bloqueur de pub vous joue des<br \/>\n            tours. Pour visualiser tout notre contenu, merci de d\u00e9sactiver votre bloqueur de pub\u00a0!        <\/p>\n","protected":false},"excerpt":{"rendered":"Le Royaume-Uni s&rsquo;appr\u00eaterait \u00e0 abandonner sa volont\u00e9 d&rsquo;imposer \u00e0 Apple la pr\u00e9sence d&rsquo;une porte d\u00e9rob\u00e9e au sein d&rsquo;iCloud,&hellip;\n","protected":false},"author":2,"featured_media":264313,"comment_status":"","ping_status":"","sticky":false,"template":"","format":"standard","meta":{"footnotes":""},"categories":[1588],"tags":[15718,11,733,12791,7516,1777,674,4463,40390,655,40385,6049,40389,40386,40387,40388,40384,12,473,1853,1669,1851,1850,1852],"class_list":{"0":"post-264312","1":"post","2":"type-post","3":"status-publish","4":"format-standard","5":"has-post-thumbnail","7":"category-royaume-uni","8":"tag-achat","9":"tag-actualites","10":"tag-apple","11":"tag-barometre","12":"tag-conseil","13":"tag-eu","14":"tag-europe","15":"tag-guide","16":"tag-imac","17":"tag-iphone","18":"tag-ipod","19":"tag-mac","20":"tag-mac-mini","21":"tag-macbook","22":"tag-macbook-air","23":"tag-macbook-pro","24":"tag-macintosh","25":"tag-news","26":"tag-royaume-uni","27":"tag-royaume-uni-de-grande-bretagne-et-dirlande-du-nord","28":"tag-sorties","29":"tag-uk","30":"tag-united-kingdom","31":"tag-united-kingdom-of-great-britain-and-northern-ireland"},"share_on_mastodon":{"url":"https:\/\/pubeurope.com\/@fr\/114893433362843761","error":""},"_links":{"self":[{"href":"https:\/\/www.europesays.com\/fr\/wp-json\/wp\/v2\/posts\/264312","targetHints":{"allow":["GET"]}}],"collection":[{"href":"https:\/\/www.europesays.com\/fr\/wp-json\/wp\/v2\/posts"}],"about":[{"href":"https:\/\/www.europesays.com\/fr\/wp-json\/wp\/v2\/types\/post"}],"author":[{"embeddable":true,"href":"https:\/\/www.europesays.com\/fr\/wp-json\/wp\/v2\/users\/2"}],"replies":[{"embeddable":true,"href":"https:\/\/www.europesays.com\/fr\/wp-json\/wp\/v2\/comments?post=264312"}],"version-history":[{"count":0,"href":"https:\/\/www.europesays.com\/fr\/wp-json\/wp\/v2\/posts\/264312\/revisions"}],"wp:featuredmedia":[{"embeddable":true,"href":"https:\/\/www.europesays.com\/fr\/wp-json\/wp\/v2\/media\/264313"}],"wp:attachment":[{"href":"https:\/\/www.europesays.com\/fr\/wp-json\/wp\/v2\/media?parent=264312"}],"wp:term":[{"taxonomy":"category","embeddable":true,"href":"https:\/\/www.europesays.com\/fr\/wp-json\/wp\/v2\/categories?post=264312"},{"taxonomy":"post_tag","embeddable":true,"href":"https:\/\/www.europesays.com\/fr\/wp-json\/wp\/v2\/tags?post=264312"}],"curies":[{"name":"wp","href":"https:\/\/api.w.org\/{rel}","templated":true}]}}