{"id":264323,"date":"2025-07-21T21:55:15","date_gmt":"2025-07-21T21:55:15","guid":{"rendered":"https:\/\/www.europesays.com\/fr\/264323\/"},"modified":"2025-07-21T21:55:15","modified_gmt":"2025-07-21T21:55:15","slug":"pogacar-defie-le-mont-ventoux-logre-face-au-geant-de-provence","status":"publish","type":"post","link":"https:\/\/www.europesays.com\/fr\/264323\/","title":{"rendered":"Pogacar d\u00e9fie le Mont Ventoux, l&rsquo;ogre face au G\u00e9ant de Provence"},"content":{"rendered":"<p>Le peloton du Tour de France va le voir de loin, tr\u00e8s loin, au fil des routes vauclusiennes qui vont le mener jusqu\u2019\u00e0 B\u00e9doin. Au bout du chemin, apr\u00e8s ce petit village proven\u00e7al connu mondialement pour une seule bonne raison, le bitume va brusquement se cabrer sous les roues des coureurs, direction cette antenne radio qu\u2019ils auront entraper\u00e7ue plusieurs fois d\u00e9j\u00e0. La d\u00e9livrance sera l\u00e0-haut, mais avant, ce sera <a href=\"https:\/\/www.laprovence.com\/article\/papier\/4070837\/mont-ventoux-pour-que-lascension-ne-soit-pas-fatale.html\" target=\"_blank\" rel=\"noopener\">l\u2019enfer du Mont Ventoux<\/a>.<\/p>\n","protected":false},"excerpt":{"rendered":"Le peloton du Tour de France va le voir de loin, tr\u00e8s loin, au fil des routes vauclusiennes&hellip;\n","protected":false},"author":2,"featured_media":264324,"comment_status":"","ping_status":"","sticky":false,"template":"","format":"standard","meta":{"footnotes":""},"categories":[4],"tags":[17,11,40391,1011,27,40393,40392,12,4350,25,60,3584,24730],"class_list":{"0":"post-264323","1":"post","2":"type-post","3":"status-publish","4":"format-standard","5":"has-post-thumbnail","7":"category-france","8":"tag-17","9":"tag-actualites","10":"tag-defie","11":"tag-fr","12":"tag-france","13":"tag-logre","14":"tag-mont","15":"tag-news","16":"tag-pogacar","17":"tag-republique-francaise","18":"tag-sports","19":"tag-tour","20":"tag-ventoux"},"share_on_mastodon":{"url":"https:\/\/pubeurope.com\/@fr\/114893456884903131","error":""},"_links":{"self":[{"href":"https:\/\/www.europesays.com\/fr\/wp-json\/wp\/v2\/posts\/264323","targetHints":{"allow":["GET"]}}],"collection":[{"href":"https:\/\/www.europesays.com\/fr\/wp-json\/wp\/v2\/posts"}],"about":[{"href":"https:\/\/www.europesays.com\/fr\/wp-json\/wp\/v2\/types\/post"}],"author":[{"embeddable":true,"href":"https:\/\/www.europesays.com\/fr\/wp-json\/wp\/v2\/users\/2"}],"replies":[{"embeddable":true,"href":"https:\/\/www.europesays.com\/fr\/wp-json\/wp\/v2\/comments?post=264323"}],"version-history":[{"count":0,"href":"https:\/\/www.europesays.com\/fr\/wp-json\/wp\/v2\/posts\/264323\/revisions"}],"wp:featuredmedia":[{"embeddable":true,"href":"https:\/\/www.europesays.com\/fr\/wp-json\/wp\/v2\/media\/264324"}],"wp:attachment":[{"href":"https:\/\/www.europesays.com\/fr\/wp-json\/wp\/v2\/media?parent=264323"}],"wp:term":[{"taxonomy":"category","embeddable":true,"href":"https:\/\/www.europesays.com\/fr\/wp-json\/wp\/v2\/categories?post=264323"},{"taxonomy":"post_tag","embeddable":true,"href":"https:\/\/www.europesays.com\/fr\/wp-json\/wp\/v2\/tags?post=264323"}],"curies":[{"name":"wp","href":"https:\/\/api.w.org\/{rel}","templated":true}]}}