{"id":264329,"date":"2025-07-21T21:58:12","date_gmt":"2025-07-21T21:58:12","guid":{"rendered":"https:\/\/www.europesays.com\/fr\/264329\/"},"modified":"2025-07-21T21:58:12","modified_gmt":"2025-07-21T21:58:12","slug":"le-xv-du-poireau-se-rearme-en-vue-du-mondial-2027","status":"publish","type":"post","link":"https:\/\/www.europesays.com\/fr\/264329\/","title":{"rendered":"Le XV du Poireau se r\u00e9arme en vue du Mondial 2027"},"content":{"rendered":"<p>Le Pays de Galles court toujours apr\u00e8s son premier titre en Coupe du monde. A l&rsquo;approche de l&rsquo;\u00e9dition 2027, il tente de se r\u00e9armer autrement. Ce lundi, la F\u00e9d\u00e9ration galloise de rugby (WRU) a confirm\u00e9 que le XV du Poireau sera dirig\u00e9 par un nouvel homme d\u00e9sormais.<\/p>\n<p>\u00a0<\/p>\n<p>\u00ab Steve Tandy m\u00e8nera le Pays de Galles \u00e0 la Coupe du monde de rugby 2027 en Australie et d\u00e9butera son mandat de nouvel entra\u00eeneur-chef de son pays le 1er septembre. L&rsquo;homme de 45 ans, n\u00e9 \u00e0 Tonmawr, poss\u00e8de une carri\u00e8re d&rsquo;entra\u00eeneur vari\u00e9e et impressionnante qui a conduit la Welsh Rugby Union \u00e0 le consid\u00e9rer comme l&rsquo;homme qui contribuera \u00e0 ouvrir une nouvelle \u00e8re pour le jeu au Pays de Galles \u00bb, communique la WRU.<\/p>\n<p>\u00a0<\/p>\n<p>Steve Tandy promet une place parmi les \u00ab meilleurs du monde \u00bb<\/p>\n<p>\u00a0<\/p>\n<p>Le Gallois est de toute \u00e9vidence content de pouvoir entra\u00eeneur l&rsquo;\u00e9quipe nationale de son pays. Mais il ne se limite pas \u00e0 cela. Il est surtout impatient de challenger les plus grandes s\u00e9lections du monde. \u00ab Je suis impatient de participer \u00e0 la reconstruction du rugby gallois et de permettre \u00e0 l&rsquo;\u00e9quipe nationale de se mesurer aux meilleures nations du monde \u00bb, dit Steve Tandy.<\/p>\n<p>\u00a0<\/p>\n<p>Pour rappel, le Pays de Galles n&rsquo;a encore jamais r\u00e9ussi \u00e0 atteindre l&rsquo;\u00e9tape ultime de la Coupe du monde de rugby. La meilleure performance du XV du Poireau est la 3e place et la m\u00e9daille de bronze acquises en 1987. Lors de la pr\u00e9c\u00e9dente \u00e9dition, il n&rsquo;a pas r\u00e9ussi \u00e0 passer les quarts de finale. La mission de Steve Tandy sera sans doute de viser le dernier carr\u00e9 tout au moins.<\/p>\n<p>Partagez cette info avec vos amis et vos proches en cliquant ici<br \/>Pour r\u00e9sumer<\/p>\n<p>Le Pays de Galles mise sur Steve Tandy pour reb\u00e2tir son rugby et viser les sommets du Mondial 2027. L&rsquo;entra\u00eeneur d\u00e9butera en septembre avec l\u2019objectif affich\u00e9 de rivaliser avec les meilleures nations et d\u2019am\u00e9liorer le parcours historique du XV du Poireau.<\/p>\n<p> <img decoding=\"async\" width=\"76\" height=\"76\" loading=\"lazy\" src=\"https:\/\/www.europesays.com\/fr\/wp-content\/uploads\/2025\/04\/avatar-quinze.png\" alt=\"Voldi Fr\u00e9jus\u00a0Hounvio\"\/><\/p>\n","protected":false},"excerpt":{"rendered":"Le Pays de Galles court toujours apr\u00e8s son premier titre en Coupe du monde. A l&rsquo;approche de l&rsquo;\u00e9dition&hellip;\n","protected":false},"author":2,"featured_media":264330,"comment_status":"","ping_status":"","sticky":false,"template":"","format":"standard","meta":{"footnotes":""},"categories":[1416],"tags":[1011,27,479,1468,60],"class_list":{"0":"post-264329","1":"post","2":"type-post","3":"status-publish","4":"format-standard","5":"has-post-thumbnail","7":"category-rugby","8":"tag-fr","9":"tag-france","10":"tag-rugby","11":"tag-rugby-football","12":"tag-sports"},"share_on_mastodon":{"url":"https:\/\/pubeurope.com\/@fr\/114893468749577870","error":""},"_links":{"self":[{"href":"https:\/\/www.europesays.com\/fr\/wp-json\/wp\/v2\/posts\/264329","targetHints":{"allow":["GET"]}}],"collection":[{"href":"https:\/\/www.europesays.com\/fr\/wp-json\/wp\/v2\/posts"}],"about":[{"href":"https:\/\/www.europesays.com\/fr\/wp-json\/wp\/v2\/types\/post"}],"author":[{"embeddable":true,"href":"https:\/\/www.europesays.com\/fr\/wp-json\/wp\/v2\/users\/2"}],"replies":[{"embeddable":true,"href":"https:\/\/www.europesays.com\/fr\/wp-json\/wp\/v2\/comments?post=264329"}],"version-history":[{"count":0,"href":"https:\/\/www.europesays.com\/fr\/wp-json\/wp\/v2\/posts\/264329\/revisions"}],"wp:featuredmedia":[{"embeddable":true,"href":"https:\/\/www.europesays.com\/fr\/wp-json\/wp\/v2\/media\/264330"}],"wp:attachment":[{"href":"https:\/\/www.europesays.com\/fr\/wp-json\/wp\/v2\/media?parent=264329"}],"wp:term":[{"taxonomy":"category","embeddable":true,"href":"https:\/\/www.europesays.com\/fr\/wp-json\/wp\/v2\/categories?post=264329"},{"taxonomy":"post_tag","embeddable":true,"href":"https:\/\/www.europesays.com\/fr\/wp-json\/wp\/v2\/tags?post=264329"}],"curies":[{"name":"wp","href":"https:\/\/api.w.org\/{rel}","templated":true}]}}