{"id":264344,"date":"2025-07-21T22:07:18","date_gmt":"2025-07-21T22:07:18","guid":{"rendered":"https:\/\/www.europesays.com\/fr\/264344\/"},"modified":"2025-07-21T22:07:18","modified_gmt":"2025-07-21T22:07:18","slug":"aiglepierre-de-la-lecture-pour-tous-avec-la-boite-a-livres-ouverte-au-fond-de-labri-de-bus","status":"publish","type":"post","link":"https:\/\/www.europesays.com\/fr\/264344\/","title":{"rendered":"Aiglepierre. De la lecture pour tous avec la bo\u00eete \u00e0 livres ouverte au\u00a0fond\u00a0de\u00a0l\u2019abri de bus"},"content":{"rendered":"<p>Depuis plusieurs semaines, Aiglepierre poss\u00e8de sa bo\u00eete \u00e0 livres\u00a0! Ce projet de longue date s\u2019est enfin concr\u00e9tis\u00e9 avec l\u2019aval de la municipalit\u00e9. L\u2019endroit \u00ab\u00a0id\u00e9al\u00a0\u00bb a \u00e9t\u00e9 trouv\u00e9\u2026 au fond de l\u2019abri de bus sur la place. Cet espace prot\u00e9g\u00e9 permet un bon rangement des ouvrages et un acc\u00e8s confortable pour les personnes int\u00e9ress\u00e9es. Jean-Marie et Beno\u00eet se sont montr\u00e9s efficaces pour r\u00e9aliser cette bo\u00eete \u00e0 livres en libre-service pour les petits et les grands avides de lecture. Une belle r\u00e9ussite, avec le souhait que le lieu et le mat\u00e9riel soient respect\u00e9s. Place \u00e0 la d\u00e9couverte et \u00e0 l\u2019\u00e9change\u00a0!<\/p>\n","protected":false},"excerpt":{"rendered":"Depuis plusieurs semaines, Aiglepierre poss\u00e8de sa bo\u00eete \u00e0 livres\u00a0! Ce projet de longue date s\u2019est enfin concr\u00e9tis\u00e9 avec&hellip;\n","protected":false},"author":2,"featured_media":264345,"comment_status":"","ping_status":"","sticky":false,"template":"","format":"standard","meta":{"footnotes":""},"categories":[1357],"tags":[40395,1379,1687,58,14809,59,1011,27,1380,2410,14808],"class_list":{"0":"post-264344","1":"post","2":"type-post","3":"status-publish","4":"format-standard","5":"has-post-thumbnail","7":"category-livres","8":"tag-aiglepierre","9":"tag-books","10":"tag-culture-loisirs","11":"tag-divertissement","12":"tag-edition-jura-nord","13":"tag-entertainment","14":"tag-fr","15":"tag-france","16":"tag-livres","17":"tag-livres-bd","18":"tag-triangle-dor"},"share_on_mastodon":{"url":"https:\/\/pubeurope.com\/@fr\/114893504104183258","error":""},"_links":{"self":[{"href":"https:\/\/www.europesays.com\/fr\/wp-json\/wp\/v2\/posts\/264344","targetHints":{"allow":["GET"]}}],"collection":[{"href":"https:\/\/www.europesays.com\/fr\/wp-json\/wp\/v2\/posts"}],"about":[{"href":"https:\/\/www.europesays.com\/fr\/wp-json\/wp\/v2\/types\/post"}],"author":[{"embeddable":true,"href":"https:\/\/www.europesays.com\/fr\/wp-json\/wp\/v2\/users\/2"}],"replies":[{"embeddable":true,"href":"https:\/\/www.europesays.com\/fr\/wp-json\/wp\/v2\/comments?post=264344"}],"version-history":[{"count":0,"href":"https:\/\/www.europesays.com\/fr\/wp-json\/wp\/v2\/posts\/264344\/revisions"}],"wp:featuredmedia":[{"embeddable":true,"href":"https:\/\/www.europesays.com\/fr\/wp-json\/wp\/v2\/media\/264345"}],"wp:attachment":[{"href":"https:\/\/www.europesays.com\/fr\/wp-json\/wp\/v2\/media?parent=264344"}],"wp:term":[{"taxonomy":"category","embeddable":true,"href":"https:\/\/www.europesays.com\/fr\/wp-json\/wp\/v2\/categories?post=264344"},{"taxonomy":"post_tag","embeddable":true,"href":"https:\/\/www.europesays.com\/fr\/wp-json\/wp\/v2\/tags?post=264344"}],"curies":[{"name":"wp","href":"https:\/\/api.w.org\/{rel}","templated":true}]}}