{"id":264346,"date":"2025-07-21T22:08:18","date_gmt":"2025-07-21T22:08:18","guid":{"rendered":"https:\/\/www.europesays.com\/fr\/264346\/"},"modified":"2025-07-21T22:08:18","modified_gmt":"2025-07-21T22:08:18","slug":"elle-a-retourne-le-cerveau-des-internautes-cette-serie-ne-sera-bientot-plus-sur-netflix","status":"publish","type":"post","link":"https:\/\/www.europesays.com\/fr\/264346\/","title":{"rendered":"Elle a retourn\u00e9 le cerveau des internautes, cette s\u00e9rie ne sera bient\u00f4t plus sur Netflix"},"content":{"rendered":"<p>Comme chaque mois, Netflix se s\u00e9pare de quelques-uns de ses contenus pour des raisons de droits. Malheureusement pour les fans, cette s\u00e9rie culte des ann\u00e9es 2000, qui a souvent jou\u00e9 avec leurs nerfs, s&rsquo;appr\u00eate \u00e0 quitter le catalogue de la plateforme. D\u00e9p\u00eachez-vous de la rattraper avant qu&rsquo;il ne soit trop tard !<\/p>\n<p>Les vacances scolaires se poursuivent en ao\u00fbt, et <a href=\"https:\/\/www.programme-tv.net\/guide-netflix\/\" target=\"_blank\" rel=\"noopener\">Netflix<b> <\/b><\/a>l&rsquo;a bien compris ! Pour faire plaisir aux passionn\u00e9s de s\u00e9ries, la plateforme de streaming compte ajouter une ribambelle de nouveaux contenus \u00e0 visionner tout au long du mois. Comme vous le savez s\u00fbrement, <a href=\"https:\/\/www.programme-tv.net\/news\/series-tv\/377382-mercredi-saison-2-netflix-devoile-la-date-de-sortie-et-il-y-a-une-surprise\/\" data-api-deeplink=\"teleloisirs:\/\/news\/377382\" target=\"_blank\" rel=\"noopener\">les premiers \u00e9pisodes de la saison 2 de Mercredi seront mis en ligne le 6 ao\u00fbt prochain<\/a>. Ce sera ainsi l&rsquo;occasion de retrouver l&rsquo;\u00e9nigmatique Mercredi Addams, la p\u00e9tillante Enid Sinclair et leurs autres camarades de la Nevermore Academy. Le mois d&rsquo;ao\u00fbt sera aussi marqu\u00e9 par l&rsquo;arriv\u00e9e de la mini-s\u00e9rie Hostage avec une star de La Reine Charlotte, <a href=\"https:\/\/www.programme-tv.net\/news\/series-tv\/381686-si-le-professeur-de-la-casa-de-papel-vous-manque-netflix-a-la-solution-parfaite-avec-cette-nouvelle-serie\/\" data-api-deeplink=\"teleloisirs:\/\/news\/381686\" target=\"_blank\" rel=\"noopener\">du thriller espagnol Deux tombes avec \u00c1lvaro Morte<\/a> ou encore de<a href=\"https:\/\/www.programme-tv.net\/news\/series-tv\/344474-ma-vie-avec-les-walter-boys-saison-2-netflix-casting-intrigues-les-premieres-infos-sur-la-suite-de-la-serie\/\" data-api-deeplink=\"teleloisirs:\/\/news\/344474\" target=\"_blank\" rel=\"noopener\"> la saison 2 de Ma vie avec les Walter Boys<\/a>. Mais avant de faire la place \u00e0 toutes ces nouveaut\u00e9s, Netflix doit se d\u00e9barrasser de quelques-uns de ses titres.<\/p>\n<p>                        <b>Plus que quelques semaines pour rattraper cette s\u00e9rie culte des ann\u00e9es 2000 qui retourne le cerveau sur Netflix<\/b><\/p>\n<p><b>Le 14 ao\u00fbt prochain marquera la date de d\u00e9part de <\/b><b>Lost : Les Disparus <\/b><b>sur Netflix<\/b>. En effet, la s\u00e9rie ne sera plus qu&rsquo;un vague souvenir pour les abonn\u00e9s, qui ont un peu plus de trois semaines pour visionner l&rsquo;int\u00e9gralit\u00e9 des six saisons. Pour rappel, Lost suit la vie des survivants de l&rsquo;accident a\u00e9rien du vol 815 de la compagnie Oceanic Airlines, reliant Sydney \u00e0 Los Angeles. Jack Shepard (<a href=\"https:\/\/www.programme-tv.net\/news\/series-tv\/359378-matthew-fox-que-devient-la-star-de-lost\/\" data-api-deeplink=\"teleloisirs:\/\/news\/359378\" target=\"_blank\" rel=\"noopener\">Matthew Fox<\/a>), un jeune m\u00e9decin, fait partie des rescap\u00e9s, tout comme la belle et myst\u00e9rieuse Kate Austen (<a href=\"https:\/\/www.programme-tv.net\/biographie\/4417-lilly-evangeline\/\" data-link-people=\"e15993ca-3d04-43a9-b13b-41b17389b0a0\" target=\"_blank\" rel=\"noopener\">Evangeline Lilly<\/a>), l&rsquo;ancien militaire irakien Sayid Jarrah (<a href=\"https:\/\/www.programme-tv.net\/biographie\/6658-andrews-naveen\/\" data-link-people=\"48e33ddb-b741-4fa1-8226-075bef4db56b\" target=\"_blank\" rel=\"noopener\">Naveen Andrews<\/a>) ou encore Claire Littleton (<a href=\"https:\/\/www.programme-tv.net\/biographie\/4413-de-ravin-emilie\/\" data-link-people=\"e05d4a65-1cce-45cd-8a2f-7c9d6e668709\" target=\"_blank\" rel=\"noopener\">Emilie de Ravin<\/a>). En attendant les secours, les survivants organisent leur quotidien, apprennent \u00e0 se conna\u00eetre et d\u00e9couvrent peu \u00e0 peu leur nouvel environnement, qui est parfois le th\u00e9\u00e2tre d&rsquo;\u00e9v\u00e9nements \u00e9tranges. Pour celles et ceux qui n&rsquo;auront pas eu le temps de visionner les six saisons qui composent Lost, pas de panique ! La s\u00e9rie restera disponible sur Disney+.<\/p>\n<p>            <b>Lost <\/b><b>: une fin toujours aussi controvers\u00e9e plus de dix ans apr\u00e8s sa diffusion<\/b><\/p>\n<p>En visionnant l&rsquo;int\u00e9gralit\u00e9 de Lost sur Netflix, les abonn\u00e9s n&rsquo;\u00e9chapperont bien \u00e9videmment pas au final qui <a href=\"https:\/\/www.programme-tv.net\/news\/evenement\/disney-plus-streaming\/379089-lost-15-ans-apres-la-fin-josh-holloway-devoile-ce-qu-il-pense-vraiment-du-final-controverse\/\" data-api-deeplink=\"teleloisirs:\/\/news\/379089\" target=\"_blank\" rel=\"noopener\">avait fait grand bruit \u00e0 sa diffusion<\/a>, en mai 2010. Rappelez-vous, Lost fait partie des s\u00e9ries dont la fin n&rsquo;avait pas totalement convaincu les fans. Et pour cause, celle-ci n&rsquo;avait pas apport\u00e9 toutes les r\u00e9ponses aux questions laiss\u00e9es en suspens.<\/p>\n<p>Article \u00e9crit en collaboration avec 6M\u00e9dias<\/p>\n","protected":false},"excerpt":{"rendered":"Comme chaque mois, Netflix se s\u00e9pare de quelques-uns de ses contenus pour des raisons de droits. Malheureusement pour&hellip;\n","protected":false},"author":2,"featured_media":264347,"comment_status":"","ping_status":"","sticky":false,"template":"","format":"standard","meta":{"footnotes":""},"categories":[1356],"tags":[244,58,59,1011,27,15909,35467,35468,35466,127,1722,5389,10396,4496,129,252,1364],"class_list":{"0":"post-264346","1":"post","2":"type-post","3":"status-publish","4":"format-standard","5":"has-post-thumbnail","7":"category-television","8":"tag-commentaire","9":"tag-divertissement","10":"tag-entertainment","11":"tag-fr","12":"tag-france","13":"tag-josh-holloway","14":"tag-lost","15":"tag-lost-les-disparus","16":"tag-matthew-fox","17":"tag-netflix","18":"tag-pub-streaming-netflix","19":"tag-su00e9rie","20":"tag-su00e9ries-nostalgie","21":"tag-superstream","22":"tag-svod","23":"tag-television","24":"tag-tv"},"share_on_mastodon":{"url":"https:\/\/pubeurope.com\/@fr\/114893508034002410","error":""},"_links":{"self":[{"href":"https:\/\/www.europesays.com\/fr\/wp-json\/wp\/v2\/posts\/264346","targetHints":{"allow":["GET"]}}],"collection":[{"href":"https:\/\/www.europesays.com\/fr\/wp-json\/wp\/v2\/posts"}],"about":[{"href":"https:\/\/www.europesays.com\/fr\/wp-json\/wp\/v2\/types\/post"}],"author":[{"embeddable":true,"href":"https:\/\/www.europesays.com\/fr\/wp-json\/wp\/v2\/users\/2"}],"replies":[{"embeddable":true,"href":"https:\/\/www.europesays.com\/fr\/wp-json\/wp\/v2\/comments?post=264346"}],"version-history":[{"count":0,"href":"https:\/\/www.europesays.com\/fr\/wp-json\/wp\/v2\/posts\/264346\/revisions"}],"wp:featuredmedia":[{"embeddable":true,"href":"https:\/\/www.europesays.com\/fr\/wp-json\/wp\/v2\/media\/264347"}],"wp:attachment":[{"href":"https:\/\/www.europesays.com\/fr\/wp-json\/wp\/v2\/media?parent=264346"}],"wp:term":[{"taxonomy":"category","embeddable":true,"href":"https:\/\/www.europesays.com\/fr\/wp-json\/wp\/v2\/categories?post=264346"},{"taxonomy":"post_tag","embeddable":true,"href":"https:\/\/www.europesays.com\/fr\/wp-json\/wp\/v2\/tags?post=264346"}],"curies":[{"name":"wp","href":"https:\/\/api.w.org\/{rel}","templated":true}]}}