{"id":264350,"date":"2025-07-21T22:11:13","date_gmt":"2025-07-21T22:11:13","guid":{"rendered":"https:\/\/www.europesays.com\/fr\/264350\/"},"modified":"2025-07-21T22:11:13","modified_gmt":"2025-07-21T22:11:13","slug":"des-clients-aux-producteurs-tout-le-monde-y-gagne","status":"publish","type":"post","link":"https:\/\/www.europesays.com\/fr\/264350\/","title":{"rendered":"des clients aux producteurs, tout le monde y gagne"},"content":{"rendered":"<p>Apr\u00e8s avoir parcouru le monde, de l\u2019Ouganda au Panama en passant par les Philippines, pour mener des projets en agronomie tropicale, puis un retour en France avec d\u2019autres projets en agronomie urbaine, Emeric Duclaux a voulu se reconnecter \u00e0 la campagne. Il a d\u2019abord cherch\u00e9 un terrain dans la r\u00e9gion qui l\u2019a vue grandir, du c\u00f4t\u00e9 du Bugey dans l\u2019Ain.<\/p>\n<p>Pr\u00e9voir de bonnes chaussures pour la petite grimpette jusqu\u2019aux serres<\/p>\n<p>Et puis, il y a cinq ans, c\u2019est finalement en Haute-Loire qu\u2019il a trouv\u00e9 son bonheur\u00a0: 5 hectares pour cultiver des fruits rouges \u00e0 \u00ab\u00a0Riouffreyt\u00a0\u00bb, un petit hameau entre Rosi\u00e8res et Le Pertuis.<\/p>\n<p>Dans cette ferme biologique, son pr\u00e9d\u00e9cesseur en produisait d\u00e9j\u00e0\u00a0: \u00ab\u00a0Ce qui m\u2019a plus c\u2019est sa taille humaine. \u00c0 1\u00a0000 m\u00e8tres d\u2019altitude. <a href=\"https:\/\/www.leprogres.fr\/economie\/2025\/02\/04\/fruits-rouges-le-groupement-cherche-de-nouveaux-producteurs\" target=\"_blank\" rel=\"noopener\">Des&#8230;<\/a><\/p>\n","protected":false},"excerpt":{"rendered":"Apr\u00e8s avoir parcouru le monde, de l\u2019Ouganda au Panama en passant par les Philippines, pour mener des projets&hellip;\n","protected":false},"author":2,"featured_media":264351,"comment_status":"","ping_status":"","sticky":false,"template":"","format":"standard","meta":{"footnotes":""},"categories":[10],"tags":[327,4406,130,33,10446,107,1011,27,4002,72,39041,26506,71,4604],"class_list":{"0":"post-264350","1":"post","2":"type-post","3":"status-publish","4":"format-standard","5":"has-post-thumbnail","7":"category-sante","8":"tag-agriculture","9":"tag-commerce-et-services","10":"tag-consommation","11":"tag-economie","12":"tag-edition-haute-loire","13":"tag-fil-info","14":"tag-fr","15":"tag-france","16":"tag-haute-loire","17":"tag-health","18":"tag-rosieres","19":"tag-saint-julien-chapteuil-bassin","20":"tag-sante","21":"tag-selection-abonne"},"share_on_mastodon":{"url":"https:\/\/pubeurope.com\/@fr\/114893519839933696","error":""},"_links":{"self":[{"href":"https:\/\/www.europesays.com\/fr\/wp-json\/wp\/v2\/posts\/264350","targetHints":{"allow":["GET"]}}],"collection":[{"href":"https:\/\/www.europesays.com\/fr\/wp-json\/wp\/v2\/posts"}],"about":[{"href":"https:\/\/www.europesays.com\/fr\/wp-json\/wp\/v2\/types\/post"}],"author":[{"embeddable":true,"href":"https:\/\/www.europesays.com\/fr\/wp-json\/wp\/v2\/users\/2"}],"replies":[{"embeddable":true,"href":"https:\/\/www.europesays.com\/fr\/wp-json\/wp\/v2\/comments?post=264350"}],"version-history":[{"count":0,"href":"https:\/\/www.europesays.com\/fr\/wp-json\/wp\/v2\/posts\/264350\/revisions"}],"wp:featuredmedia":[{"embeddable":true,"href":"https:\/\/www.europesays.com\/fr\/wp-json\/wp\/v2\/media\/264351"}],"wp:attachment":[{"href":"https:\/\/www.europesays.com\/fr\/wp-json\/wp\/v2\/media?parent=264350"}],"wp:term":[{"taxonomy":"category","embeddable":true,"href":"https:\/\/www.europesays.com\/fr\/wp-json\/wp\/v2\/categories?post=264350"},{"taxonomy":"post_tag","embeddable":true,"href":"https:\/\/www.europesays.com\/fr\/wp-json\/wp\/v2\/tags?post=264350"}],"curies":[{"name":"wp","href":"https:\/\/api.w.org\/{rel}","templated":true}]}}