{"id":264354,"date":"2025-07-21T22:13:10","date_gmt":"2025-07-21T22:13:10","guid":{"rendered":"https:\/\/www.europesays.com\/fr\/264354\/"},"modified":"2025-07-21T22:13:10","modified_gmt":"2025-07-21T22:13:10","slug":"des-mecs-avec-des-btes-enormes","status":"publish","type":"post","link":"https:\/\/www.europesays.com\/fr\/264354\/","title":{"rendered":"\u201cDes mecs avec des b*tes \u00e9normes\u201d"},"content":{"rendered":"<p><strong>Thierry Ardisson \u00e9tait connu pour son ton irr\u00e9v\u00e9rencieux<br \/>\net son style d\u00e9sinvolte.<\/strong> L\u2019animateur de Tout le monde en<br \/>\nparle \u00e9tait un personnage m\u00e9diatique clivant voire controvers\u00e9.<br \/>\nCelui-ci est d\u00e9c\u00e9d\u00e9 d\u2019un cancer du foie le 14 juillet 2025, un<br \/>\ncomble pour un royaliste comme lui. <strong>Son \u00e9pouse, Audrey<br \/>\nCrespo-Mara, journaliste, achevait alors un docu sur son \u00e9poux,<br \/>\nLa Face cach\u00e9e de l\u2019homme en noir.<\/strong> Diffus\u00e9 48<br \/>\nheures apr\u00e8s son d\u00e9c\u00e8s, il s\u2019agit du portrait ultime, d\u00e9finitif et<br \/>\nintimiste du dernier g\u00e9ant du <strong>PAF<\/strong>. Pourtant,<br \/>\nArdisson lui-m\u00eame avait fait son propre bilan, en 2005, avec la<br \/>\nparution de son <strong>autobio<\/strong>, Confessions d\u2019un<br \/>\nbaby-boomer. <strong>L\u00e0, il faisait quelques r\u00e9v\u00e9lations<br \/>\ncroustillantes notamment sur sa sexualit\u00e9.<\/strong><\/p>\n<p>Thierry Ardisson est mort d\u2019un cancer du foie \u00e0 76 ans<\/p>\n<p>Il y a un peu plus de dix ans, <strong>Laurent Baffie<\/strong>,<br \/>\ngrand ami et sniper d\u2019Ardisson, avait vann\u00e9 l\u2019animateur sur la date<br \/>\nde sa mort. <strong>L\u2019humoriste le voyait six pieds sous terre \u00e0<br \/>\n\u201c76 ans\u201d comme le relevait le pr\u00e9sentateur de Salut Les<br \/>\nTerriens.<\/strong> La blague de Baffie s\u2019est av\u00e9r\u00e9e tristement<br \/>\npr\u00e9monitoire. Le 14 juillet 2025, Thierry Ardisson, 76 balais, est<br \/>\nemport\u00e9 par un cancer du foie. Un d\u00e9c\u00e8s annonc\u00e9 par erreur ou en<br \/>\navance par l\u2019insider <strong>Cl\u00e9ment Garin<\/strong>.<\/p>\n<p><strong>Ce dernier a publi\u00e9 l\u2019annonce de la mort de L\u2019homme en<br \/>\nnoir le 13 juillet sur X.<\/strong> Avant de faire marche arri\u00e8re,<br \/>\nsupprimer sa publication et se mettre un temps en \u2018priv\u00e9\u2019 sur le<br \/>\nfameux r\u00e9seau social. La raison ? Audrey Crespo-Mara, \u00e9pouse<br \/>\nd\u2019Ardisson, \u00e0 l\u2019instant T du message de Garin a contre-attaqu\u00e9 en<br \/>\naffirmant que le pr\u00e9sentateur \u00e9tait en vie. <strong>Selon ses<br \/>\ndires, <a href=\"https:\/\/www.melty.fr\/people\/thierry-ardisson-lhomme-en-noir-sest-eteint-a-76-ans-entoure-des-siens-2248847.html\" target=\"_blank\" rel=\"noopener\"><br \/>\nArdisson luttait contre le cancer entour\u00e9 des siens<\/a>.<\/strong><br \/>\nSa mort arrive le lendemain, le 14.<\/p>\n<p>Un doc testamentaire par sa veuve, Audrey-Crespo Mara<\/p>\n<p><strong>Autre source de litige entre Audrey Crespo-Mara et<br \/>\nCl\u00e9ment Garin : La Face cach\u00e9e de l\u2019homme en<br \/>\nnoir.<\/strong> Ce dernier, \u0153uvre testamentaire ultime,<br \/>\nportrait sans fard de l\u2019animateur, a \u00e9t\u00e9 diffus\u00e9 sur TF1 le 16<br \/>\njuillet au soir. <strong>D\u2019aucuns, \u00e0 commencer par Garin, ont<br \/>\npoint\u00e9 du doigt la date de diffusion un tantinet rapproch\u00e9e de la<br \/>\nmort d\u2019Ardisson.<\/strong> En r\u00e9alit\u00e9, la journaliste travaillait<br \/>\nsur ce reportage depuis plusieurs mois\u2026<\/p>\n<p>La Face cach\u00e9e de l\u2019homme en noir se r\u00e9v\u00e8le un<br \/>\nformidable objet documentaire. <strong>Tr\u00e8s loin d\u2019un reportage<br \/>\nracoleur, on voit un Ardisson vieillissant et malade revenir sur sa<br \/>\nvie priv\u00e9e et professionnelle.<\/strong> Le pr\u00e9sentateur est tr\u00e8s<br \/>\ndisert sur son enfance, la rivalit\u00e9 avec son fr\u00e8re, son ascension<br \/>\ndans la pub puis \u00e0 la t\u00e9l\u00e9vision. Ardisson est tr\u00e8s \u00e9mouvant par<br \/>\nmoment, n\u2019h\u00e9sitant pas \u00e0 l\u00e2cher quelques larmes devant des images<br \/>\nd\u2019archives pros ou persos.<\/p>\n<p>La double vie tr\u00e8s cach\u00e9e du jeune<br \/>\nThierry Ardisson<\/p>\n<p><strong>Ce n\u2019est pas tout \u00e0 fait la premi\u00e8re fois que Thierry<br \/>\nArdisson se livre sans pudeur sur sa vie.<\/strong> Il y a 20 ans,<br \/>\nl\u2019ex-pubar, devenu animateur et producteur de t\u00e9l\u00e9, faisait le<br \/>\nbilan calmement. Celui-ci, comme il le confirme \u00e0 nouveau dans<br \/>\nLa Face cach\u00e9e de l\u2019homme en noir, s\u2019est toujours r\u00eav\u00e9<br \/>\n\u00e9crivain. Sans succ\u00e8s. Ainsi, dans Confessions d\u2019un<br \/>\nbaby-boomer, une autobio acide, dans le plus pur style<br \/>\nardissonnien, celui-ci se livre sans concession sur sa vie.<br \/>\n<strong>Y compris sur quelques anecdotes priv\u00e9es et sexuelles comme<br \/>\nseul lui en avait le secret.<\/strong><\/p>\n<p>Thierry Ardisson y explique avoir assist\u00e9 \u201c\u00e0 des partouzes<br \/>\nsans y participer\u201d. Un souvenir qu\u2019il \u00e9voque dans le docu<br \/>\nr\u00e9alis\u00e9 par son \u00e9pouse <a href=\"https:\/\/www.melty.fr\/people\/thierry-ardisson-voyeur-dans-des-partouzes-il-balance-tout-jai-vu-des-trucs-qui-2249659.html\" target=\"_blank\" rel=\"noopener\"><br \/>\nen lui parlant des orgies \u00e0 Juan-les-Pins.<\/a> Mais ce n\u2019est pas<br \/>\ntout. Dans son autobio, cette fois-ci, Ardisson raconte qu\u2019il a vu<br \/>\n\u201c<strong>des mecs se faire sauter par des types qui avaient des<br \/>\nbites \u00e9normes.<\/strong>\u201d Il d\u00e9taille ensuite la sc\u00e8ne de<br \/>\nmani\u00e8re plut\u00f4t graphique : \u201cIl y en avait un qui \u00e9tait allong\u00e9,<br \/>\nun autre arrivait avec un sexe de vingt-cinq centim\u00e8tres, on se<br \/>\ndisait : \u2018<strong>\u00c7a ne passera jamais\u2019, mais \u00e7a<br \/>\npassait.<\/strong>\u201d Avant de conclure non sans une hilarit\u00e9<br \/>\nsous sa plume : \u201cEt sous les applaudissements des convives<br \/>\n! [&#8230;] Quand tu as 16 ans et que tu vois \u00e7a, t\u00a0\u00bbes assez<br \/>\nblind\u00e9 pour la suite.\u201d Parole de celui qui a interview\u00e9 des<br \/>\nann\u00e9es plus tard un sp\u00e9cialiste en la mati\u00e8re, la l\u00e9gende du porno,<br \/>\n<strong>Rocco Siffredi<\/strong>.<\/p>\n","protected":false},"excerpt":{"rendered":"Thierry Ardisson \u00e9tait connu pour son ton irr\u00e9v\u00e9rencieux et son style d\u00e9sinvolte. L\u2019animateur de Tout le monde en&hellip;\n","protected":false},"author":2,"featured_media":264355,"comment_status":"","ping_status":"","sticky":false,"template":"","format":"standard","meta":{"footnotes":""},"categories":[8],"tags":[905,17979,58,59,1011,27,10058],"class_list":{"0":"post-264354","1":"post","2":"type-post","3":"status-publish","4":"format-standard","5":"has-post-thumbnail","7":"category-divertissement","8":"tag-a-la-une-melty","9":"tag-audrey-crespo-mara","10":"tag-divertissement","11":"tag-entertainment","12":"tag-fr","13":"tag-france","14":"tag-thierry-ardisson"},"share_on_mastodon":{"url":"https:\/\/pubeurope.com\/@fr\/114893527717781795","error":""},"_links":{"self":[{"href":"https:\/\/www.europesays.com\/fr\/wp-json\/wp\/v2\/posts\/264354","targetHints":{"allow":["GET"]}}],"collection":[{"href":"https:\/\/www.europesays.com\/fr\/wp-json\/wp\/v2\/posts"}],"about":[{"href":"https:\/\/www.europesays.com\/fr\/wp-json\/wp\/v2\/types\/post"}],"author":[{"embeddable":true,"href":"https:\/\/www.europesays.com\/fr\/wp-json\/wp\/v2\/users\/2"}],"replies":[{"embeddable":true,"href":"https:\/\/www.europesays.com\/fr\/wp-json\/wp\/v2\/comments?post=264354"}],"version-history":[{"count":0,"href":"https:\/\/www.europesays.com\/fr\/wp-json\/wp\/v2\/posts\/264354\/revisions"}],"wp:featuredmedia":[{"embeddable":true,"href":"https:\/\/www.europesays.com\/fr\/wp-json\/wp\/v2\/media\/264355"}],"wp:attachment":[{"href":"https:\/\/www.europesays.com\/fr\/wp-json\/wp\/v2\/media?parent=264354"}],"wp:term":[{"taxonomy":"category","embeddable":true,"href":"https:\/\/www.europesays.com\/fr\/wp-json\/wp\/v2\/categories?post=264354"},{"taxonomy":"post_tag","embeddable":true,"href":"https:\/\/www.europesays.com\/fr\/wp-json\/wp\/v2\/tags?post=264354"}],"curies":[{"name":"wp","href":"https:\/\/api.w.org\/{rel}","templated":true}]}}