{"id":264356,"date":"2025-07-21T22:14:20","date_gmt":"2025-07-21T22:14:20","guid":{"rendered":"https:\/\/www.europesays.com\/fr\/264356\/"},"modified":"2025-07-21T22:14:20","modified_gmt":"2025-07-21T22:14:20","slug":"calvitie-un-gel-teste-chez-lhumain-declenche-une-vraie-repousse-ce-traitement-a-produit-de-vrais-cheveux-pas-du-duvet","status":"publish","type":"post","link":"https:\/\/www.europesays.com\/fr\/264356\/","title":{"rendered":"Calvitie \u2013 Un gel test\u00e9 chez l\u2019humain d\u00e9clenche une vraie repousse\u00a0: \u201cCe traitement a produit de vrais cheveux, pas du duvet\u201d"},"content":{"rendered":"<p class=\"ed__a-p ed__bdy__l\"><img loading=\"lazy\" decoding=\"async\" src=\"data:image\/svg+xml,%3Csvg xmlns='http:\/\/www.w3.org\/2000\/svg'%3E%3C\/svg%3E\" draggable=\"false\" width=\"6000\" height=\"3856\" class=\"ed__title-xxs\" alt=\"Homme appliquant un gel topique contre la calvitie avec une pipette sur le sommet du cr\u00e2ne\" style=\"background-color: #f2f2f2; aspect-ratio:6000\/3856;\"\/><\/p>\n<p>Illustration : application d\u2019un traitement topique sur une zone d\u00e9garnie du cuir chevelu \u2014 un geste similaire \u00e0 celui utilis\u00e9 dans les essais cliniques de la mol\u00e9cule PP405 d\u00e9velopp\u00e9e \u00e0 UCLA.<\/p>\n<p>\u00a9 Helena Nechaeva<\/p>\n<\/p>\n<p class=\"ed__a-p ed__bdy__l\">Le sujet revient chaque ann\u00e9e comme un marronnier un peu moqueur : \u201cbient\u00f4t un rem\u00e8de contre la calvitie ?\u201d. Mais dans l\u2019ombre des shampoings miracles et des implants capillaires, la recherche s\u00e9rieuse avan\u00e7ait. Aujourd\u2019hui, c\u2019est un laboratoire de UCLA qui sort du bois avec une annonce concr\u00e8te : une mol\u00e9cule, PP405, a d\u00e9clench\u00e9 une v\u00e9ritable repousse de cheveux lors d\u2019essais cliniques. Une premi\u00e8re qui pourrait bien marquer un tournant.<\/p>\n<p>            Publicit\u00e9, votre contenu continue ci-dessous<\/p>\n<p>        Publicit\u00e9<\/p>\n<p>PP405 : la mol\u00e9cule qui pourrait (enfin) s\u2019attaquer \u00e0 la calvitie<\/p>\n<p class=\"ed__a-p ed__bdy__l\">Les personnes chauves en ont vu passer, des \u201cr\u00e9volutions\u201d annonc\u00e9es avec tambours et trompettes\u2026 pour souvent finir en poudre aux yeux. Mais cette fois, l\u2019annonce vient d\u2019un laboratoire de l\u2019universit\u00e9 UCLA, aux \u00c9tats-Unis, et elle repose sur des r\u00e9sultats concrets : une mol\u00e9cule baptis\u00e9e PP405 pourrait bien permettre \u00e0 des millions de cr\u00e2nes d\u00e9nud\u00e9s de retrouver une chevelure naturelle.<\/p>\n<blockquote class=\"ed__a-bq ed__bdy__l\">\n<p>Nous avons montr\u00e9 qu\u2019il est possible de relancer la pousse de cheveux avec un traitement topique, en r\u00e9activant les cellules souches sans avoir besoin d\u2019interventions invasives.<\/p>\n<p>William Lowry, professeur de biologie mol\u00e9culaire \u00e0 UCLA<\/p><\/blockquote>\n<p class=\"ed__a-p ed__bdy__l\">Comment ? En r\u00e9activant directement les cellules souches dormantes dans les follicules pileux, ces mini-organes qui produisent le cheveu. Une fonction que la mol\u00e9cule semble capable de relancer, au moins partiellement, chez l\u2019humain. Et sans chirurgie ni injection : PP405 se pr\u00e9sente sous forme de gel, \u00e0 appliquer simplement sur le cuir chevelu.<\/p>\n<p class=\"ed__a-p ed__bdy__l\">Les premiers r\u00e9sultats cliniques, men\u00e9s sur 78 participants, sont jug\u00e9s tr\u00e8s encourageants. En huit semaines, 31\u202f% des patients ont vu leur densit\u00e9 capillaire augmenter de plus de 20\u202f%. Ce ne sont pas des poils de p\u00eache, mais de vrais cheveux, selon les chercheurs. Certes, \u00e7a ne fonctionne pas sur tout le monde, mais l\u2019approche est bien document\u00e9e, bien tol\u00e9r\u00e9e, et techniquement prometteuse.<\/p>\n<blockquote class=\"ed__a-bq ed__bdy__l\">\n<p>Aucun traitement ne fonctionnera pour tout le monde, mais nos premiers essais sur l\u2019humain men\u00e9s dans le comt\u00e9 d\u2019Orange sont tr\u00e8s encourageants, et d\u2019autres, \u00e0 plus grande \u00e9chelle, sont \u00e0 venir [&#8230;]\u00a0L\u2019obtention des autorisations de la FDA prend toujours du temps, et c\u2019est normal. Mais cela vaudra la peine d\u2019attendre.<\/p>\n<p>William Lowry, professeur \u00e0 UCLA<\/p><\/blockquote>\n<p class=\"ed__a-p ed__bdy__l\">Pelage Pharmaceuticals, la start-up issue du labo UCLA, pr\u00e9pare d\u00e9j\u00e0 la suite. Si les prochaines \u00e9tapes confirment ces r\u00e9sultats, une Phase 3 pourrait s\u2019ouvrir d\u00e8s 2026, avec l\u2019objectif (non garanti) d\u2019une mise sur le march\u00e9 d\u2019ici la fin de la d\u00e9cennie.<\/p>\n<p class=\"ed__a-p ed__bdy__l\">Alors non, ce n\u2019est pas encore la fin de la calvitie. Mais pour la premi\u00e8re fois depuis longtemps, ce n\u2019est plus une blague non plus.<\/p>\n<p>            Publicit\u00e9, votre contenu continue ci-dessous<\/p>\n<p>        Publicit\u00e9<\/p>\n<p class=\"ed__a-p ed__bdy__l\">Envie de faire encore plus d&rsquo;\u00e9conomies ? D\u00e9couvrez <a href=\"https:\/\/www.lesnumeriques.com\/codes-promo.html\" rel=\"nofollow noopener\" target=\"_blank\">nos codes promo<\/a> s\u00e9lectionn\u00e9s pour vous.<\/p>\n","protected":false},"excerpt":{"rendered":"Illustration : application d\u2019un traitement topique sur une zone d\u00e9garnie du cuir chevelu \u2014 un geste similaire \u00e0&hellip;\n","protected":false},"author":2,"featured_media":264357,"comment_status":"","ping_status":"","sticky":false,"template":"","format":"standard","meta":{"footnotes":""},"categories":[7],"tags":[1011,27,43,40,41,39,42,44],"class_list":{"0":"post-264356","1":"post","2":"type-post","3":"status-publish","4":"format-standard","5":"has-post-thumbnail","7":"category-sciences-et-technologies","8":"tag-fr","9":"tag-france","10":"tag-science","11":"tag-science-and-technology","12":"tag-sciences","13":"tag-sciences-et-technologies","14":"tag-technologies","15":"tag-technology"},"share_on_mastodon":{"url":"https:\/\/pubeurope.com\/@fr\/114893531736287322","error":""},"_links":{"self":[{"href":"https:\/\/www.europesays.com\/fr\/wp-json\/wp\/v2\/posts\/264356","targetHints":{"allow":["GET"]}}],"collection":[{"href":"https:\/\/www.europesays.com\/fr\/wp-json\/wp\/v2\/posts"}],"about":[{"href":"https:\/\/www.europesays.com\/fr\/wp-json\/wp\/v2\/types\/post"}],"author":[{"embeddable":true,"href":"https:\/\/www.europesays.com\/fr\/wp-json\/wp\/v2\/users\/2"}],"replies":[{"embeddable":true,"href":"https:\/\/www.europesays.com\/fr\/wp-json\/wp\/v2\/comments?post=264356"}],"version-history":[{"count":0,"href":"https:\/\/www.europesays.com\/fr\/wp-json\/wp\/v2\/posts\/264356\/revisions"}],"wp:featuredmedia":[{"embeddable":true,"href":"https:\/\/www.europesays.com\/fr\/wp-json\/wp\/v2\/media\/264357"}],"wp:attachment":[{"href":"https:\/\/www.europesays.com\/fr\/wp-json\/wp\/v2\/media?parent=264356"}],"wp:term":[{"taxonomy":"category","embeddable":true,"href":"https:\/\/www.europesays.com\/fr\/wp-json\/wp\/v2\/categories?post=264356"},{"taxonomy":"post_tag","embeddable":true,"href":"https:\/\/www.europesays.com\/fr\/wp-json\/wp\/v2\/tags?post=264356"}],"curies":[{"name":"wp","href":"https:\/\/api.w.org\/{rel}","templated":true}]}}