{"id":264360,"date":"2025-07-21T22:16:13","date_gmt":"2025-07-21T22:16:13","guid":{"rendered":"https:\/\/www.europesays.com\/fr\/264360\/"},"modified":"2025-07-21T22:16:13","modified_gmt":"2025-07-21T22:16:13","slug":"torture-violences-sexuelles-le-venezuela-denonce-les-conditions-de-detention-dans-une-prison-du-salvador","status":"publish","type":"post","link":"https:\/\/www.europesays.com\/fr\/264360\/","title":{"rendered":"\u00ab\u00a0Torture\u00a0\u00bb, \u00ab\u00a0violences sexuelles\u00a0\u00bb\u2026 Le Venezuela d\u00e9nonce les conditions de d\u00e9tention dans une prison du Salvador"},"content":{"rendered":"<p>Accusations de <a href=\"https:\/\/www.20minutes.fr\/dossier\/torture\" target=\"_blank\" class=\"color-ultramarine c-link\" rel=\"noopener\">torture<\/a>, de <a href=\"https:\/\/www.20minutes.fr\/dossier\/violences_sexuelles\" target=\"_blank\" class=\"color-ultramarine c-link\" rel=\"noopener\">violences sexuelles<\/a> et de conditions inhumaines\u00a0: les t\u00e9moignages gla\u00e7ants de V\u00e9n\u00e9zu\u00e9liens expuls\u00e9s par les <a href=\"https:\/\/www.20minutes.fr\/monde\/etats-unis\/\" target=\"_blank\" class=\"color-ultramarine c-link\" rel=\"noopener\">Etats-Unis<\/a> et incarc\u00e9r\u00e9s au <a href=\"https:\/\/www.20minutes.fr\/dossier\/salvador\" target=\"_blank\" class=\"color-ultramarine c-link\" rel=\"noopener\">Salvador<\/a> secouent Caracas. Le <a href=\"https:\/\/www.20minutes.fr\/monde\/venezuela\/\" target=\"_blank\" class=\"color-ultramarine c-link\" rel=\"noopener\">Venezuela<\/a> a ouvert une enqu\u00eate contre le pr\u00e9sident salvadorien Nayib Bukele, apr\u00e8s le rapatriement de 252 de ses ressortissants d\u00e9tenus pendant quatre mois dans l\u2019immense <a href=\"https:\/\/www.20minutes.fr\/monde\/4074257-20240204-salvador-tortures-prisons-surpeuplees-comment-bukele-fait-guerre-gangs\" target=\"_blank\" class=\"color-ultramarine c-link\" rel=\"noopener\">prison de haute s\u00e9curit\u00e9 Cecot<\/a>, construite pour accueillir les membres des gangs salvadoriens.<\/p>\n<p>Ces <a href=\"https:\/\/www.20minutes.fr\/dossier\/migrants\" target=\"_blank\" class=\"color-ultramarine c-link\" rel=\"noopener\">migrants<\/a> avaient \u00e9t\u00e9 arr\u00eat\u00e9s puis expuls\u00e9s sans proc\u00e8s par les autorit\u00e9s am\u00e9ricaines en mars, en vertu d\u2019une loi de\u00a01798 sur les \u00ab\u00a0ennemis \u00e9trangers\u00a0\u00bb. Washington les soup\u00e7onnait d\u2019appartenir au redout\u00e9 gang criminel v\u00e9n\u00e9zu\u00e9lien <a href=\"https:\/\/www.20minutes.fr\/monde\/etats-unis\/4135408-20250124-etats-unis-gang-tren-aragua-donald-trump-veut-demanteler\" target=\"_blank\" class=\"color-ultramarine c-link\" rel=\"noopener\">Tren de Aragua<\/a>, class\u00e9 comme organisation terroriste. Leur d\u00e9tention au Salvador s\u2019est d\u00e9roul\u00e9e dans des conditions d\u00e9nonc\u00e9es comme inhumaines par Caracas.<\/p>\n<p>Quelque 80 procureurs mobilis\u00e9s<\/p>\n<p>\u00ab\u00a0Nous avons d\u00e9cid\u00e9 d\u2019ouvrir une enqu\u00eate officielle\u00a0\u00bb, a annonc\u00e9 lundi le procureur g\u00e9n\u00e9ral v\u00e9n\u00e9zu\u00e9lien, Tarek William Saab, lors d\u2019une conf\u00e9rence de presse \u00e0 Caracas. Il accuse Nayib Bukele et des membres de son gouvernement de crimes contre l\u2019humanit\u00e9. Appelant la <a href=\"https:\/\/www.20minutes.fr\/monde\/cpi\/\" target=\"_blank\" class=\"color-ultramarine c-link\" rel=\"noopener\">Cour p\u00e9nale internationale<\/a> et le Conseil des droits de l\u2019homme de l\u2019<a href=\"https:\/\/www.20minutes.fr\/monde\/onu\/\" target=\"_blank\" class=\"color-ultramarine c-link\" rel=\"noopener\">ONU<\/a> \u00e0 agir, il affirme que 80 procureurs ont \u00e9t\u00e9 mobilis\u00e9s pour interroger les migrants \u00e0 leur retour.<\/p>\n<\/p>\n<p>L\u2019un des t\u00e9moignages les plus marquants est celui d\u2019<a href=\"https:\/\/www.20minutes.fr\/monde\/4147496-20250408-etats-unis-maquilleur-gay-expulse-vers-prison-salvadorienne-proches-tres-inquiets-vie\" target=\"_blank\" class=\"color-ultramarine c-link\" rel=\"noopener\">Andry Hernandez Romero<\/a>, coiffeur et maquilleur de 32 ans\u00a0: \u00ab\u00a0Nous avons subi des tortures, des <a href=\"https:\/\/www.20minutes.fr\/dossier\/agression\" target=\"_blank\" class=\"color-ultramarine c-link\" rel=\"noopener\">agressions<\/a> physiques et psychologiques. J\u2019ai \u00e9t\u00e9 abus\u00e9 sexuellement par les autorit\u00e9s salvadoriennes elles-m\u00eames.\u00a0\u00bb Sur les images publi\u00e9es par le minist\u00e8re public, il parle d\u2019une d\u00e9tention o\u00f9 l\u2019on pensait ne \u00ab\u00a0jamais revoir\u00a0\u00bb sa famille.<\/p>\n<p>Non-respect total des droits humains<\/p>\n<p>Les r\u00e9cits convergent\u00a0: cellules sans lumi\u00e8re ni ventilation, isolement prolong\u00e9, <a href=\"https:\/\/www.20minutes.fr\/dossier\/nourriture\" target=\"_blank\" class=\"color-ultramarine c-link\" rel=\"noopener\">nourriture<\/a> avari\u00e9e, eau impropre \u00e0 la consommation, interdiction de contact avec un avocat ou leurs proches, et usage de balles en caoutchouc contre les d\u00e9tenus. Un traitement que le parquet v\u00e9n\u00e9zu\u00e9lien qualifie d\u2019\u00ab\u00a0attaques syst\u00e9matiques\u00a0\u00bb.<\/p>\n<p><a href=\"https:\/\/www.20minutes.fr\/monde\/droits_de_l_homme-1\/\" target=\"_blank\" class=\"c-link c-btn c-btn--primary\" rel=\"noopener\">Notre dossier sur les droits humains<\/a><\/p>\n<p>Le retour des migrants s\u2019inscrit dans un accord de derni\u00e8re minute conclu entre Caracas et Washington. En \u00e9change de leur lib\u00e9ration, les autorit\u00e9s v\u00e9n\u00e9zu\u00e9liennes ont rel\u00e2ch\u00e9 dix citoyens et r\u00e9sidents am\u00e9ricains d\u00e9tenus dans leurs propres prisons, ainsi que 80 prisonniers politiques pr\u00e9sum\u00e9s. Selon Jorge Rodriguez, pr\u00e9sident du Parlement et n\u00e9gociateur c\u00f4t\u00e9 v\u00e9n\u00e9zu\u00e9lien, \u00ab\u00a0les n\u00e9gociations ont \u00e9t\u00e9 uniquement avec le gouvernement des Etats-Unis\u00a0\u00bb. Et d\u2019ajouter, en visant Bukele\u00a0: \u00ab\u00a0Il ne nous est jamais venu \u00e0 l\u2019esprit de parler au clown.\u00a0\u00bb<\/p>\n","protected":false},"excerpt":{"rendered":"Accusations de torture, de violences sexuelles et de conditions inhumaines\u00a0: les t\u00e9moignages gla\u00e7ants de V\u00e9n\u00e9zu\u00e9liens expuls\u00e9s par les&hellip;\n","protected":false},"author":2,"featured_media":264361,"comment_status":"","ping_status":"","sticky":false,"template":"","format":"standard","meta":{"footnotes":""},"categories":[5],"tags":[47,11,1120,4625,16606,73,1011,27,14,1251,74,12,3521,806,24621,337,799,28],"class_list":{"0":"post-264360","1":"post","2":"type-post","3":"status-publish","4":"format-standard","5":"has-post-thumbnail","7":"category-international","8":"tag-actualite","9":"tag-actualites","10":"tag-agression","11":"tag-droits-humains","12":"tag-el-salvador","13":"tag-etats-unis","14":"tag-fr","15":"tag-france","16":"tag-international","17":"tag-migrants","18":"tag-monde","19":"tag-news","20":"tag-onu","21":"tag-prison","22":"tag-torture","23":"tag-venezuela","24":"tag-violences-sexuelles","25":"tag-world"},"share_on_mastodon":{"url":"https:\/\/pubeurope.com\/@fr\/114893539594241755","error":""},"_links":{"self":[{"href":"https:\/\/www.europesays.com\/fr\/wp-json\/wp\/v2\/posts\/264360","targetHints":{"allow":["GET"]}}],"collection":[{"href":"https:\/\/www.europesays.com\/fr\/wp-json\/wp\/v2\/posts"}],"about":[{"href":"https:\/\/www.europesays.com\/fr\/wp-json\/wp\/v2\/types\/post"}],"author":[{"embeddable":true,"href":"https:\/\/www.europesays.com\/fr\/wp-json\/wp\/v2\/users\/2"}],"replies":[{"embeddable":true,"href":"https:\/\/www.europesays.com\/fr\/wp-json\/wp\/v2\/comments?post=264360"}],"version-history":[{"count":0,"href":"https:\/\/www.europesays.com\/fr\/wp-json\/wp\/v2\/posts\/264360\/revisions"}],"wp:featuredmedia":[{"embeddable":true,"href":"https:\/\/www.europesays.com\/fr\/wp-json\/wp\/v2\/media\/264361"}],"wp:attachment":[{"href":"https:\/\/www.europesays.com\/fr\/wp-json\/wp\/v2\/media?parent=264360"}],"wp:term":[{"taxonomy":"category","embeddable":true,"href":"https:\/\/www.europesays.com\/fr\/wp-json\/wp\/v2\/categories?post=264360"},{"taxonomy":"post_tag","embeddable":true,"href":"https:\/\/www.europesays.com\/fr\/wp-json\/wp\/v2\/tags?post=264360"}],"curies":[{"name":"wp","href":"https:\/\/api.w.org\/{rel}","templated":true}]}}