{"id":264364,"date":"2025-07-21T22:18:34","date_gmt":"2025-07-21T22:18:34","guid":{"rendered":"https:\/\/www.europesays.com\/fr\/264364\/"},"modified":"2025-07-21T22:18:34","modified_gmt":"2025-07-21T22:18:34","slug":"deux-soldats-israeliens-soupconnes-de-crimes-de-guerre-a-gaza-arretes-a-tomorrowland","status":"publish","type":"post","link":"https:\/\/www.europesays.com\/fr\/264364\/","title":{"rendered":"Deux soldats isra\u00e9liens soup\u00e7onn\u00e9s de crimes de guerre \u00e0 Gaza arr\u00eat\u00e9s \u00e0 Tomorrowland"},"content":{"rendered":"<p>Il s\u2019agit d\u2019une premi\u00e8re en Europe\u00a0: <a href=\"https:\/\/www.humanite.fr\/monde\/armee-israelienne\/gaza-deux-soldats-franco-israeliens-vises-par-une-plainte-pour-crimes-contre-lhumanite\" target=\"_blank\" rel=\"noopener\">deux soldats de l\u2019arm\u00e9e isra\u00e9lienne<\/a>, pr\u00e9sents en Belgique pour assister \u00e0 l\u2019\u00e9dition 2025 du festival de musique \u00e9lectronique Tomorrowland, \u00e0 Boom, ont \u00e9t\u00e9 arr\u00eat\u00e9s dimanche 20\u00a0juillet et interrog\u00e9s par la police f\u00e9d\u00e9rale belge s\u2019agissant de leur possible implication dans des crimes de guerre commis dans la bande de Gaza, avant d\u2019\u00eatre rel\u00e2ch\u00e9s. Ils ont \u00e9t\u00e9 reconnus dans la foule apr\u00e8s avoir arbor\u00e9 un drapeau de la brigade Givati, une unit\u00e9 d\u2019infanterie de l\u2019arm\u00e9e isra\u00e9lienne.<\/p>\n<p>Cette enqu\u00eate intervient suite au d\u00e9p\u00f4t de deux plaintes, vendredi et samedi dernier, de la part de Fondation Hind Rajab (HRF) et du Global Legal Action Network (GLAN, r\u00e9seau international de juristes sp\u00e9cialis\u00e9s dans les violations des droits humains), s\u2019agissant \u00ab\u00a0de graves violations du droit international humanitaire qui auraient \u00e9t\u00e9 commises dans la bande de Gaza par deux membres de l\u2019arm\u00e9e isra\u00e9lienne\u00a0\u00bb, a d\u00e9clar\u00e9 le parquet g\u00e9n\u00e9ral belge lundi 21\u00a0juillet.<\/p>\n<p>Comp\u00e9tence universelle <\/p>\n<p>D\u2019apr\u00e8s GLAN, qui a visionn\u00e9 des contenus post\u00e9s par les int\u00e9ress\u00e9s sur leurs r\u00e9seaux sociaux respectifs, sont en cause\u00a0des attaques volontaires contre des zones civiles, des habitations et des h\u00f4pitaux, le recours \u00e0 la torture et aux boucliers humains, et des d\u00e9tentions arbitraires massives et d\u00e9placements forc\u00e9s de civils. <\/p>\n<p>C\u2019est la premi\u00e8re fois qu\u2019un pays europ\u00e9en reconna\u00eet une comp\u00e9tence universelle s\u2019agissant de crimes de guerre commis par des soldats isra\u00e9liens. Les suspects ne sont pas Belges et les faits se sont d\u00e9roul\u00e9s \u00e0 l\u2019\u00e9tranger. Le bureau du procureur s\u2019est fond\u00e9 sur le nouvel article\u00a014\/10 du titre pr\u00e9liminaire du Code de proc\u00e9dure p\u00e9nale belge, entr\u00e9 en vigueur en avril 2024, en vertu duquel est attribu\u00e9e aux juridictions belges la comp\u00e9tence pour conna\u00eetre des crimes commis hors de Belgique sur la base des Conventions de Gen\u00e8ve de 1949 et de la Convention contre la torture de 1984. Pour l\u2019heure, l\u2019enqu\u00eate suit son cours.<\/p>\n<p>25 \u00c9tats appellent \u00e0 faire \u00ab\u00a0cesser imm\u00e9diatement\u00a0\u00bb le massacre \u00e0 Gaza<\/p>\n<p>\u00ab\u00a0Nous continuerons \u00e0 soutenir la proc\u00e9dure en cours et appelons les autorit\u00e9s belges \u00e0 poursuivre l\u2019enqu\u00eate de mani\u00e8re compl\u00e8te et ind\u00e9pendante. La justice ne doit pas s\u2019arr\u00eater l\u00e0 \u2013 et nous sommes d\u00e9termin\u00e9s \u00e0 aller jusqu\u2019au bout\u00a0\u00bb, ont r\u00e9agi la HRF et le GLAN dans un communiqu\u00e9 conjoint. Ils ajoutent qu\u2019\u00e0 \u00ab\u00a0une \u00e9poque o\u00f9 beaucoup trop de gouvernements restent silencieux, cette action envoie un message clair\u00a0: les preuves cr\u00e9dibles de crimes internationaux doivent faire l\u2019objet d\u2019une r\u00e9ponse juridique, et non d\u2019une indiff\u00e9rence politique\u00a0\u00bb. Il est vrai que les nombreuses condamnations europ\u00e9ennes depuis plusieurs mois face au g\u00e9nocide \u00e0 l\u2019\u0153uvre dans la bande de Gaza sont autant de coups d\u2019\u00e9p\u00e9e dans l\u2019eau, tant elles ont \u00e9t\u00e9 <a href=\"https:\/\/www.humanite.fr\/monde\/bande-de-gaza\/lue-refuse-toujours-de-sanctionner-israel-alors-que-le-bilan-humain-du-genocide-a-gaza-ne-fait-que-salourdir\" target=\"_blank\" rel=\"noopener\">exemptes de sanctions \u00e0 l\u2019encontre d\u2019Isra\u00ebl<\/a>.<\/p>\n<p>Ce lundi, vingt-cinq \u00c9tats, dont la Belgique, la France, le Canada ou encore l\u2019Espagne, ont adopt\u00e9 une d\u00e9claration conjointe appelant \u00e0 faire \u00ab\u00a0cesser imm\u00e9diatement\u00a0\u00bb le massacre dans l\u2019enclave palestinienne. \u00ab\u00a0La souffrance des civils \u00e0 Gaza a atteint de nouveaux sommets, ajoutent ses signataires. Le mod\u00e8le de distribution de l\u2019aide mis en place par le gouvernement isra\u00e9lien est dangereux, alimente l\u2019instabilit\u00e9 et prive les Gazaouis de leur dignit\u00e9 humaine\u00a0\u00bb. Il \u00e9tait grand temps que ces faits soient clairement reconnus, et ce par de nombreux pays. \u00c0 quand des actes\u00a0?<\/p>\n<p>Urgence pour l\u2019Humanit\u00e9<br \/>Votre don peut tout changer<\/p>\n<p>Faites vivre un m\u00e9dia libre et engag\u00e9, toujours du c\u00f4t\u00e9 de celles et ceux qui luttent<br \/><a href=\"https:\/\/abonnement.humanite.fr\/don-humanite\/\" data-type=\"link\" data-id=\"https:\/\/stage.preprod.humanite.fr\/lhumanite-cest-vous\" target=\"_blank\" rel=\"noopener\">Je veux en savoir plus<\/a><\/p>\n","protected":false},"excerpt":{"rendered":"Il s\u2019agit d\u2019une premi\u00e8re en Europe\u00a0: deux soldats de l\u2019arm\u00e9e isra\u00e9lienne, pr\u00e9sents en Belgique pour assister \u00e0 l\u2019\u00e9dition&hellip;\n","protected":false},"author":2,"featured_media":264365,"comment_status":"","ping_status":"","sticky":false,"template":"","format":"standard","meta":{"footnotes":""},"categories":[2],"tags":[11,27424,4628,828,1011,27,665,19082,12],"class_list":{"0":"post-264364","1":"post","2":"type-post","3":"status-publish","4":"format-standard","5":"has-post-thumbnail","7":"category-actualites","8":"tag-actualites","9":"tag-armu00e9e-israu00e9lienne","10":"tag-bande-de-gaza","11":"tag-belgique","12":"tag-fr","13":"tag-france","14":"tag-gaza","15":"tag-gu00e9nocide","16":"tag-news"},"share_on_mastodon":{"url":"https:\/\/pubeurope.com\/@fr\/114893547477814940","error":""},"_links":{"self":[{"href":"https:\/\/www.europesays.com\/fr\/wp-json\/wp\/v2\/posts\/264364","targetHints":{"allow":["GET"]}}],"collection":[{"href":"https:\/\/www.europesays.com\/fr\/wp-json\/wp\/v2\/posts"}],"about":[{"href":"https:\/\/www.europesays.com\/fr\/wp-json\/wp\/v2\/types\/post"}],"author":[{"embeddable":true,"href":"https:\/\/www.europesays.com\/fr\/wp-json\/wp\/v2\/users\/2"}],"replies":[{"embeddable":true,"href":"https:\/\/www.europesays.com\/fr\/wp-json\/wp\/v2\/comments?post=264364"}],"version-history":[{"count":0,"href":"https:\/\/www.europesays.com\/fr\/wp-json\/wp\/v2\/posts\/264364\/revisions"}],"wp:featuredmedia":[{"embeddable":true,"href":"https:\/\/www.europesays.com\/fr\/wp-json\/wp\/v2\/media\/264365"}],"wp:attachment":[{"href":"https:\/\/www.europesays.com\/fr\/wp-json\/wp\/v2\/media?parent=264364"}],"wp:term":[{"taxonomy":"category","embeddable":true,"href":"https:\/\/www.europesays.com\/fr\/wp-json\/wp\/v2\/categories?post=264364"},{"taxonomy":"post_tag","embeddable":true,"href":"https:\/\/www.europesays.com\/fr\/wp-json\/wp\/v2\/tags?post=264364"}],"curies":[{"name":"wp","href":"https:\/\/api.w.org\/{rel}","templated":true}]}}