{"id":264373,"date":"2025-07-21T22:26:12","date_gmt":"2025-07-21T22:26:12","guid":{"rendered":"https:\/\/www.europesays.com\/fr\/264373\/"},"modified":"2025-07-21T22:26:12","modified_gmt":"2025-07-21T22:26:12","slug":"ferme-depuis-17-ans-le-sentier-littoral-des-douaniers-est-de-nouveau-accessible-au-public-a-toulon","status":"publish","type":"post","link":"https:\/\/www.europesays.com\/fr\/264373\/","title":{"rendered":"Ferm\u00e9 depuis 17 ans, le sentier littoral des douaniers est de nouveau accessible au public \u00e0 Toulon"},"content":{"rendered":"<p>Il en aura fallu de la patience pour emprunter de nouveau de sentier des douaniers en bas du Cap Brun. De la patience, et de l\u2019argent! La totalit\u00e9 de la facture avoisine les 1,5 million d\u2019euros (1 million pay\u00e9 par les propri\u00e9taires priv\u00e9s et 500.000 euros par la M\u00e9tropole). On rembobine.<\/p>\n<p>En 2008, un glissement de terrain et l\u2019effondrement du mur de sout\u00e8nement de la propri\u00e9t\u00e9 (R\u00e9sidence du Cap Brun) entra\u00eenent la fermeture de l\u2019acc\u00e8s au public. D\u00e8s 2009, des \u00e9tudes sont r\u00e9alis\u00e9es pour d\u00e9finir l\u2019ampleur du chantier \u00e0 r\u00e9aliser. Entre 2011 et 2015, plusieurs conventions sont sign\u00e9es avec le propri\u00e9taire sans pour autant qu\u2019aucun chantier ne soit lanc\u00e9. Il faut dire que l\u2019affaire est compliqu\u00e9e \u00e0 g\u00e9rer puisqu\u2019elle implique \u00e0 la fois la collectivit\u00e9 et des propri\u00e9taires priv\u00e9s. Le temps a n\u00e9anmoins fait son \u0153uvre\u2026 En 2023, le propri\u00e9taire priv\u00e9 effectue les travaux de confortement. Et en 2024, c\u2019est au tour de la M\u00e9tropole d\u2019entrer en action. En octobre, le chantier d\u00e9marre pour plusieurs mois. Et ce n\u2019est que ce lundi que cette portion du sentier du littoral a officiellement \u00e9t\u00e9 inaugur\u00e9e.<\/p>\n<p>De la R\u00e9sidence jusqu\u2019\u00e0 M\u00e9jean<\/p>\n<p>              <img ci-src=\"https:\/\/www.varmatin.com\/vie-locale\/protec\/DATA_ART_15944952-OI42C9Lt.jpg?vh=ff00bd&amp;ci_seal=c45d79c65a\" alt=\"\"\/><br \/>\n         <strong>Photos Camille Dodet.<\/strong> <\/p>\n<p>\u00ab\u00a0C\u2019est un joyau pour Toulon, sa r\u00e9ouverture est donc embl\u00e9matique\u00a0\u00bb, commente la maire Jos\u00e9e Massi. Outre la vue magnifique, le visiteur profite d\u2019un espace d\u00e9sormais s\u00e9curis\u00e9. Des ouvrages de confortement (type paroi clou\u00e9e) ont \u00e9t\u00e9 r\u00e9alis\u00e9s. Trois passerelles en bois ont \u00e9galement \u00e9t\u00e9 install\u00e9es tout comme des garde-corps m\u00e9talliques. Le mat\u00e9riel comme les enduits ont \u00e9t\u00e9 choisis dans des tons neutres qui se confondent parfaitement avec le paysage.<\/p>\n<p>Les travaux ont concern\u00e9 quelque 200 m\u00e8tres lin\u00e9aires. Mais gr\u00e2ce \u00e0 eux, il est d\u00e9sormais possible de se rendre du Cap Brun jusqu\u2019\u00e0 M\u00e9jean par le sentier du littoral.<\/p>\n<p>Et ensuite?<\/p>\n<p>              <img ci-src=\"https:\/\/www.varmatin.com\/vie-locale\/protec\/DATA_ART_15944951-7zNThzZC.jpg?vh=8401c4&amp;ci_seal=fdd7ebdd11\" alt=\"\"\/><\/p>\n<p>Pour pouvoir faire la totalit\u00e9 du parcours toulonnais, il faudra n\u00e9anmoins patienter encore plusieurs mois. Pour relier La Mitre \u00e0 M\u00e9jean, il manque encore une portion, celle qui va du Yacht-Club au Mourillon jusqu\u2019\u00e0 la R\u00e9sidence du Cap Brun. Des soucis juridiques opposent toujours un propri\u00e9taire priv\u00e9 \u00e0 TPM. La M\u00e9tropole esp\u00e8re rapidement trouver un accord. Pour qu\u2019enfin, l\u2019ensemble du sentier du littoral soit accessible (1).<\/p>\n<p>1. Un itin\u00e9raire de contournement par la Corniche de Gaulle est propos\u00e9.<\/p>\n<p>            Les prochains grands chantiers sur la M\u00e9tropole <\/p>\n<p>Le territoire ne compte pas moins de 52km de c\u00f4te accessible entre Six-Fours et la presqu\u2019\u00eele de Giens. Depuis que la M\u00e9tropole en a la charge, en 2003, ce sont quelque 20km de sentiers qui ont \u00e9t\u00e9 r\u00e9habilit\u00e9s, \u00e0 l\u2019image ce qui vient d\u2019\u00eatre fait au Cap Brun ou plus t\u00f4t dans l\u2019ann\u00e9e au Pradet. Et d\u2019apr\u00e8s TPM, les travaux vont continuer dans les prochains mois.<\/p>\n<p><strong>Aux abords du port du Niel<\/strong><\/p>\n<p>Le prochain gros chantier se d\u00e9roulera du c\u00f4t\u00e9 d\u2019Hy\u00e8res. \u00ab\u00a0En septembre, nous allons d\u00e9marrer les travaux\u00a0\u00bb, annonce Dorian Roggero, du service gestion durable du littoral \u00e0 la M\u00e9tropole. \u00ab\u00a0La s\u00e9curisation au niveau de l\u2019H\u00f4tel Le Proven\u00e7al sera \u00e9galement effectu\u00e9e\u00a0\u00bb, ajoute-t-il. Objectif: pouvoir rejoindre le port du Niel jusqu\u2019\u00e0 la Badine par le sentier sans interruption \u00e0 l\u2019\u00e9t\u00e9 2026.<\/p>\n<p><strong>Un itin\u00e9raire bis \u00e0 Saint-Mandrier<\/strong><\/p>\n<p>Autre projet sur les rails: \u00e0 Saint-Mandrier cette fois. Il s\u2019agira ici d\u2019\u00e9tablir un itin\u00e9raire bis au sentier Sainte-Asile Saint-Elme.<\/p>\n<p>Et si les travaux se font pas \u00e0 pas assure la collectivit\u00e9, c\u2019est parce qu\u2019ils sont difficiles \u00e0 r\u00e9aliser. L\u2019acc\u00e8s est parfois compliqu\u00e9 et surtout ils sont soumis \u00ab\u00a0au calendrier \u00e9cologique\u00a0\u00bb. \u00ab\u00a0Nous n\u2019avons qu\u2019une petite fen\u00eatre de tir pour les effectuer\u00a0\u00bb, explique Dorian Roggero.<\/p>\n<p>              <img ci-src=\"https:\/\/www.varmatin.com\/vie-locale\/protec\/DATA_ART_15944949-zXLqqQID.jpg?vh=6dff8d&amp;ci_seal=41529b99d2\" alt=\"\"\/><br \/>\n        Le port du Niel, du c\u00f4t\u00e9 d\u2019Hy\u00e8res. <strong>Photo doc L. B..<\/strong> <\/p>\n","protected":false},"excerpt":{"rendered":"Il en aura fallu de la patience pour emprunter de nouveau de sentier des douaniers en bas du&hellip;\n","protected":false},"author":2,"featured_media":264374,"comment_status":"","ping_status":"","sticky":false,"template":"","format":"standard","meta":{"footnotes":""},"categories":[9619],"tags":[1111,11,1777,674,1011,27,12,882,25,2310,3366],"class_list":{"0":"post-264373","1":"post","2":"type-post","3":"status-publish","4":"format-standard","5":"has-post-thumbnail","7":"category-toulon","8":"tag-actu","9":"tag-actualites","10":"tag-eu","11":"tag-europe","12":"tag-fr","13":"tag-france","14":"tag-news","15":"tag-provence-alpes-cote-dazur","16":"tag-republique-francaise","17":"tag-toulon","18":"tag-vie-locale"},"share_on_mastodon":{"url":"https:\/\/pubeurope.com\/@fr\/114893578868344773","error":""},"_links":{"self":[{"href":"https:\/\/www.europesays.com\/fr\/wp-json\/wp\/v2\/posts\/264373","targetHints":{"allow":["GET"]}}],"collection":[{"href":"https:\/\/www.europesays.com\/fr\/wp-json\/wp\/v2\/posts"}],"about":[{"href":"https:\/\/www.europesays.com\/fr\/wp-json\/wp\/v2\/types\/post"}],"author":[{"embeddable":true,"href":"https:\/\/www.europesays.com\/fr\/wp-json\/wp\/v2\/users\/2"}],"replies":[{"embeddable":true,"href":"https:\/\/www.europesays.com\/fr\/wp-json\/wp\/v2\/comments?post=264373"}],"version-history":[{"count":0,"href":"https:\/\/www.europesays.com\/fr\/wp-json\/wp\/v2\/posts\/264373\/revisions"}],"wp:featuredmedia":[{"embeddable":true,"href":"https:\/\/www.europesays.com\/fr\/wp-json\/wp\/v2\/media\/264374"}],"wp:attachment":[{"href":"https:\/\/www.europesays.com\/fr\/wp-json\/wp\/v2\/media?parent=264373"}],"wp:term":[{"taxonomy":"category","embeddable":true,"href":"https:\/\/www.europesays.com\/fr\/wp-json\/wp\/v2\/categories?post=264373"},{"taxonomy":"post_tag","embeddable":true,"href":"https:\/\/www.europesays.com\/fr\/wp-json\/wp\/v2\/tags?post=264373"}],"curies":[{"name":"wp","href":"https:\/\/api.w.org\/{rel}","templated":true}]}}