{"id":264379,"date":"2025-07-21T22:29:13","date_gmt":"2025-07-21T22:29:13","guid":{"rendered":"https:\/\/www.europesays.com\/fr\/264379\/"},"modified":"2025-07-21T22:29:13","modified_gmt":"2025-07-21T22:29:13","slug":"tour-de-france-etape-16-horaires-et-points-de-passages-de-la-caravane-entre-montpellier-et-le-mont-ventoux","status":"publish","type":"post","link":"https:\/\/www.europesays.com\/fr\/264379\/","title":{"rendered":"Tour de France, \u00e9tape 16 : horaires et points de passages de la caravane entre Montpellier et le Mont Ventoux"},"content":{"rendered":"<p class=\"paragraph text_align_left lp-f-body-02\">Le parcours sera anim\u00e9 d\u00e8s 10h40 le mardi 22 juillet avec le d\u00e9part de la caravane de Montpellier lors de <a href=\"https:\/\/www.leparisien.fr\/sports\/cyclisme\/tour-de-france\/tour-de-france-2025-le-parcours-et-le-profil-de-letape-16-entre-montpellier-et-le-mont-ventoux-02-07-2025-AYOBAVA3KFFN5ABIFDTFB54ABI.php\" target=\"_self\" rel=\"nofollow noopener\">la 16e \u00e9tape<\/a> du <a href=\"https:\/\/www.leparisien.fr\/sports\/cyclisme\/tour-de-france\/\" target=\"_blank\" rel=\"noreferrer nofollow noopener\">Tour de France<\/a>. Son arriv\u00e9e \u00e0 Mont Ventoux est pr\u00e9vue vers 15h12, tandis que le peloton s\u2019\u00e9lancera \u00e0 12h40.<\/p>\n<p>Les horaires et points de passage d\u00e9taill\u00e9s<\/p>\n<p class=\"paragraph text_align_left lp-f-body-02\">Pour chaque ville, consultez l\u2019heure de passage de la caravane. Exemple : la caravane sera \u00e0 Bourdic (Gard), \u00e0 12h06, au 60,3e kilom\u00e8tre de l\u2019\u00e9tape.<\/p>\n<p><img decoding=\"async\" class=\"image \" loading=\"lazy\" src=\"https:\/\/www.europesays.com\/fr\/wp-content\/uploads\/2025\/07\/EFZ6QW2QNRG4XJQ4NZSC5COSUQ.jpg\" alt=\"\" align=\"\" data-rubrique-principale=\"\" data-article-type=\"\" fetchpriority=\"auto\"\/><\/p>\n<ul class=\"margin_bottom_md fs_18_26 fs_20_28_ad blue-dot\">\n<li class=\"mb_150 pl_325\">10:10 &#8211; VC MONTPELLIER (VC-M112)<\/li>\n<li class=\"mb_150 pl_325\">10:21 &#8211; Passage \u00e0 niveau : tramway<\/li>\n<li class=\"mb_150 pl_325\">10:22 &#8211; Passage \u00e0 niveau : tramway<\/li>\n<li class=\"mb_150 pl_325\">10:23 &#8211; Passage \u00e0 niveau : tramway<\/li>\n<li class=\"mb_150 pl_325\">10:30 &#8211; M112 MONTFERRIER-SUR-LEZ (M112-M17 E11-M17)<\/li>\n<li class=\"mb_150 pl_325\">10:36 &#8211; M17 PRADES-LE-LEZ<\/li>\n<li class=\"mb_150 pl_325\">10:40 &#8211; MONTPELLIER<\/li>\n<li class=\"mb_150 pl_325\">10:41 &#8211; Le Patus (SAINT-VINCENT-DE-BARBEYRARGUES)<\/li>\n<li class=\"mb_150 pl_325\">10:47 &#8211; D17 LE TRIADOU (pr\u00e8s)<\/li>\n<li class=\"mb_150 pl_325\">10:50 &#8211; SAINT-MATHIEU-DE-TR\u00c9VIERS<\/li>\n<li class=\"mb_150 pl_325\">10:56 &#8211; VALFLAUN\u00c8S (pr\u00e8s)<\/li>\n<li class=\"mb_150 pl_325\">10:58 &#8211; Les Cabanelles<\/li>\n<li class=\"mb_150 pl_325\">11:04 &#8211; SAUTEYRARGUES (pr\u00e8s)<\/li>\n<li class=\"mb_150 pl_325\">11:07 &#8211; GARD (30)<\/li>\n<li class=\"mb_150 pl_325\">11:09 &#8211; D45 CORCONNE<\/li>\n<li class=\"mb_150 pl_325\">11:13 &#8211; Baubiac (BROUZET-L\u00c8S-QUISSAC) (pr\u00e8s)<\/li>\n<li class=\"mb_150 pl_325\">11:15 &#8211; Cauvessargues (LIOUC)<\/li>\n<li class=\"mb_150 pl_325\">11:18 &#8211; Marascou (pr\u00e8s)<\/li>\n<li class=\"mb_150 pl_325\">11:20 &#8211; QUISSAC (D45-D999-D35-D27)<\/li>\n<li class=\"mb_150 pl_325\">11:26 &#8211; Nogar\u00e8de (BRAGASSARGUES)<\/li>\n<li class=\"mb_150 pl_325\">11:29 &#8211; Mas de Valentine (PUECHREDON) (pr\u00e8s)<\/li>\n<li class=\"mb_150 pl_325\">11:32 &#8211; SAINT-TH\u00c9ODORIT<\/li>\n<li class=\"mb_150 pl_325\">11:34 &#8211; Lauzette<\/li>\n<li class=\"mb_150 pl_325\">11:35 &#8211; Carrefour D27-D6110<\/li>\n<li class=\"mb_150 pl_325\">11:36 &#8211; D6110 Carrefour D6110-D8<\/li>\n<li class=\"mb_150 pl_325\">11:39 &#8211; D8 AIGREMONT<\/li>\n<li class=\"mb_150 pl_325\">11:40 &#8211; Les Baraquettes<\/li>\n<li class=\"mb_150 pl_325\">11:44 &#8211; DOMESSARGUES<\/li>\n<li class=\"mb_150 pl_325\">11:48 &#8211; Nozi\u00e8res (BOUCOIRAN-ET-NOZI\u00c8RES)<\/li>\n<li class=\"mb_150 pl_325\">11:50 &#8211; Passage \u00e0 niveau N\u00b0 135.<\/li>\n<li class=\"mb_150 pl_325\">11:50 &#8211; BRIGNON-Le Plagnol (D8-D936)<\/li>\n<li class=\"mb_150 pl_325\">11:50 &#8211; D936 La R\u00e9glisserie<\/li>\n<li class=\"mb_150 pl_325\">11:52 &#8211; Carrefour D936-D725<\/li>\n<li class=\"mb_150 pl_325\">11:53 &#8211; D725 MOUSSAC (D725-D982)<\/li>\n<li class=\"mb_150 pl_325\">11:58 &#8211; D982 Mas de Pinet (SAINT-CHAPTES, SAINT-D\u00c9Z\u00c9RY)<\/li>\n<li class=\"mb_150 pl_325\">12:03 &#8211; Garrigues (GARRIGUES-SAINTE-EULALIE)<\/li>\n<li class=\"mb_150 pl_325\">12:06 &#8211; BOURDIC (pr\u00e8s)<\/li>\n<li class=\"mb_150 pl_325\">12:06 &#8211; AUBUSSARGUES (pr\u00e8s)<\/li>\n<li class=\"mb_150 pl_325\">12:09 &#8211; Aureilhac (ARPAILLARGUES-ET-AUREILLAC)<\/li>\n<li class=\"mb_150 pl_325\">12:11 &#8211; Arpaillargues (ARPAILLARGUES-ET-AUREILLAC)<\/li>\n<li class=\"mb_150 pl_325\">12:16 &#8211; UZ\u00c8S (D982-VC-D982)<\/li>\n<li class=\"mb_150 pl_325\">12:23 &#8211; Rocheferrand (SAINT-SIFFRET) (pr\u00e8s)<\/li>\n<li class=\"mb_150 pl_325\">12:27 &#8211; SAINT-HIPPOLYTE-DE-MONTAIGU<\/li>\n<li class=\"mb_150 pl_325\">12:29 &#8211; Vallagrand (FLAUX) (pr\u00e8s)<\/li>\n<li class=\"mb_150 pl_325\">12:34 &#8211; Mas de Ladet (LA CAPELLE-ET-MASMOL\u00c8NE)<\/li>\n<li class=\"mb_150 pl_325\">12:40 &#8211; POUZILHAC (pr\u00e8s) (D982-D6086)<\/li>\n<li class=\"mb_150 pl_325\">12:44 &#8211; D6086 GAUJAC (pr\u00e8s)<\/li>\n<li class=\"mb_150 pl_325\">12:46 &#8211; CONNAUX (pr\u00e8s) (D6086-D145)<\/li>\n<li class=\"mb_150 pl_325\">12:48 &#8211; D145 SAINT-PAUL-LES-FONTS<\/li>\n<li class=\"mb_150 pl_325\">12:53 &#8211; SAINT-VICTOR-LA-COSTE (D145-D101)<\/li>\n<li class=\"mb_150 pl_325\">12:59 &#8211; D101 SAINT-LAURENT-DES-ARBRES (D101-D26-D101)<\/li>\n<li class=\"mb_150 pl_325\">13:03 &#8211; SAINT-GENI\u00c8S-DE-COMOLAS (D101-D980)<\/li>\n<li class=\"mb_150 pl_325\">13:09 &#8211; D980 ROQUEMAURE (pr\u00e8s) (D980-D976)<\/li>\n<li class=\"mb_150 pl_325\">13:12 &#8211; VAUCLUSE (84)<\/li>\n<li class=\"mb_150 pl_325\">13:14 &#8211; D976 Carrefour D976-D17<\/li>\n<li class=\"mb_150 pl_325\">13:15 &#8211; D17 Le Lampourdier (ORANGE)<\/li>\n<li class=\"mb_150 pl_325\">13:20 &#8211; CH\u00c2TEAUNEUF-DU-PAPE (D17-D92) (entr\u00e9e)<\/li>\n<li class=\"mb_150 pl_325\">13:21 &#8211; CH\u00c2TEAUNEUF-DU-PAPE<\/li>\n<li class=\"mb_150 pl_325\">13:28 &#8211; D92 Les Sourci\u00e8res (D92-VC)<\/li>\n<li class=\"mb_150 pl_325\">13:30 &#8211; VC COURTH\u00c9ZON (VC-D950)<\/li>\n<li class=\"mb_150 pl_325\">13:37 &#8211; D950 Beauregard (JONQUI\u00c8RES) (pr\u00e8s)<\/li>\n<li class=\"mb_150 pl_325\">13:44 &#8211; SARRIANS (D950-D55)<\/li>\n<li class=\"mb_150 pl_325\">13:51 &#8211; D55 AUBIGNAN (D55-D7-D55)<\/li>\n<li class=\"mb_150 pl_325\">14:01 &#8211; CAROMB (D55-D70-D55)<\/li>\n<li class=\"mb_150 pl_325\">14:04 &#8211; MOD\u00c8NE<\/li>\n<li class=\"mb_150 pl_325\">14:06 &#8211; SAINT-PIERRE-DE-VASSOLS<\/li>\n<li class=\"mb_150 pl_325\">14:08 &#8211; Le Pont de Crillon (CRILLON-LE-BRAVE) (D55-D138)<\/li>\n<li class=\"mb_150 pl_325\">14:08 &#8211; D138 Saint-Denis (CRILLON-LE-BRAVE) (D138-D974)<\/li>\n<li class=\"mb_150 pl_325\">14:13 &#8211; D974 B\u00c9DOIN<\/li>\n<li class=\"mb_150 pl_325\">14:20 &#8211; Sainte-Colombe<\/li>\n<li class=\"mb_150 pl_325\">14:21 &#8211; Les Bruns<\/li>\n<li class=\"mb_150 pl_325\">14:22 &#8211; Saint-Est\u00e8ve<\/li>\n<li class=\"mb_150 pl_325\">14:53 &#8211; Chalet Reynard<\/li>\n<li class=\"mb_150 pl_325\">15:10 &#8211; Col des Temp\u00eates<\/li>\n<li class=\"mb_150 pl_325\">15:12 &#8211; MONT VENTOUX (1 910 m)<\/li>\n<\/ul>\n<p class=\"paragraph text_align_left lp-f-body-02\">Retrouvez les profils, horaires de passages et autres actualit\u00e9s du Tour de France 2025 sur <a href=\"https:\/\/www.leparisien.fr\/sports\/cyclisme\/tour-de-france\/\" rel=\"nofollow noopener\" target=\"_blank\">la page d\u00e9di\u00e9e<\/a>.<\/p>\n","protected":false},"excerpt":{"rendered":"Le parcours sera anim\u00e9 d\u00e8s 10h40 le mardi 22 juillet avec le d\u00e9part de la caravane de Montpellier&hellip;\n","protected":false},"author":2,"featured_media":264380,"comment_status":"","ping_status":"","sticky":false,"template":"","format":"standard","meta":{"footnotes":""},"categories":[9599],"tags":[1111,11,207,459,1777,674,1011,27,2208,12,2680,25,60,210],"class_list":{"0":"post-264379","1":"post","2":"type-post","3":"status-publish","4":"format-standard","5":"has-post-thumbnail","7":"category-montpellier","8":"tag-actu","9":"tag-actualites","10":"tag-cyclisme","11":"tag-departements-horsidfo","12":"tag-eu","13":"tag-europe","14":"tag-fr","15":"tag-france","16":"tag-montpellier","17":"tag-news","18":"tag-occitanie","19":"tag-republique-francaise","20":"tag-sports","21":"tag-tour-de-france"},"share_on_mastodon":{"url":"https:\/\/pubeurope.com\/@fr\/114893590573604933","error":""},"_links":{"self":[{"href":"https:\/\/www.europesays.com\/fr\/wp-json\/wp\/v2\/posts\/264379","targetHints":{"allow":["GET"]}}],"collection":[{"href":"https:\/\/www.europesays.com\/fr\/wp-json\/wp\/v2\/posts"}],"about":[{"href":"https:\/\/www.europesays.com\/fr\/wp-json\/wp\/v2\/types\/post"}],"author":[{"embeddable":true,"href":"https:\/\/www.europesays.com\/fr\/wp-json\/wp\/v2\/users\/2"}],"replies":[{"embeddable":true,"href":"https:\/\/www.europesays.com\/fr\/wp-json\/wp\/v2\/comments?post=264379"}],"version-history":[{"count":0,"href":"https:\/\/www.europesays.com\/fr\/wp-json\/wp\/v2\/posts\/264379\/revisions"}],"wp:featuredmedia":[{"embeddable":true,"href":"https:\/\/www.europesays.com\/fr\/wp-json\/wp\/v2\/media\/264380"}],"wp:attachment":[{"href":"https:\/\/www.europesays.com\/fr\/wp-json\/wp\/v2\/media?parent=264379"}],"wp:term":[{"taxonomy":"category","embeddable":true,"href":"https:\/\/www.europesays.com\/fr\/wp-json\/wp\/v2\/categories?post=264379"},{"taxonomy":"post_tag","embeddable":true,"href":"https:\/\/www.europesays.com\/fr\/wp-json\/wp\/v2\/tags?post=264379"}],"curies":[{"name":"wp","href":"https:\/\/api.w.org\/{rel}","templated":true}]}}