{"id":264383,"date":"2025-07-21T22:35:16","date_gmt":"2025-07-21T22:35:16","guid":{"rendered":"https:\/\/www.europesays.com\/fr\/264383\/"},"modified":"2025-07-21T22:35:16","modified_gmt":"2025-07-21T22:35:16","slug":"transat-en-ville-redonne-aux-enfants-le-gout-de-la-lecture-a-rennes","status":"publish","type":"post","link":"https:\/\/www.europesays.com\/fr\/264383\/","title":{"rendered":"Transat en ville redonne aux enfants le go\u00fbt de la lecture \u00e0 Rennes"},"content":{"rendered":"<p>\u00c0 l\u2019\u00e8re des smartphones et des \u00e9crans \u00e0 tout va, les biblioth\u00e9caires de <a href=\"https:\/\/www.ouest-france.fr\/\" target=\"_blank\" rel=\"nofollow noopener\">Rennes<\/a> (Ille-et-Vilaine) proposent une parenth\u00e8se lecture\u00a0les mardis, \u00e0 l\u2019occasion du festival Transat en ville. Ce mardi 22\u00a0juillet 2025, ce sont les enfants qui sont mis \u00e0 l\u2019honneur avec une date sp\u00e9ciale jeunesse. De 17\u00a0h \u00e0 18\u00a0h\u00a030, les plus de quatre ans pourront \u00e9changer sur leurs derni\u00e8res lectures et faire la d\u00e9couverte d\u2019une s\u00e9lection de livres coups de c\u0153ur jeunesse sur la place de la Mairie.<\/p>\n<p><strong>Lire aussi\u00a0: <\/strong> <a href=\"https:\/\/rennes.maville.com\/actu\/actudet_-transat-en-ville-une-grande-sieste-musicale-chaque-mercredi-de-l-ete-a-rennes-_52674-6901961_actu.Htm\" target=\"_blank\" rel=\"nofollow noopener\">Transat en ville : une grande sieste musicale chaque mercredi de l\u2019\u00e9t\u00e9 \u00e0 Rennes<\/a><\/p>\n<p>Un moment de rencontres convivial et culturel \u00e0 ne pas manquer. Prochain date : mardi 29\u00a0juillet \u00e0 la m\u00eame heure, pour les adultes, autour des nouveaut\u00e9s et coups de c\u0153ur avec les biblioth\u00e9caires. Pour en savoir plus sur la programmation du festival Transat en ville : <a href=\"https:\/\/ete.rennes.fr\/agenda\/transat-en-ville\/\" target=\"_blank\" rel=\"nofollow noopener\">https:\/\/ete.rennes.fr\/agenda\/transat-en-ville\/<\/a><\/p>\n<p><strong>Mardis 22, 29\u00a0juillet, 5, 12 et 19\u00a0ao\u00fbt 2025<\/strong>, 17\u00a0h &#8211; 18\u00a0h\u00a030, place de la Mairie, Rennes, d\u00e8s 4 ans, sans inscription, gratuit.<\/p>\n<p>\u00a0<\/p>\n","protected":false},"excerpt":{"rendered":"\u00c0 l\u2019\u00e8re des smartphones et des \u00e9crans \u00e0 tout va, les biblioth\u00e9caires de Rennes (Ille-et-Vilaine) proposent une parenth\u00e8se&hellip;\n","protected":false},"author":2,"featured_media":264384,"comment_status":"","ping_status":"","sticky":false,"template":"","format":"standard","meta":{"footnotes":""},"categories":[2821],"tags":[1111,11,829,1719,1777,674,1011,27,18416,2046,12,40396,584,25,39151,4824],"class_list":{"0":"post-264383","1":"post","2":"type-post","3":"status-publish","4":"format-standard","5":"has-post-thumbnail","7":"category-rennes","8":"tag-actu","9":"tag-actualites","10":"tag-bretagne","11":"tag-enfants","12":"tag-eu","13":"tag-europe","14":"tag-fr","15":"tag-france","16":"tag-gout","17":"tag-lecture","18":"tag-news","19":"tag-redonne","20":"tag-rennes","21":"tag-republique-francaise","22":"tag-transat","23":"tag-ville"},"share_on_mastodon":{"url":"https:\/\/pubeurope.com\/@fr\/114893614189399808","error":""},"_links":{"self":[{"href":"https:\/\/www.europesays.com\/fr\/wp-json\/wp\/v2\/posts\/264383","targetHints":{"allow":["GET"]}}],"collection":[{"href":"https:\/\/www.europesays.com\/fr\/wp-json\/wp\/v2\/posts"}],"about":[{"href":"https:\/\/www.europesays.com\/fr\/wp-json\/wp\/v2\/types\/post"}],"author":[{"embeddable":true,"href":"https:\/\/www.europesays.com\/fr\/wp-json\/wp\/v2\/users\/2"}],"replies":[{"embeddable":true,"href":"https:\/\/www.europesays.com\/fr\/wp-json\/wp\/v2\/comments?post=264383"}],"version-history":[{"count":0,"href":"https:\/\/www.europesays.com\/fr\/wp-json\/wp\/v2\/posts\/264383\/revisions"}],"wp:featuredmedia":[{"embeddable":true,"href":"https:\/\/www.europesays.com\/fr\/wp-json\/wp\/v2\/media\/264384"}],"wp:attachment":[{"href":"https:\/\/www.europesays.com\/fr\/wp-json\/wp\/v2\/media?parent=264383"}],"wp:term":[{"taxonomy":"category","embeddable":true,"href":"https:\/\/www.europesays.com\/fr\/wp-json\/wp\/v2\/categories?post=264383"},{"taxonomy":"post_tag","embeddable":true,"href":"https:\/\/www.europesays.com\/fr\/wp-json\/wp\/v2\/tags?post=264383"}],"curies":[{"name":"wp","href":"https:\/\/api.w.org\/{rel}","templated":true}]}}