{"id":264389,"date":"2025-07-21T22:38:17","date_gmt":"2025-07-21T22:38:17","guid":{"rendered":"https:\/\/www.europesays.com\/fr\/264389\/"},"modified":"2025-07-21T22:38:17","modified_gmt":"2025-07-21T22:38:17","slug":"tyrese-noubissie-a-dit-au-revoir-a-manchester-city-alsasports","status":"publish","type":"post","link":"https:\/\/www.europesays.com\/fr\/264389\/","title":{"rendered":"Tyrese Noubissie a dit au revoir \u00e0 Manchester City \u2014 Alsa&rsquo;Sports"},"content":{"rendered":"<p><strong>L\u2019espoir fran\u00e7ais Tyrese Noubissie, qui s\u2019appr\u00eate \u00e0 signer son premier contrat professionnel \u00e0 Strasbourg, a remerci\u00e9 hier son club de Manchester City qu\u2019il quitte apr\u00e8s deux ans \u00e0 l\u2019acad\u00e9mie. <\/strong><\/p>\n<p>\u00ab\u00a0Apr\u00e8s deux ann\u00e9es incroyables remplies de travail et de d\u00e9vouement, il est temps pour moi de tourner la page et de relever un nouveau d\u00e9fi\u00a0\u00bb, a \u00e9crit Tyrese Noubissie sur son compte Instagram hier. L\u2019international fran\u00e7ais U16 a dit au revoir \u00e0 Manchester City o\u00f9 il \u00e9voluait \u00e0 l\u2019acad\u00e9mie depuis deux ans, et confirme encore un peu plus l\u2019imminence de son arriv\u00e9e \u00e0 Strasbourg. <\/p>\n<p>Pour rappel, ce joueur recrut\u00e9 \u00e0 l\u2019\u00e9t\u00e9 2023 dans l\u2019acad\u00e9mie des Cityzens pour 1,2 millions d\u2019euros (bonus compris), serait tent\u00e9 par le projet strasbourgeois et pourrait m\u00eame y signer son premier contrat professionnel, malgr\u00e9 une proposition d\u2019un contrat longue dur\u00e9e de son club et les convoitises de grands d\u2019Europe (Bayer Leverkusen, l\u2019Ajax Amsterdam ou Manchester United). <\/p>\n<p><img loading=\"lazy\" decoding=\"async\" width=\"828\" height=\"1139\" src=\"https:\/\/www.europesays.com\/fr\/wp-content\/uploads\/2025\/07\/TN.jpg\" alt=\"\" class=\"wp-image-73837\"  \/>Screenshot<\/p>\n<p><img loading=\"lazy\" decoding=\"async\" width=\"828\" height=\"688\" src=\"https:\/\/www.europesays.com\/fr\/wp-content\/uploads\/2025\/07\/TN2.jpg\" alt=\"\" class=\"wp-image-73838\"  \/>Screenshot<\/p>\n","protected":false},"excerpt":{"rendered":"L\u2019espoir fran\u00e7ais Tyrese Noubissie, qui s\u2019appr\u00eate \u00e0 signer son premier contrat professionnel \u00e0 Strasbourg, a remerci\u00e9 hier son&hellip;\n","protected":false},"author":2,"featured_media":259162,"comment_status":"","ping_status":"","sticky":false,"template":"","format":"standard","meta":{"footnotes":""},"categories":[2820],"tags":[1111,11,1777,674,63,1011,27,775,12,4448,25,640],"class_list":{"0":"post-264389","1":"post","2":"type-post","3":"status-publish","4":"format-standard","5":"has-post-thumbnail","7":"category-strasbourg","8":"tag-actu","9":"tag-actualites","10":"tag-eu","11":"tag-europe","12":"tag-football","13":"tag-fr","14":"tag-france","15":"tag-grand-est","16":"tag-news","17":"tag-rc-strasbourg","18":"tag-republique-francaise","19":"tag-strasbourg"},"share_on_mastodon":{"url":"https:\/\/pubeurope.com\/@fr\/114893626054020762","error":""},"_links":{"self":[{"href":"https:\/\/www.europesays.com\/fr\/wp-json\/wp\/v2\/posts\/264389","targetHints":{"allow":["GET"]}}],"collection":[{"href":"https:\/\/www.europesays.com\/fr\/wp-json\/wp\/v2\/posts"}],"about":[{"href":"https:\/\/www.europesays.com\/fr\/wp-json\/wp\/v2\/types\/post"}],"author":[{"embeddable":true,"href":"https:\/\/www.europesays.com\/fr\/wp-json\/wp\/v2\/users\/2"}],"replies":[{"embeddable":true,"href":"https:\/\/www.europesays.com\/fr\/wp-json\/wp\/v2\/comments?post=264389"}],"version-history":[{"count":0,"href":"https:\/\/www.europesays.com\/fr\/wp-json\/wp\/v2\/posts\/264389\/revisions"}],"wp:featuredmedia":[{"embeddable":true,"href":"https:\/\/www.europesays.com\/fr\/wp-json\/wp\/v2\/media\/259162"}],"wp:attachment":[{"href":"https:\/\/www.europesays.com\/fr\/wp-json\/wp\/v2\/media?parent=264389"}],"wp:term":[{"taxonomy":"category","embeddable":true,"href":"https:\/\/www.europesays.com\/fr\/wp-json\/wp\/v2\/categories?post=264389"},{"taxonomy":"post_tag","embeddable":true,"href":"https:\/\/www.europesays.com\/fr\/wp-json\/wp\/v2\/tags?post=264389"}],"curies":[{"name":"wp","href":"https:\/\/api.w.org\/{rel}","templated":true}]}}