{"id":264390,"date":"2025-07-21T22:39:10","date_gmt":"2025-07-21T22:39:10","guid":{"rendered":"https:\/\/www.europesays.com\/fr\/264390\/"},"modified":"2025-07-21T22:39:10","modified_gmt":"2025-07-21T22:39:10","slug":"un-homme-en-garde-a-vue-a-nice-suspecte-davoir-viole-une-jeune-femme-vulnerable-place-garibaldi","status":"publish","type":"post","link":"https:\/\/www.europesays.com\/fr\/264390\/","title":{"rendered":"Un homme en garde \u00e0 vue \u00e0 Nice, suspect\u00e9 d\u2019avoir viol\u00e9 une jeune femme vuln\u00e9rable place Garibaldi"},"content":{"rendered":"<p>Un suspect a \u00e9t\u00e9 plac\u00e9 en garde \u00e0 vue pour des faits de viol, ce lundi \u00e0 l\u2019aube \u00e0 Nice, \u00e0 la suite d\u2019une agression commise un peu plus t\u00f4t place Garibaldi. Le procureur de la R\u00e9publique Damien Martinelli confirme \u00e0 Nice-Matin l\u2019interpellation d\u2019un homme susceptible d\u2019en \u00eatre l\u2019auteur.<\/p>\n<p>La sc\u00e8ne serait particuli\u00e8rement sordide. Selon nos informations, la victime, \u00e2g\u00e9e d\u2019une vingtaine d\u2019ann\u00e9es, aurait pr\u00e9alablement exprim\u00e9 l\u2019intention de mettre fin \u00e0 ses jours.<\/p>\n<p>Elle \u00e9tait allong\u00e9e \u00e0 m\u00eame le sol, sur la deuxi\u00e8me plus grande place de Nice, quand les sapeurs-pompiers se sont port\u00e9s \u00e0 son chevet vers 4h du matin, c\u00f4t\u00e9 S\u00e9gurane. La jeune femme \u00e9tait groggy sous l\u2019effet des m\u00e9dicaments qu\u2019elle avait ing\u00e9r\u00e9s.<\/p>\n<p>C\u2019est dans ce contexte qu\u2019un homme aurait abus\u00e9 d\u2019elle. Profitant de sa vuln\u00e9rabilit\u00e9, il l\u2019aurait p\u00e9n\u00e9tr\u00e9e digitalement durant de longues minutes, avant de partir \u00e0 pied en direction du Vieux-Nice.<\/p>\n<p>Lors de sa prise en charge par les secours, la victime s\u2019est plainte de douleurs dans les parties intimes, laissant supposer qu\u2019elle avait \u00e9t\u00e9 viol\u00e9e. Un examen m\u00e9dico-l\u00e9gal a \u00e9t\u00e9 r\u00e9alis\u00e9 \u00e0 l\u2019h\u00f4pital Pasteur 2 pour le confirmer.<\/p>\n<p>La crim\u2019 saisie<\/p>\n<p>Alert\u00e9, un \u00e9quipage de la police municipale a retrouv\u00e9 la trace du suspect au bout de la nuit. Il errait au c\u0153ur de la vieille ville. Il a \u00e9t\u00e9 conduit \u00e0 la caserne Auvare et confi\u00e9 \u00e0 la police nationale, au service local de police judiciaire (SLPJ) de Nice.<\/p>\n<p>Le dossier a \u00e9t\u00e9 confi\u00e9 \u00e0 la brigade criminelle. Le suspect a \u00e9t\u00e9 plac\u00e9 en garde \u00e0 vue pour des faits de viol aggrav\u00e9 sur une personne en \u00e9tat de vuln\u00e9rabilit\u00e9. Des faits qui, s\u2019ils sont av\u00e9r\u00e9s, pourraient le conduire aux assises.<\/p>\n<p>Le parquet de Nice d\u00e9cidera ce mardi des suites \u00e0 donner \u00e0 l\u2019affaire.<\/p>\n","protected":false},"excerpt":{"rendered":"Un suspect a \u00e9t\u00e9 plac\u00e9 en garde \u00e0 vue pour des faits de viol, ce lundi \u00e0 l\u2019aube&hellip;\n","protected":false},"author":2,"featured_media":264391,"comment_status":"","ping_status":"","sticky":false,"template":"","format":"standard","meta":{"footnotes":""},"categories":[2819],"tags":[1111,11,1777,674,118,1011,27,303,12,2401,882,25],"class_list":{"0":"post-264390","1":"post","2":"type-post","3":"status-publish","4":"format-standard","5":"has-post-thumbnail","7":"category-nice","8":"tag-actu","9":"tag-actualites","10":"tag-eu","11":"tag-europe","12":"tag-faits-divers","13":"tag-fr","14":"tag-france","15":"tag-justice","16":"tag-news","17":"tag-nice","18":"tag-provence-alpes-cote-dazur","19":"tag-republique-francaise"},"share_on_mastodon":{"url":"https:\/\/pubeurope.com\/@fr\/114893629915092554","error":""},"_links":{"self":[{"href":"https:\/\/www.europesays.com\/fr\/wp-json\/wp\/v2\/posts\/264390","targetHints":{"allow":["GET"]}}],"collection":[{"href":"https:\/\/www.europesays.com\/fr\/wp-json\/wp\/v2\/posts"}],"about":[{"href":"https:\/\/www.europesays.com\/fr\/wp-json\/wp\/v2\/types\/post"}],"author":[{"embeddable":true,"href":"https:\/\/www.europesays.com\/fr\/wp-json\/wp\/v2\/users\/2"}],"replies":[{"embeddable":true,"href":"https:\/\/www.europesays.com\/fr\/wp-json\/wp\/v2\/comments?post=264390"}],"version-history":[{"count":0,"href":"https:\/\/www.europesays.com\/fr\/wp-json\/wp\/v2\/posts\/264390\/revisions"}],"wp:featuredmedia":[{"embeddable":true,"href":"https:\/\/www.europesays.com\/fr\/wp-json\/wp\/v2\/media\/264391"}],"wp:attachment":[{"href":"https:\/\/www.europesays.com\/fr\/wp-json\/wp\/v2\/media?parent=264390"}],"wp:term":[{"taxonomy":"category","embeddable":true,"href":"https:\/\/www.europesays.com\/fr\/wp-json\/wp\/v2\/categories?post=264390"},{"taxonomy":"post_tag","embeddable":true,"href":"https:\/\/www.europesays.com\/fr\/wp-json\/wp\/v2\/tags?post=264390"}],"curies":[{"name":"wp","href":"https:\/\/api.w.org\/{rel}","templated":true}]}}