{"id":264406,"date":"2025-07-21T22:49:49","date_gmt":"2025-07-21T22:49:49","guid":{"rendered":"https:\/\/www.europesays.com\/fr\/264406\/"},"modified":"2025-07-21T22:49:49","modified_gmt":"2025-07-21T22:49:49","slug":"ce-que-revelent-lautopsie-et-les-premieres-investigations","status":"publish","type":"post","link":"https:\/\/www.europesays.com\/fr\/264406\/","title":{"rendered":"ce que r\u00e9v\u00e8lent l&rsquo;autopsie et les premi\u00e8res investigations"},"content":{"rendered":"<p>            Par<br \/>\n        <strong><br \/>\n            <a href=\"https:\/\/actu.fr\/auteur\/nicolas-demollien\" title=\"Consulter tous les articles de Nicolas Demollien\" rel=\"nofollow noopener\" target=\"_blank\">Nicolas Demollien<\/a><br \/>\n        <\/strong><\/p>\n<p>        Publi\u00e9 le<\/p>\n<p>            18 juil. 2025 \u00e0 14h57        <\/p>\n<p>Une affaire dramatique s\u2019est termin\u00e9e mardi 15 juillet 2025 par la <a href=\"https:\/\/actu.fr\/hauts-de-france\/lille_59350\/chu-de-lille-un-bebe-meurt-a-jeanne-de-flandres-des-soupcons-sur-un-enfant-de-6-ans_62921233.html\" rel=\"nofollow noopener\" target=\"_blank\">mort d\u2019un nourrisson \u00e0 la maternit\u00e9 Jeanne de Flandre<\/a> du <a href=\"https:\/\/actu.fr\/tag\/chu-de-lille\" rel=\"nofollow noopener\" target=\"_blank\">CHU de Lille<\/a> (Nord). Une petite fille avait \u00e9t\u00e9 retrouv\u00e9e inerte vendredi 11 juillet et des <b>soup\u00e7ons se portent sur un enfant de 6 ans<\/b>. Une <b>autopsie<\/b> a \u00e9t\u00e9 op\u00e9r\u00e9e sur la victime et des <b>investigations sont en cours<\/b>. Voici ce qu\u2019elles r\u00e9v\u00e8lent.<\/p>\n<p>La mort du nourrisson au CHU de Lille compatible avec une chute au sol<\/p>\n<p data-olk-copy-source=\"MessageBody\" class=\" wall-content\">\u00ab\u00a0Il ressort des premiers \u00e9l\u00e9ments de l\u2019enqu\u00eate et des investigations m\u00e9dico-l\u00e9gales effectu\u00e9es que le nourrisson est d\u00e9c\u00e9d\u00e9 d\u2019un <b>traumatisme cranio-enc\u00e9phalique tr\u00e8s s\u00e9v\u00e8re<\/b> compatible avec une <b>chute au sol<\/b>\u00ab\u00a0, explique le parquet de Lille.<\/p>\n<p class=\" wall-content\">Sur le r\u00f4le potentiel jou\u00e9 par le bambin dans le d\u00e9c\u00e8s du nourrisson, le parquet confirme \u00ab\u00a0qu\u2019un\u00a0<b>enfant de 6 ans<\/b>, membre d\u2019une autre famille, a <b>effectivement \u00e9t\u00e9 vu \u00e0 proximit\u00e9 du berceau et de l\u2019enfant au sol<\/b>\u00ab\u00a0. De quoi attiser les soup\u00e7ons de la famille. Mais \u00ab\u00a0l\u2019enqu\u00eate se poursuit par de nombreuses diligences et auditions\u00a0\u00bb, pr\u00e9cise encore le parquet.<\/p>\n<p class=\" wall-content\">La maman de la petite victime, hospitalis\u00e9e depuis le 21 juin, avait \u00e9t\u00e9 s\u00e9par\u00e9e de son enfant n\u00e9 pr\u00e9matur\u00e9 le 6 juillet, lequel \u00e9tait plac\u00e9 \u00e0 un \u00e9tage diff\u00e9rent du sien, dans une chambre de soins de l\u2019unit\u00e9 de n\u00e9onatologie \u00ab\u00a0arc-en-ciel\u00a0\u00bb du CHU de Lille.<\/p>\n<p class=\" wall-content\">Si elle \u00e9tait \u00e9galement sous surveillance m\u00e9dicale, \u00ab\u00a0elle rendait r\u00e9guli\u00e8rement visite \u00e0 sa fille\u00a0\u00bb, assure le parquet.<\/p>\n<p>Vid\u00e9os : en ce moment sur ActuLa famille appelle le CHU \u00e0 assumer sa responsabilit\u00e9<\/p>\n<p class=\" wall-content\">La famille du nourrisson, qui n\u2019a <b>pas encore d\u00e9cid\u00e9 de porter plainte ou non<\/b>, a <b>appel\u00e9 l\u2019h\u00f4pital \u00e0 \u00ab\u00a0assumer sa responsabilit\u00e9\u00a0\u00bb<\/b> pour que \u00ab\u00a0cela n\u2019arrive plus jamais\u00a0\u00bb.<\/p>\n<p class=\" wall-content\">Ils d\u00e9plorent notamment \u00ab\u00a0la <b>v\u00e9tust\u00e9 des locaux<\/b>\u00ab\u00a0, a indiqu\u00e9 une cousine du p\u00e8re du b\u00e9b\u00e9, Karima Farhi, soulignant que les infirmi\u00e8res ne disposent pas de vitre permettant de surveiller en permanence des enfants hospitalis\u00e9s loin de leurs m\u00e8res et confi\u00e9s \u00e0 leur responsabilit\u00e9.<\/p>\n<p class=\" wall-content\">Elle souligne en outre que \u00ab\u00a0le personnel m\u00e9dical avait \u00e9t\u00e9 pr\u00e9venu\u00a0\u00bb du \u00ab\u00a0<b>comportement anormal depuis plusieurs jours\u00a0\u00bb du gar\u00e7onnet<\/b>, d\u00e9j\u00e0 vu \u00e0 proximit\u00e9 de la petite Zayneb, \u00ab\u00a0qu\u2019il appelait ma poup\u00e9e\u00a0\u00bb. Ce qui n\u2019a pas emp\u00each\u00e9 sa pr\u00e9sence dans le service le 11 juillet en fin de matin\u00e9e alors que les visites n\u2019y sont autoris\u00e9es qu\u2019\u00e0 partir de midi, selon elle.<\/p>\n<p class=\" wall-content\">La famille a lanc\u00e9 vendredi un \u00ab\u00a0<b>appel \u00e0 t\u00e9moins\u00a0\u00bb aux parents dont les enfants ont \u00e9t\u00e9 hospitalis\u00e9s \u00e0 Jeanne de Flandre<\/b>, et \u00ab\u00a0qui ont pu constater ou vivre le <b>manque de s\u00e9curit\u00e9 et de surveillance des b\u00e9b\u00e9s<\/b>\u00ab\u00a0, les appelant \u00e0 contacter le parquet de Lille.<\/p>\n<p class=\" wall-content\">Avec AFP<\/p>\n<p class=\" wall-content\">Suivez toute l\u2019actualit\u00e9 de vos villes et m\u00e9dias favoris en vous inscrivant \u00e0 <a href=\"https:\/\/moncompte.actu.fr\" title=\"D\u00e9couvez Mon Actu\" rel=\"nofollow noopener\" data-trk=\"{&quot;cta&quot;:{&quot;action&quot;:&quot;https:\\\/\\\/moncompte.actu.fr&quot;,&quot;category&quot;:&quot;mon compte&quot;,&quot;from&quot;:&quot;article footer&quot;,&quot;name&quot;:&quot;Mon actu&quot;,&quot;type&quot;:&quot;cta&quot;}}\" target=\"_blank\">Mon Actu<\/a>.<\/p>\n","protected":false},"excerpt":{"rendered":"Par Nicolas Demollien Publi\u00e9 le 18 juil. 2025 \u00e0 14h57 Une affaire dramatique s\u2019est termin\u00e9e mardi 15 juillet&hellip;\n","protected":false},"author":2,"featured_media":264407,"comment_status":"","ping_status":"","sticky":false,"template":"","format":"standard","meta":{"footnotes":""},"categories":[2815],"tags":[1111,11,25689,1777,674,118,1011,27,811,1307,12,25],"class_list":{"0":"post-264406","1":"post","2":"type-post","3":"status-publish","4":"format-standard","5":"has-post-thumbnail","7":"category-lille","8":"tag-actu","9":"tag-actualites","10":"tag-chu-de-lille","11":"tag-eu","12":"tag-europe","13":"tag-faits-divers","14":"tag-fr","15":"tag-france","16":"tag-hauts-de-france","17":"tag-lille","18":"tag-news","19":"tag-republique-francaise"},"share_on_mastodon":{"url":"https:\/\/pubeurope.com\/@fr\/114893673276791975","error":""},"_links":{"self":[{"href":"https:\/\/www.europesays.com\/fr\/wp-json\/wp\/v2\/posts\/264406","targetHints":{"allow":["GET"]}}],"collection":[{"href":"https:\/\/www.europesays.com\/fr\/wp-json\/wp\/v2\/posts"}],"about":[{"href":"https:\/\/www.europesays.com\/fr\/wp-json\/wp\/v2\/types\/post"}],"author":[{"embeddable":true,"href":"https:\/\/www.europesays.com\/fr\/wp-json\/wp\/v2\/users\/2"}],"replies":[{"embeddable":true,"href":"https:\/\/www.europesays.com\/fr\/wp-json\/wp\/v2\/comments?post=264406"}],"version-history":[{"count":0,"href":"https:\/\/www.europesays.com\/fr\/wp-json\/wp\/v2\/posts\/264406\/revisions"}],"wp:featuredmedia":[{"embeddable":true,"href":"https:\/\/www.europesays.com\/fr\/wp-json\/wp\/v2\/media\/264407"}],"wp:attachment":[{"href":"https:\/\/www.europesays.com\/fr\/wp-json\/wp\/v2\/media?parent=264406"}],"wp:term":[{"taxonomy":"category","embeddable":true,"href":"https:\/\/www.europesays.com\/fr\/wp-json\/wp\/v2\/categories?post=264406"},{"taxonomy":"post_tag","embeddable":true,"href":"https:\/\/www.europesays.com\/fr\/wp-json\/wp\/v2\/tags?post=264406"}],"curies":[{"name":"wp","href":"https:\/\/api.w.org\/{rel}","templated":true}]}}