{"id":264410,"date":"2025-07-21T22:51:16","date_gmt":"2025-07-21T22:51:16","guid":{"rendered":"https:\/\/www.europesays.com\/fr\/264410\/"},"modified":"2025-07-21T22:51:16","modified_gmt":"2025-07-21T22:51:16","slug":"effondrements-rue-daubagne-a-marseille-le-parquet-fait-appel-et-ouvre-la-voie-a-un-nouveau-proces","status":"publish","type":"post","link":"https:\/\/www.europesays.com\/fr\/264410\/","title":{"rendered":"Effondrements rue d&rsquo;Aubagne \u00e0 Marseille : le parquet fait appel et ouvre la voie \u00e0 un nouveau proc\u00e8s"},"content":{"rendered":"<ul class=\"jsx-862013697 ArticleChapo__List\">\n<li class=\"jsx-862013697 ArticleChapo__List_Item flex\">Le parquet de Marseille a annonc\u00e9 faire appel des condamnations prononc\u00e9es en premi\u00e8re instance dans l\u2019affaire des effondrements qui ont caus\u00e9 la mort de 8 personnes il y a 7 ans.<\/li>\n<li class=\"jsx-862013697 ArticleChapo__List_Item flex\">Les peines prononc\u00e9es d\u00e9but juillet avaient \u00e9t\u00e9 globalement inf\u00e9rieures \u00e0 ses r\u00e9quisitions.<\/li>\n<li class=\"jsx-862013697 ArticleChapo__List_Item flex\">Les familles des victimes avaient d\u00e9nonc\u00e9 un jugement trop cl\u00e9ment, compos\u00e9 majoritairement de prison ferme sous bracelet \u00e9lectronique et de sursis.<\/li>\n<\/ul>\n<p><a href=\"https:\/\/www.tf1info.fr\/actualite\/marseille-sous-le-choc-apres-l-effondrement-de-trois-immeubles-du-centre-ville-12260\/\" rel=\"noopener\" class=\"jsx-484472199 Link jsx-1428418400 jsx-609604686\" target=\"_blank\"><\/p>\n<p style=\"font-weight:400\" class=\"jsx-1837267516\">Suivez la couverture compl\u00e8te<\/p>\n<p style=\"font-weight:800\" class=\"jsx-1837267516\">Immeubles effondr\u00e9s rue d&rsquo;Aubagne \u00e0 Marseille, un an apr\u00e8s<\/p>\n<p><\/a><\/p>\n<p data-module=\"article-paragraph\" class=\"jsx-3046738180 Paragraph Paragraph__End\">Les parties civiles avaient cri\u00e9 leur col\u00e8re \u00e0 la lecture du jugement. <a href=\"https:\/\/www.tf1info.fr\/justice-faits-divers\/proces-des-effondrements-de-la-rue-d-aubagne-les-peines-proconcees-reconnu-coupable-un-coproprietaire-fait-un-malaise-2381402.html\" target=\"_blank\" rel=\"noopener\">Trois semaines apr\u00e8s la fin d\u2019un proc\u00e8s tr\u00e8s m\u00e9diatique<\/a>, l\u2019affaire des effondrements de la rue d\u2019Aubagne \u00e0 Marseille sera prochainement de retour devant la justice. Le parquet annonce lundi 21 juillet faire appel<a href=\"https:\/\/www.tf1info.fr\/justice-faits-divers\/effondrements-rue-d-aubagne-a-marseille-qui-sont-les-prevenus-du-proces-hors-norme-qui-s-ouvre-aujourd-hui-2332767.html\" target=\"_blank\" rel=\"noopener\"> pour 15 des 16 pr\u00e9venus de ce dossier<\/a>, ouvrant la voie \u00e0 la tenue d&rsquo;un nouveau proc\u00e8s. Huit personnes avaient \u00e9t\u00e9 tu\u00e9es en novembre 2018 dans <a href=\"https:\/\/www.tf1info.fr\/immobilier\/logement-insalubre-a-marseille-effondrements-rue-d-aubagne-a-l-ouverture-du-proces-les-marseillais-reclament-un-habitat-digne-2332856.html\" target=\"_blank\" rel=\"noopener\">ce drame devenu symbole du fl\u00e9au du logement indigne<\/a>. Dix condamnations, dont trois \u00e0 de la prison ferme, six relaxes, et 358.000 euros d&rsquo;amende au total, ont \u00e9t\u00e9 prononc\u00e9es le 7 juillet <a href=\"https:\/\/www.tf1info.fr\/justice-faits-divers\/proces-des-effondrements-de-la-rue-d-aubagne-marseille-cette-note-alarmante-ecartee-un-an-avant-le-drame-2337731.html\" target=\"_blank\" rel=\"noopener\">par le tribunal correctionnel de Marseille<\/a>, des peines globalement inf\u00e9rieures aux r\u00e9quisitions du parquet.<\/p>\n<p>Prison ferme sous bracelet \u00e9lectronique et sursis<\/p>\n<p data-module=\"article-paragraph\" class=\"jsx-3046738180 Paragraph Paragraph__End\">L&rsquo;ex-directeur technique de Marseille Habitat, qui a \u00e9t\u00e9 relax\u00e9, est le seul pour lequel le parquet n&rsquo;a pas fait appel et ne sera donc pas rejug\u00e9. Les deux principaux pr\u00e9venus, l&rsquo;expert-architecte Richard Carta, reconnu coupable de \u00ab\u00a0faute caract\u00e9ris\u00e9e\u00a0\u00bb pour avoir b\u00e2cl\u00e9 une visite de l&rsquo;immeuble<a href=\"https:\/\/www.tf1info.fr\/justice-faits-divers\/proces-des-effondrements-de-la-rue-d-aubagne-marseille-cette-note-alarmante-ecartee-un-an-avant-le-drame-2337731.html\" target=\"_blank\" rel=\"noopener\"> quelques jours avant le drame<\/a>, et l&rsquo;ex-adjoint au maire Julien Ruas, alors charg\u00e9 du logement insalubre, ont \u00e9t\u00e9 condamn\u00e9s en premi\u00e8re instance \u00e0 deux ans de prison avec sursis ainsi qu&rsquo;\u00e0 une interdiction d\u00e9finitive d&rsquo;exercer la profession d&rsquo;expert en mati\u00e8re d&rsquo;architecture pour le premier et une interdiction d&rsquo;exercer une fonction publique pendant cinq ans pour le second.<\/p>\n<p data-module=\"article-paragraph\" class=\"jsx-3046738180 Paragraph Paragraph__End\">L&rsquo;appel du parquet concerne \u00e9galement le bailleur social Marseille Habitat, qui d\u00e9tenait le num\u00e9ro 63 de la rue d&rsquo;Aubagne, son ex-directeur g\u00e9n\u00e9ral, et trois copropri\u00e9taires du num\u00e9ro 65, le seul immeuble habit\u00e9 lors du drame. Tous ont \u00e9t\u00e9 relax\u00e9s en premi\u00e8re instance. Sont aussi vis\u00e9es<a href=\"https:\/\/www.tf1info.fr\/justice-faits-divers\/proces-des-effondrements-de-la-rue-d-aubagne-les-peines-proconcees-reconnu-coupable-un-coproprietaire-fait-un-malaise-2381402.html\" target=\"_blank\" rel=\"noopener\"> les peines les plus lourdes<\/a>, prononc\u00e9es \u00e0 l&rsquo;encontre de Xavier Cachard, copropri\u00e9taire et avocat du syndic, et de Gilbert Ardilly, propri\u00e9taire du logement o\u00f9 vivait un enfant comorien de 8 ans dont la m\u00e8re est d\u00e9c\u00e9d\u00e9e dans le drame. Ils ont tous deux \u00e9cop\u00e9 de quatre ans de prison, dont deux ferme, \u00e0 effectuer sous bracelet \u00e9lectronique.\u00a0<\/p>\n<p><a href=\"https:\/\/www.tf1info.fr\/justice-faits-divers\/video-reportage-assassins-la-colere-des-proches-des-victimes-du-drame-de-la-rue-d-aubagne-a-la-sortie-du-tribunal-de-marseille-2381439.html\" rel=\"noopener\" class=\"jsx-3308031228 Link flex\" target=\"_blank\"><img decoding=\"async\" src=\"https:\/\/www.europesays.com\/fr\/wp-content\/uploads\/2025\/07\/capssassss-96df33-0@1x.jpeg\" alt=\"TF1\" loading=\"lazy\" importance=\"low\" fetchpriority=\"low\" class=\"\" aria-hidden=\"true\"\/><\/p>\n<p class=\"jsx-3657663356 ReadMoreArticle__Title\">Lire aussi<\/p>\n<p class=\"jsx-3657663356\">\u00ab\u00a0Assassins !\u00a0\u00bb : la col\u00e8re des proches des victimes du drame de la rue d&rsquo;Aubagne \u00e0 la sortie du tribunal de Marseille<\/p>\n<p><\/a><\/p>\n<p data-module=\"article-paragraph\" class=\"jsx-3046738180 Paragraph\">Leurs soci\u00e9t\u00e9s immobili\u00e8res respectives, jug\u00e9es en tant que personnes morales, sont \u00e9galement concern\u00e9es par cet appel. Idem pour le fils et l&rsquo;\u00e9pouse de Gilbert Ardilly, condamn\u00e9s \u00e0 respectivement trois ans de prison dont un an ferme sous bracelet \u00e9lectronique et trois ans de prison avec sursis. Le parquet fait enfin appel des condamnations du cabinet Liautard, syndic du num\u00e9ro 65 depuis plus de dix ans, et de son ancien gestionnaire, Jean-Fran\u00e7ois Valentin.<\/p>\n<p data-module=\"article-paragraph\" class=\"jsx-3046738180 Paragraph Paragraph__End\">Le syndic a \u00e9cop\u00e9 d&rsquo;une amende de 100.000 euros et de l&rsquo;interdiction d\u00e9finitive d&rsquo;exercer son activit\u00e9 professionnelle. Son ex-gestionnaire a lui \u00e9t\u00e9 condamn\u00e9 \u00e0 trois ans de prison avec sursis et 8.000 euros d&rsquo;amende, ainsi qu&rsquo;\u00e0 la m\u00eame interdiction professionnelle. Seuls deux pr\u00e9venus, Julien Ruas et Xavier Cachard, avaient annonc\u00e9 vouloir faire appel \u00e0 l&rsquo;issue du jugement.<\/p>\n<p>D.D.F. avec AFP<\/p>\n","protected":false},"excerpt":{"rendered":"Le parquet de Marseille a annonc\u00e9 faire appel des condamnations prononc\u00e9es en premi\u00e8re instance dans l\u2019affaire des effondrements&hellip;\n","protected":false},"author":2,"featured_media":264411,"comment_status":"","ping_status":"","sticky":false,"template":"","format":"standard","meta":{"footnotes":""},"categories":[2814],"tags":[1111,11,1921,1777,674,1011,27,40398,1922,303,2954,884,12,882,25,40399,133,2953],"class_list":{"0":"post-264410","1":"post","2":"type-post","3":"status-publish","4":"format-standard","5":"has-post-thumbnail","7":"category-marseille","8":"tag-actu","9":"tag-actualites","10":"tag-article-video","11":"tag-eu","12":"tag-europe","13":"tag-fr","14":"tag-france","15":"tag-immeubles-effondres-rue-daubagne-a-marseille","16":"tag-info","17":"tag-justice","18":"tag-justice-et-faits-divers","19":"tag-marseille","20":"tag-news","21":"tag-provence-alpes-cote-dazur","22":"tag-republique-francaise","23":"tag-un-an-apres","24":"tag-video","25":"tag-video-police"},"share_on_mastodon":{"url":"https:\/\/pubeurope.com\/@fr\/114893677098959116","error":""},"_links":{"self":[{"href":"https:\/\/www.europesays.com\/fr\/wp-json\/wp\/v2\/posts\/264410","targetHints":{"allow":["GET"]}}],"collection":[{"href":"https:\/\/www.europesays.com\/fr\/wp-json\/wp\/v2\/posts"}],"about":[{"href":"https:\/\/www.europesays.com\/fr\/wp-json\/wp\/v2\/types\/post"}],"author":[{"embeddable":true,"href":"https:\/\/www.europesays.com\/fr\/wp-json\/wp\/v2\/users\/2"}],"replies":[{"embeddable":true,"href":"https:\/\/www.europesays.com\/fr\/wp-json\/wp\/v2\/comments?post=264410"}],"version-history":[{"count":0,"href":"https:\/\/www.europesays.com\/fr\/wp-json\/wp\/v2\/posts\/264410\/revisions"}],"wp:featuredmedia":[{"embeddable":true,"href":"https:\/\/www.europesays.com\/fr\/wp-json\/wp\/v2\/media\/264411"}],"wp:attachment":[{"href":"https:\/\/www.europesays.com\/fr\/wp-json\/wp\/v2\/media?parent=264410"}],"wp:term":[{"taxonomy":"category","embeddable":true,"href":"https:\/\/www.europesays.com\/fr\/wp-json\/wp\/v2\/categories?post=264410"},{"taxonomy":"post_tag","embeddable":true,"href":"https:\/\/www.europesays.com\/fr\/wp-json\/wp\/v2\/tags?post=264410"}],"curies":[{"name":"wp","href":"https:\/\/api.w.org\/{rel}","templated":true}]}}