{"id":264412,"date":"2025-07-21T22:52:24","date_gmt":"2025-07-21T22:52:24","guid":{"rendered":"https:\/\/www.europesays.com\/fr\/264412\/"},"modified":"2025-07-21T22:52:24","modified_gmt":"2025-07-21T22:52:24","slug":"un-quinquagenaire-se-fait-arracher-sa-chaine-en-pleine-journee-a-villeurbanne","status":"publish","type":"post","link":"https:\/\/www.europesays.com\/fr\/264412\/","title":{"rendered":"un\u00a0quinquag\u00e9naire se fait arracher sa cha\u00eene en pleine journ\u00e9e \u00e0 Villeurbanne"},"content":{"rendered":"<p>Attabl\u00e9 avec un coll\u00e8gue, Bruno, 50 ans, ne s\u2019attendait pas \u00e0 \u00eatre agress\u00e9 en plein jour. \u00ab\u00a0J\u2019\u00e9tais assis en terrasse avec, dos \u00e0 la chauss\u00e9e, on discutait tranquillement, et l\u00e0, j\u2019ai senti une main qui me tirait par le t-shirt.\u00a0\u00bb<\/p>\n<p>Bruno est alors projet\u00e9 au sol. \u00ab\u00a0Il m\u2019a foutu par terre assez violemment, je n\u2019ai pas compris ce qui m\u2019est arriv\u00e9, en me relevant, je vois deux jeunes en face de moi qui reculaient quand je m\u2019approchais. L\u2019un deux a alors sorti une bombe lacrymog\u00e8ne et m\u2019a asperg\u00e9 la figure.\u00a0\u00bb<\/p>\n<p>Il tente malgr\u00e9 tout de poursuivre les agresseurs. \u00ab\u00a0J\u2019ai essay\u00e9 de les pourchasser quand m\u00eame dans les rues du cours Tolsto\u00ef, mais voil\u00e0 j\u2019ai 50 ans&#8230; Je me suis mis \u00e0 en suivre un mais il a finalement r\u00e9ussi \u00e0 me semer, il s\u2019\u00e9tait s\u00fbrement cach\u00e9 derri\u00e8re une voiture, il m\u2019a eu.\u00a0\u00bb<\/p>\n<p>Dans sa course Bruno chute sur la chauss\u00e9e mouill\u00e9e par la pluie. \u00ab\u00a0Je suis tomb\u00e9 par terre, j\u2019ai gliss\u00e9 et je me suis fait mal au genou, j\u2019ai un h\u00e9matome \u00e0 la hanche et puis il y a le trauma.\u00a0\u00bb<\/p>\n<p>Ce n\u2019est qu\u2019en revenant au bar qu\u2019il d\u00e9couvre ce qui lui a \u00e9t\u00e9 d\u00e9rob\u00e9. \u201cJe craignais vraiment qu\u2019ils aient vol\u00e9 mes papiers etc., mon coll\u00e8gue me rassure en me montrant que ma sacoche \u00e9tait bien l\u00e0 avec mon t\u00e9l\u00e9phone, j\u2019\u00e9tais soulag\u00e9. Mais l\u00e0 il regarde par terre et voit un maillon de cha\u00eene, et l\u00e0 \u00e7a a tilt\u00e9. J&rsquo;ai mis la main autour de mon cou et j\u2019ai compris que c\u2019\u00e9tait ma cha\u00eene en or qu\u2019ils m\u2019avaient vol\u00e9.\u201d<\/p>\n<p>Selon le barman, les deux jeunes individus \u00e9taient install\u00e9s \u00e0 proximit\u00e9 et \u201cguettaient\u201d depuis plusieurs minutes. Bruno, lui, se dit profond\u00e9ment choqu\u00e9 : \u00ab\u00a0C\u2019est dingue, je suis en bas de chez moi en train de boire un caf\u00e9 et je me fais agresser comme un chien.\u00a0\u00bb<\/p>\n<p>Tr\u00e8s attach\u00e9 \u00e0 cette cha\u00eene, un cadeau offert par ses parents \u00e0 ses 20 ans, il confie : \u00ab\u00a0C\u2019\u00e9tait surtout sentimental\u2026 C\u2019est pour \u00e7a que je suis d\u2019autant plus abattu et \u00e9nerv\u00e9 de l\u2019avoir perdue.\u00a0\u00bb<\/p>\n<p><strong>\u00ab\u00a0Je suis traumatis\u00e9\u00a0\u00bb<\/strong><\/p>\n<p>Il s\u2019est imm\u00e9diatement rendu au commissariat pour porter plainte. \u00ab\u00a0Il a fallu que j\u2019insiste \u00e0 l\u2019accueil car ils ne voulaient prendre que &lsquo;les urgences&rsquo;. Je leur ai dit, attendez, mais je pense que c\u2019est assez urgent.\u00a0\u00bb<\/p>\n<p>Bruno esp\u00e8re que les cam\u00e9ras du cours Tolsto\u00ef permettront d\u2019identifier les agresseurs. Il fait aussi le lien avec d&rsquo;autres vols similaires dans le quartier. \u00ab\u00a0Il y a quelque mois, deux mamies se sont fait arracher leur cha\u00eene. Ces jeunes-l\u00e0 ont \u00e9t\u00e9 pist\u00e9s gr\u00e2ce aux cam\u00e9ras et ils habitent \u00e0 100 m\u00e8tres de chez moi. Ils squattent un immeuble malgr\u00e9 un avis d\u2019expulsion.\u00a0\u00bb<\/p>\n<p>\u00ab\u00a0Tous les soirs il y a un bruit pas possible, des bagarres, une fois il y en a m\u00eame qui se courraient apr\u00e8s avec un sabre de Yakuza,\u00a0ajoute-t-il. \u00ab\u00a0On est o\u00f9 l\u00e0 ? Je ne reconnais plus mon quartier. C\u2019est affreux !\u00a0\u00bb<\/p>\n<p>Depuis l\u2019agression, Bruno dit ne pas avoir os\u00e9 sortir. \u00ab\u00a0samedi soir, j&rsquo;avais un mariage, je n\u2019y suis pas all\u00e9. Dimanche, je ne suis pas sorti de chez moi non plus. Ce lundi, je voudrais aller au sport, mais je n\u2019ai pas le courage.\u00a0\u00bb\u00a0Avant de conclure : \u00ab\u00a0Je suis traumatis\u00e9. Il faut que \u00e7a s\u2019arr\u00eate ! O\u00f9 va-t-on ?\u00a0\u00bb<\/p>\n<p>Bruno avait d\u00e9j\u00e0 pr\u00e9vu de quitter Villeurbanne depuis quelque temps, et cette agression violente n\u2019a fait que renforcer sa d\u00e9cision de partir d\u00e9finitivement.<\/p>\n<p>\u00ab\u00a0Il y a 11 ans, ce n\u2019\u00e9tait pas comme \u00e7a. C\u2019\u00e9tait cosmopolite et tout le monde s\u2019entendait bien. Mais aujourd\u2019hui ce n\u2019est plus possible, l\u00e0, j&rsquo;en peux plus. Ce genre d\u2019individu pourrit la vie de tout le monde, c\u2019est pour \u00e7a que je ne veux pas laisser passer \u00e7a. J\u2019esp\u00e8re qu\u2019il y aura une enqu\u00eate et qu\u2019ils seront attrap\u00e9s.\u00a0\u00bb<\/p>\n<p>De son c\u00f4t\u00e9 la direction\u00a0interd\u00e9partementale de la police nationale (DIPN) nous confirme qu&rsquo;une enqu\u00eate est en cours.<\/p>\n","protected":false},"excerpt":{"rendered":"Attabl\u00e9 avec un coll\u00e8gue, Bruno, 50 ans, ne s\u2019attendait pas \u00e0 \u00eatre agress\u00e9 en plein jour. \u00ab\u00a0J\u2019\u00e9tais assis&hellip;\n","protected":false},"author":2,"featured_media":264413,"comment_status":"","ping_status":"","sticky":false,"template":"","format":"standard","meta":{"footnotes":""},"categories":[1889],"tags":[1111,11,2813,2190,2430,1109,251,1112,2811,1777,674,118,1011,27,1922,1110,1114,2428,2810,12,241,316,25,2812,517,800],"class_list":{"0":"post-264412","1":"post","2":"type-post","3":"status-publish","4":"format-standard","5":"has-post-thumbnail","7":"category-lyon","8":"tag-actu","9":"tag-actualites","10":"tag-article","11":"tag-asvel","12":"tag-auvergne-rhone-alpes","13":"tag-breves","14":"tag-culture","15":"tag-depeches","16":"tag-economique","17":"tag-eu","18":"tag-europe","19":"tag-faits-divers","20":"tag-fr","21":"tag-france","22":"tag-info","23":"tag-informations","24":"tag-infos","25":"tag-lyon","26":"tag-lyonmag","27":"tag-news","28":"tag-ol","29":"tag-politique","30":"tag-republique-francaise","31":"tag-sociale","32":"tag-sport","33":"tag-transports"},"share_on_mastodon":{"url":"https:\/\/pubeurope.com\/@fr\/114893681075487536","error":""},"_links":{"self":[{"href":"https:\/\/www.europesays.com\/fr\/wp-json\/wp\/v2\/posts\/264412","targetHints":{"allow":["GET"]}}],"collection":[{"href":"https:\/\/www.europesays.com\/fr\/wp-json\/wp\/v2\/posts"}],"about":[{"href":"https:\/\/www.europesays.com\/fr\/wp-json\/wp\/v2\/types\/post"}],"author":[{"embeddable":true,"href":"https:\/\/www.europesays.com\/fr\/wp-json\/wp\/v2\/users\/2"}],"replies":[{"embeddable":true,"href":"https:\/\/www.europesays.com\/fr\/wp-json\/wp\/v2\/comments?post=264412"}],"version-history":[{"count":0,"href":"https:\/\/www.europesays.com\/fr\/wp-json\/wp\/v2\/posts\/264412\/revisions"}],"wp:featuredmedia":[{"embeddable":true,"href":"https:\/\/www.europesays.com\/fr\/wp-json\/wp\/v2\/media\/264413"}],"wp:attachment":[{"href":"https:\/\/www.europesays.com\/fr\/wp-json\/wp\/v2\/media?parent=264412"}],"wp:term":[{"taxonomy":"category","embeddable":true,"href":"https:\/\/www.europesays.com\/fr\/wp-json\/wp\/v2\/categories?post=264412"},{"taxonomy":"post_tag","embeddable":true,"href":"https:\/\/www.europesays.com\/fr\/wp-json\/wp\/v2\/tags?post=264412"}],"curies":[{"name":"wp","href":"https:\/\/api.w.org\/{rel}","templated":true}]}}