{"id":264430,"date":"2025-07-21T23:02:13","date_gmt":"2025-07-21T23:02:13","guid":{"rendered":"https:\/\/www.europesays.com\/fr\/264430\/"},"modified":"2025-07-21T23:02:13","modified_gmt":"2025-07-21T23:02:13","slug":"hrw-denonce-la-retention-deshumanisante-des-migrants-aux-etats-unis","status":"publish","type":"post","link":"https:\/\/www.europesays.com\/fr\/264430\/","title":{"rendered":"HRW d\u00e9nonce la r\u00e9tention \u00abd\u00e9shumanisante\u00bb des migrants aux \u00c9tats-Unis"},"content":{"rendered":"<p class=\"fig-paragraph\">L&rsquo;ONG Human Rights Watch (HRW) alerte mardi 22 juillet sur les \u00abpratiques abusives\u00bb des \u00c9tats-Unis dans des centres de r\u00e9tention pour migrants sous\u00a0<a href=\"https:\/\/www.lefigaro.fr\/tag\/donald-trump\" target=\"_blank\" rel=\"noopener\" data-gtm-custom-categorie=\"navigation\" data-gtm-custom-action=\"crossclick\" data-gtm-custom-label=\"Contextuel\" data-gtm-event=\"customEventSPE\">Donald Trump<\/a>, qui a fait de la lutte contre l&rsquo;immigration l&rsquo;une de ses priorit\u00e9s. Entre cellules surpeupl\u00e9es, plong\u00e9es dans un froid glacial, et migrants qui dorment \u00e0 m\u00eame le sol sous des n\u00e9ons allum\u00e9s en continu, priv\u00e9s d&rsquo;hygi\u00e8ne de base, le rapport publi\u00e9 lundi par HRW se concentre sur trois centres de r\u00e9tention tous situ\u00e9s en Floride\u00a0: le Krome North Service Processing Center, le Broward Transitional Center et le centre de r\u00e9tention f\u00e9d\u00e9ral \u00e0 Miami.<\/p>\n<p class=\"fig-paragraph\">Il s&rsquo;appuie sur les t\u00e9moignages de huit hommes et trois femmes qui y ont \u00e9t\u00e9 ou y sont encore en r\u00e9tention, ainsi que de proches de sept migrants &#8211; dont plusieurs ont \u00e9t\u00e9 expuls\u00e9s &#8211; et de quatorze avocats sp\u00e9cialis\u00e9s. \u00abIl n&rsquo;y avait qu&rsquo;une seule cuvette et elle \u00e9tait couverte d&rsquo;excr\u00e9ments\u00bb, d\u00e9crit une femme \u00e0 propos de la cellule dans laquelle elle dit \u00eatre rest\u00e9e enferm\u00e9e pendant des jours avec des dizaines d&rsquo;autres femmes, sans lit ni intimit\u00e9. \u00abOn devait se pencher et manger avec la bouche, comme des chiens\u00bb, raconte un homme expliquant avoir \u00e9t\u00e9 contraint de manger mains menott\u00e9es dans le dos.<\/p>\n<p>                                    <a class=\"fig-a11y-skip a11y-hidden\" href=\"#fig-a11y-skip-main-inarticle\"><br \/>\n        Passer la publicit\u00e9<br \/>\n    <\/a><\/p>\n<p class=\"fig-paragraph\">Un autre rapporte des temp\u00e9ratures volontairement glaciales: \u00abIls ont mont\u00e9 la climatisation. On ne pouvait pas s&rsquo;endormir tellement il faisait froid. J&rsquo;ai cru que j&rsquo;allais avoir une hypothermie.\u00bb Une femme raconte elle les violences psychologiques inflig\u00e9es. \u00abSi vous demandez de l&rsquo;aide, ils vous placent \u00e0 l&rsquo;isolement. Si vous pleurez, ils peuvent vous mettre \u00e0 l&rsquo;\u00e9cart pendant deux semaines. Alors les gens se taisent\u00bb, explique-t-elle. Les migrants qui y sont enferm\u00e9s sont trait\u00e9s \u00abde mani\u00e8re d\u00e9gradante et d\u00e9shumanisante\u00bb, dans des \u00abconditions qui constituent une violation flagrante des normes internationales en mati\u00e8re de droits humains\u00bb, r\u00e9sume l\u2019ONG. \u00abLes surveillants vous traitent comme un tas d\u2019ordures. (&#8230;) Vous avez le sentiment que votre vie est finie\u00bb, l\u00e2che un homme colombien de 63 ans, qui y a pass\u00e9 63 jours.<\/p>\n<p class=\"fig-paragraph\">Dans son rapport, HRW rapporte \u00e9galement des personnes priv\u00e9es de leurs traitements m\u00e9dicaux alors qu\u2019elles souffrent de maladies chroniques comme le diab\u00e8te, l\u2019asthme ou encore des pathologies r\u00e9nales. L\u2019ONG d\u00e9taille en particulier le cas d\u2019une femme victime de calculs r\u00e9naux, prise de vomissements et perdant conscience apr\u00e8s plusieurs jours sans soins, finalement op\u00e9r\u00e9e d\u2019urgence et renvoy\u00e9e dans la m\u00eame cellule. Selon HRW, cette privation d\u2019acc\u00e8s \u00e0 des soins m\u00e9dicaux \u00abpourrait \u00eatre \u00e0 l\u2019origine de deux d\u00e9c\u00e8s\u00bb dans les trois centres concern\u00e9s.<\/p>\n<p>L\u2019immigration, priorit\u00e9 du mandat de Trump<\/p>\n<p class=\"fig-paragraph\">Contact\u00e9e par l&rsquo;AFP, la police de l&rsquo;immigration (ICE), dont les arrestations muscl\u00e9es avaient d\u00e9clench\u00e9 en juin un important mouvement de protestation \u00e0 Los Angeles, n&rsquo;a pas r\u00e9pondu dans l&rsquo;imm\u00e9diat.<\/p>\n<p class=\"fig-paragraph\">Donald Trump a \u00e9rig\u00e9 de la lutte contre l&rsquo;immigration l&rsquo;une des priorit\u00e9s absolues de son second mandat, y consacrant des centaines de milliards de dollars. Dans le m\u00e9ga projet de loi budg\u00e9taire r\u00e9cemment approuv\u00e9 par le Congr\u00e8s am\u00e9ricain, 45 milliards sont allou\u00e9s \u00e0 la cr\u00e9ation de 100.000 places dans les centres de r\u00e9tention pour migrants. D&rsquo;apr\u00e8s le rapport, la moyenne quotidienne des personnes en centres de r\u00e9tention aux \u00c9tats-Unis a bondi \u00e0 plus de 56.000 sur les six premiers mois de l&rsquo;ann\u00e9e 2025, contre 37.500 tout au long de l&rsquo;ann\u00e9e 2024. Au 15 juin, 72% des personnes qui y sont d\u00e9tenues n&rsquo;ont aucun pass\u00e9 criminel, \u00e9value HRW.<\/p>\n<p class=\"fig-paragraph\">Cons\u00e9quence de cette campagne d&rsquo;arrestations massives: l&rsquo;un des centres de r\u00e9tention sur lesquels s&rsquo;est pench\u00e9 l&rsquo;ONG a parfois d\u00e9pass\u00e9 de plus de trois fois sa capacit\u00e9 maximale en mars.<\/p>\n","protected":false},"excerpt":{"rendered":"L&rsquo;ONG Human Rights Watch (HRW) alerte mardi 22 juillet sur les \u00abpratiques abusives\u00bb des \u00c9tats-Unis dans des centres&hellip;\n","protected":false},"author":2,"featured_media":264431,"comment_status":"","ping_status":"","sticky":false,"template":"","format":"standard","meta":{"footnotes":""},"categories":[1589],"tags":[11,73,1866,40400,1061,12,1864,1865,1863,308],"class_list":{"0":"post-264430","1":"post","2":"type-post","3":"status-publish","4":"format-standard","5":"has-post-thumbnail","7":"category-etats-unis","8":"tag-actualites","9":"tag-etats-unis","10":"tag-etats-unis-damerique","11":"tag-hrw","12":"tag-immigration","13":"tag-news","14":"tag-united-states","15":"tag-united-states-of-america","16":"tag-us","17":"tag-usa"},"share_on_mastodon":{"url":"https:\/\/pubeurope.com\/@fr\/114893720337823766","error":""},"_links":{"self":[{"href":"https:\/\/www.europesays.com\/fr\/wp-json\/wp\/v2\/posts\/264430","targetHints":{"allow":["GET"]}}],"collection":[{"href":"https:\/\/www.europesays.com\/fr\/wp-json\/wp\/v2\/posts"}],"about":[{"href":"https:\/\/www.europesays.com\/fr\/wp-json\/wp\/v2\/types\/post"}],"author":[{"embeddable":true,"href":"https:\/\/www.europesays.com\/fr\/wp-json\/wp\/v2\/users\/2"}],"replies":[{"embeddable":true,"href":"https:\/\/www.europesays.com\/fr\/wp-json\/wp\/v2\/comments?post=264430"}],"version-history":[{"count":0,"href":"https:\/\/www.europesays.com\/fr\/wp-json\/wp\/v2\/posts\/264430\/revisions"}],"wp:featuredmedia":[{"embeddable":true,"href":"https:\/\/www.europesays.com\/fr\/wp-json\/wp\/v2\/media\/264431"}],"wp:attachment":[{"href":"https:\/\/www.europesays.com\/fr\/wp-json\/wp\/v2\/media?parent=264430"}],"wp:term":[{"taxonomy":"category","embeddable":true,"href":"https:\/\/www.europesays.com\/fr\/wp-json\/wp\/v2\/categories?post=264430"},{"taxonomy":"post_tag","embeddable":true,"href":"https:\/\/www.europesays.com\/fr\/wp-json\/wp\/v2\/tags?post=264430"}],"curies":[{"name":"wp","href":"https:\/\/api.w.org\/{rel}","templated":true}]}}