{"id":264434,"date":"2025-07-21T23:04:13","date_gmt":"2025-07-21T23:04:13","guid":{"rendered":"https:\/\/www.europesays.com\/fr\/264434\/"},"modified":"2025-07-21T23:04:13","modified_gmt":"2025-07-21T23:04:13","slug":"deux-representants-talibans-en-allemagne-pour-faciliter-les-expulsions-vers-lafghanistan","status":"publish","type":"post","link":"https:\/\/www.europesays.com\/fr\/264434\/","title":{"rendered":"Deux repr\u00e9sentants talibans en Allemagne pour faciliter les expulsions vers l\u2019Afghanistan"},"content":{"rendered":"<p class=\"paragraph text_align_left lp-f-body-02\">Cela a de quoi surprendre. Les autorit\u00e9s talibanes ont envoy\u00e9 deux repr\u00e9sentants en Allemagne pour pr\u00e9parer de nouvelles expulsions vers l\u2019Afghanistan, a indiqu\u00e9 lundi le gouvernement allemand, trois jours apr\u00e8s le renvoi par Berlin de 81 condamn\u00e9s afghans dans leur pays.<\/p>\n<p class=\"paragraph text_align_left lp-f-body-02\">La vol rapatriant les expuls\u00e9s a eu lieu vendredi. C\u2019\u00e9tait la seconde op\u00e9ration de ce type depuis l\u2019\u00e9t\u00e9 2024.<\/p>\n<p class=\"paragraph text_align_left lp-f-body-02\">L\u2019Allemagne ne reconna\u00eet pas les talibans en tant que <a href=\"https:\/\/www.leparisien.fr\/afghanistan-des-talibans\/\" target=\"_blank\" rel=\"noreferrer nofollow noopener\">gouvernement l\u00e9gitime de l\u2019Afghanistan<\/a>, mais entretient des \u00ab contacts techniques \u00bb avec eux pour les expulsions qui ont pu se d\u00e9rouler gr\u00e2ce \u00e0 l\u2019entremise du Qatar.<\/p>\n<p class=\"paragraph text_align_left lp-f-body-02\">Le porte-parole du gouvernement allemand, Stefan Kornelius, a indiqu\u00e9 qu\u2019\u00ab au cours d\u2019\u00e9changes \u00bb avec les talibans, \u00ab il a \u00e9t\u00e9 convenu que deux repr\u00e9sentants de l\u2019administration afghane seraient int\u00e9gr\u00e9s \u00bb dans les missions diplomatiques de l\u2019Afghanistan en Allemagne.<\/p>\n<p class=\"paragraph text_align_left lp-f-body-02\">Une source du minist\u00e8re des Affaires \u00e9trang\u00e8res a ensuite confirm\u00e9 que les deux envoy\u00e9s \u00e9taient arriv\u00e9s en Allemagne au cours du week-end. \u00ab Ils sont actuellement en train de suivre la proc\u00e9dure d\u2019enregistrement habituelle avant de commencer leur travail \u00bb, selon cette source.<\/p>\n<p class=\"paragraph text_align_left lp-f-body-02\">Selon le quotidien allemand Frankfurter Allgemeine Zeitung (FAZ), ces deux repr\u00e9sentants vont travailler \u00e0 l\u2019ambassade de l\u2019Afghanistan \u00e0 Berlin et au consulat de Bonn. Les talibans avaient pos\u00e9 cette condition pour permettre le retour des 81 condamn\u00e9s vendredi en Afghanistan, croit savoir le journal.<\/p>\n<p class=\"paragraph text_align_left lp-f-body-02\">Les noms des deux repr\u00e9sentants ont d\u00e9j\u00e0 \u00e9t\u00e9 envoy\u00e9s \u00e0 Berlin et qu\u2019il s\u2019agit de deux personnes ayant d\u00e9j\u00e0 travaill\u00e9 aux services consulaires du pr\u00e9c\u00e9dent gouvernement afghan, reconnu internationalement.<\/p>\n<p>Pas des \u00ab extr\u00e9mistes \u00bb&#8230;<\/p>\n<p class=\"paragraph text_align_left lp-f-body-02\">Ces deux repr\u00e9sentants ne sont pas consid\u00e9r\u00e9s comme extr\u00e9mistes, selon la FAZ. Apr\u00e8s le retour au pouvoir des talibans en 2021, l\u2019Allemagne avait cess\u00e9 les expulsions vers l\u2019Afghanistan et ferm\u00e9 son ambassade.<\/p>\n<p class=\"title-embed-dailymotion lp-color-text lp-f-subtitle-04\">Vid\u00e9o\u00abMon c\u0153ur ne veut pas rentrer\u00bb : le Pakistan expulse 1,7 million d&rsquo;Afghans fuyant les talibans<\/p>\n<p class=\"paragraph text_align_left lp-f-body-02\">Mais en ao\u00fbt 2024, le gouvernement du chancelier social-d\u00e9mocrate Olaf Scholz les avait reprises, affr\u00e9tant un avion avec 28 d\u00e9linquants afghans.<\/p>\n<p class=\"paragraph text_align_left lp-f-body-02\">Le conservateur Friedrich Merz, qui a pris la succession d\u2019Olaf Scholz en mai \u00e0 la t\u00eate de l\u2019Allemagne, a promis de continuer les expulsions, dans le cadre d\u2019un durcissement g\u00e9n\u00e9ral de la politique migratoire du pays.<\/p>\n<p class=\"paragraph text_align_left lp-f-body-02\">Stefan Kornelius a fait savoir, lors d\u2019un point presse r\u00e9gulier du gouvernement, que d\u2019autres vols de ce type \u00e9taient pr\u00e9vus. \u00ab Le gouvernement s\u2019est engag\u00e9 \u00e0 expulser syst\u00e9matiquement les personnes reconnues coupables de crimes, et un seul vol ne suffira pas \u00e0 atteindre cet objectif \u00bb, a-t-il d\u00e9clar\u00e9.<\/p>\n","protected":false},"excerpt":{"rendered":"Cela a de quoi surprendre. Les autorit\u00e9s talibanes ont envoy\u00e9 deux repr\u00e9sentants en Allemagne pour pr\u00e9parer de nouvelles&hellip;\n","protected":false},"author":2,"featured_media":264435,"comment_status":"","ping_status":"","sticky":false,"template":"","format":"standard","meta":{"footnotes":""},"categories":[1587],"tags":[11,672,1804,1805,1803,1777,674,1801,14,12,1802],"class_list":{"0":"post-264434","1":"post","2":"type-post","3":"status-publish","4":"format-standard","5":"has-post-thumbnail","7":"category-allemagne","8":"tag-actualites","9":"tag-allemagne","10":"tag-bundesrepublik-deutschland","11":"tag-de","12":"tag-deutschland","13":"tag-eu","14":"tag-europe","15":"tag-germany","16":"tag-international","17":"tag-news","18":"tag-republique-federale-dallemagne"},"share_on_mastodon":{"url":"https:\/\/pubeurope.com\/@fr\/114893728181161845","error":""},"_links":{"self":[{"href":"https:\/\/www.europesays.com\/fr\/wp-json\/wp\/v2\/posts\/264434","targetHints":{"allow":["GET"]}}],"collection":[{"href":"https:\/\/www.europesays.com\/fr\/wp-json\/wp\/v2\/posts"}],"about":[{"href":"https:\/\/www.europesays.com\/fr\/wp-json\/wp\/v2\/types\/post"}],"author":[{"embeddable":true,"href":"https:\/\/www.europesays.com\/fr\/wp-json\/wp\/v2\/users\/2"}],"replies":[{"embeddable":true,"href":"https:\/\/www.europesays.com\/fr\/wp-json\/wp\/v2\/comments?post=264434"}],"version-history":[{"count":0,"href":"https:\/\/www.europesays.com\/fr\/wp-json\/wp\/v2\/posts\/264434\/revisions"}],"wp:featuredmedia":[{"embeddable":true,"href":"https:\/\/www.europesays.com\/fr\/wp-json\/wp\/v2\/media\/264435"}],"wp:attachment":[{"href":"https:\/\/www.europesays.com\/fr\/wp-json\/wp\/v2\/media?parent=264434"}],"wp:term":[{"taxonomy":"category","embeddable":true,"href":"https:\/\/www.europesays.com\/fr\/wp-json\/wp\/v2\/categories?post=264434"},{"taxonomy":"post_tag","embeddable":true,"href":"https:\/\/www.europesays.com\/fr\/wp-json\/wp\/v2\/tags?post=264434"}],"curies":[{"name":"wp","href":"https:\/\/api.w.org\/{rel}","templated":true}]}}