{"id":264436,"date":"2025-07-21T23:05:12","date_gmt":"2025-07-21T23:05:12","guid":{"rendered":"https:\/\/www.europesays.com\/fr\/264436\/"},"modified":"2025-07-21T23:05:12","modified_gmt":"2025-07-21T23:05:12","slug":"palm-angels-confie-ses-sous-vetements-en-europe-a-area-b","status":"publish","type":"post","link":"https:\/\/www.europesays.com\/fr\/264436\/","title":{"rendered":"Palm Angels confie ses sous-v\u00eatements en Europe \u00e0 Area B"},"content":{"rendered":"<p>\n                                        <b>Traduit par<\/b><br \/>\n                                        <br \/>Cecile Herrero\n                                    <\/p>\n<p>\n                                    <b>Publi\u00e9 le<\/b><br \/>\n                                    <\/p>\n<p>                                        22 juillet 2025<\/p>\n<p class=\"article-content col-md-8 offset-md-1\">\n                                L&rsquo;univers de Palm Angels continue de s&rsquo;\u00e9tendre. La marque fond\u00e9e en 2015 par Francesco Ragazzi, d\u00e9sormais contr\u00f4l\u00e9e par l&rsquo;am\u00e9ricaine Bluestar Alliance, a sign\u00e9 un accord de cinq ans avec Area B pour d\u00e9velopper sa nouvelle ligne de sous-v\u00eatements dans la r\u00e9gion Emea.<img decoding=\"async\" class=\"news-image\" style=\"width:100%;max-width:960px;\" src=\"https:\/\/www.europesays.com\/fr\/wp-content\/uploads\/2025\/07\/d046.jpeg\" alt=\"Palm Angels\" loading=\"lazy\"\/>Palm Angels La premi\u00e8re collection issue du partenariat avec le sp\u00e9cialiste des sous-v\u00eatements et des v\u00eatements de plage italien comprendra des mod\u00e8les pour hommes et pour femmes et fera son entr\u00e9e sur le march\u00e9 en janvier 2026.\u00a0\u00bbLa licence permettra \u00e0 Palm Angels et \u00e0 Area B d&rsquo;atteindre de nouveaux march\u00e9s, d&rsquo;engager des acteurs cl\u00e9s et d&rsquo;offrir aux consommateurs des produits de haute qualit\u00e9 \u00e0 un prix abordable\u00a0\u00bb, peut-on lire dans le communiqu\u00e9.\n                            <\/p>\n<p>\n                                Cet article est une traduction automatique.<br \/>\n                                    <a href=\"https:\/\/it.fashionnetwork.com\/news\/Palm-angels-affida-l-intimo-ad-area-b,1750379.html\" target=\"_blank\" rel=\"noopener\">Cliquez ici<\/a> pour consulter l&rsquo;article d&rsquo;origine.\n                            <\/p>\n<p>\n                                Tous droits de reproduction et de repr\u00e9sentation r\u00e9serv\u00e9s.<br \/>\u00a9 2025 FashionNetwork.com\n                            <\/p>\n","protected":false},"excerpt":{"rendered":"Traduit par Cecile Herrero Publi\u00e9 le 22 juillet 2025 L&rsquo;univers de Palm Angels continue de s&rsquo;\u00e9tendre. La marque&hellip;\n","protected":false},"author":2,"featured_media":264437,"comment_status":"","ping_status":"","sticky":false,"template":"","format":"standard","meta":{"footnotes":""},"categories":[1586],"tags":[11,2424,537,2423,1777,674,1011,27,2425,985,12,2298,2426,2427,25,2421,2422],"class_list":{"0":"post-264436","1":"post","2":"type-post","3":"status-publish","4":"format-standard","5":"has-post-thumbnail","7":"category-europe","8":"tag-actualites","9":"tag-beaute","10":"tag-contact","11":"tag-cosmetiques","12":"tag-eu","13":"tag-europe","14":"tag-fr","15":"tag-france","16":"tag-luxe","17":"tag-mode","18":"tag-news","19":"tag-parfum","20":"tag-professionnel","21":"tag-professionnels","22":"tag-republique-francaise","23":"tag-reseau","24":"tag-textile"},"share_on_mastodon":{"url":"https:\/\/pubeurope.com\/@fr\/114893732309106015","error":""},"_links":{"self":[{"href":"https:\/\/www.europesays.com\/fr\/wp-json\/wp\/v2\/posts\/264436","targetHints":{"allow":["GET"]}}],"collection":[{"href":"https:\/\/www.europesays.com\/fr\/wp-json\/wp\/v2\/posts"}],"about":[{"href":"https:\/\/www.europesays.com\/fr\/wp-json\/wp\/v2\/types\/post"}],"author":[{"embeddable":true,"href":"https:\/\/www.europesays.com\/fr\/wp-json\/wp\/v2\/users\/2"}],"replies":[{"embeddable":true,"href":"https:\/\/www.europesays.com\/fr\/wp-json\/wp\/v2\/comments?post=264436"}],"version-history":[{"count":0,"href":"https:\/\/www.europesays.com\/fr\/wp-json\/wp\/v2\/posts\/264436\/revisions"}],"wp:featuredmedia":[{"embeddable":true,"href":"https:\/\/www.europesays.com\/fr\/wp-json\/wp\/v2\/media\/264437"}],"wp:attachment":[{"href":"https:\/\/www.europesays.com\/fr\/wp-json\/wp\/v2\/media?parent=264436"}],"wp:term":[{"taxonomy":"category","embeddable":true,"href":"https:\/\/www.europesays.com\/fr\/wp-json\/wp\/v2\/categories?post=264436"},{"taxonomy":"post_tag","embeddable":true,"href":"https:\/\/www.europesays.com\/fr\/wp-json\/wp\/v2\/tags?post=264436"}],"curies":[{"name":"wp","href":"https:\/\/api.w.org\/{rel}","templated":true}]}}