{"id":264438,"date":"2025-07-21T23:06:10","date_gmt":"2025-07-21T23:06:10","guid":{"rendered":"https:\/\/www.europesays.com\/fr\/264438\/"},"modified":"2025-07-21T23:06:10","modified_gmt":"2025-07-21T23:06:10","slug":"ue-prepare-mesure-contre-guerre-commerciale-us","status":"publish","type":"post","link":"https:\/\/www.europesays.com\/fr\/264438\/","title":{"rendered":"UE pr\u00e9pare mesure contre guerre commerciale US"},"content":{"rendered":"<p>                    <img decoding=\"async\" style=\"aspect-ratio:16\/9\" src=\"https:\/\/www.europesays.com\/fr\/wp-content\/uploads\/2025\/07\/Trump-Leyen.webp\" width=\"100%\" loading=\"eager\"\/><\/p>\n<p>                            <a href=\"https:\/\/fr.businessam.be\/author\/redactie\/\" class=\"author-thumbnail\" style=\"border: 2px inset #00000099;\" rel=\"nofollow noopener\" target=\"_blank\"><img loading=\"lazy\" decoding=\"async\" src=\"https:\/\/www.europesays.com\/fr\/wp-content\/uploads\/2025\/07\/1753139170_267_cropped-favicon-192x192.png\" width=\"80\" height=\"80\" alt=\"Business AM\"\/><\/a>\ue05bpar <a href=\"https:\/\/fr.businessam.be\/author\/redactie\/\" rel=\"nofollow noopener\" target=\"_blank\">Business AM<\/a><br \/>\ue010publi\u00e9 le lundi 21 juillet 2025 \u00e0 21:45 \u2022 <br \/>\ue00c2 min de lecture<\/p>\n<p>Principaux renseingnements<\/p>\n<ul class=\"wp-block-list\">\n<li><strong>L\u2019UE envisage d\u2019utiliser un instrument anti-coercition contre les services et les industries am\u00e9ricains.<\/strong><\/li>\n<li><strong>Les menaces tarifaires du pr\u00e9sident Trump compliquent les n\u00e9gociations commerciales entre l\u2019UE et les \u00c9tats-Unis.<\/strong><\/li>\n<li><strong>La lev\u00e9e des droits de douane existants semble peu probable, ce qui am\u00e8ne l\u2019UE \u00e0 envisager une mesure tr\u00e8s forte et radicale.<\/strong><\/li>\n<\/ul>\n<p>Les tensions commerciales entre l\u2019UE et les \u00c9tats-Unis s\u2019intensifient \u00e0 mesure que les n\u00e9gociations s\u2019enlisent. L\u2019UE explore des <a href=\"https:\/\/fr.businessam.be\/ue-menace-dimposer-droits-douane-21-milliards-euros-produits-americains\/\" target=\"_blank\" rel=\"noreferrer noopener nofollow\">contre-mesures plus larges<\/a> contre les \u00c9tats-Unis, en utilisant potentiellement un instrument \u00ab\u00a0anti-coercition\u00a0\u00bb pour cibler les services et les industries am\u00e9ricains. Cette r\u00e9action d\u00e9coule des menaces tarifaires du pr\u00e9sident Trump, qui ont compliqu\u00e9 des n\u00e9gociations commerciales d\u00e9j\u00e0 difficiles. Le commissaire europ\u00e9en au commerce, Maros Sefcovic, a reconnu la nature difficile de ces discussions avec ses homologues am\u00e9ricains.<\/p>\n<p>Incertitude<\/p>\n<p>Initialement, un accord semblait \u00e0 port\u00e9e de main, o\u00f9 les droits de douane am\u00e9ricains de 10 pour cent sur la plupart des exportations resteraient en place avec quelques concessions.<\/p>\n<p>Cependant, la menace du pr\u00e9sident Trump d\u2019imposer des droits de douane de 30 pour cent au 1er ao\u00fbt a consid\u00e9rablement r\u00e9duit les espoirs d\u2019un accord. Apr\u00e8s des n\u00e9gociations non concluantes entre le commissaire Sefcovic et les fonctionnaires am\u00e9ricains \u00e0 Washington, la voie \u00e0 suivre reste incertaine.<\/p>\n<p>Mesures drastiques<\/p>\n<p>La perspective de lever les <a href=\"https:\/\/fr.businessam.be\/etats-unis-doublent-droits-douane-importations-dacier-daluminium\/\" target=\"_blank\" rel=\"noreferrer noopener nofollow\">droits de douane existants sur l\u2019acier, l\u2019aluminium<\/a>, les voitures et les pi\u00e8ces d\u00e9tach\u00e9es semble peu probable. Par cons\u00e9quent, l\u2019UE envisage de plus en plus de recourir \u00e0 son instrument de coercition, une mesure g\u00e9n\u00e9ralement r\u00e9serv\u00e9e \u00e0 des circonstances exceptionnelles, comme l\u2019a soulign\u00e9 la pr\u00e9sidente de la Commission europ\u00e9enne, Ursula von der Leyen.<\/p>\n<p><a href=\"https:\/\/portalfr.businessam.be\/plans\/business-am-fr-offre-dete\/\" target=\"_blank\" rel=\"noreferrer noopener nofollow\">Si vous souhaitez acc\u00e9der \u00e0 tous les articles, abonnez-vous ici!<\/a><\/p>\n","protected":false},"excerpt":{"rendered":"\ue05bpar Business AM\ue010publi\u00e9 le lundi 21 juillet 2025 \u00e0 21:45 \u2022 \ue00c2 min de lecture Principaux renseingnements L\u2019UE&hellip;\n","protected":false},"author":2,"featured_media":152906,"comment_status":"","ping_status":"","sticky":false,"template":"","format":"standard","meta":{"footnotes":""},"categories":[1586],"tags":[11,1777,674,1779,1011,27,1074,12,25,467,1778,364,19665],"class_list":{"0":"post-264438","1":"post","2":"type-post","3":"status-publish","4":"format-standard","5":"has-post-thumbnail","7":"category-europe","8":"tag-actualites","9":"tag-eu","10":"tag-europe","11":"tag-european-union","12":"tag-fr","13":"tag-france","14":"tag-guerre-commerciale","15":"tag-news","16":"tag-republique-francaise","17":"tag-trump","18":"tag-ue","19":"tag-union-europeenne","20":"tag-von-der-leyen"},"share_on_mastodon":{"url":"https:\/\/pubeurope.com\/@fr\/114893736119464693","error":""},"_links":{"self":[{"href":"https:\/\/www.europesays.com\/fr\/wp-json\/wp\/v2\/posts\/264438","targetHints":{"allow":["GET"]}}],"collection":[{"href":"https:\/\/www.europesays.com\/fr\/wp-json\/wp\/v2\/posts"}],"about":[{"href":"https:\/\/www.europesays.com\/fr\/wp-json\/wp\/v2\/types\/post"}],"author":[{"embeddable":true,"href":"https:\/\/www.europesays.com\/fr\/wp-json\/wp\/v2\/users\/2"}],"replies":[{"embeddable":true,"href":"https:\/\/www.europesays.com\/fr\/wp-json\/wp\/v2\/comments?post=264438"}],"version-history":[{"count":0,"href":"https:\/\/www.europesays.com\/fr\/wp-json\/wp\/v2\/posts\/264438\/revisions"}],"wp:featuredmedia":[{"embeddable":true,"href":"https:\/\/www.europesays.com\/fr\/wp-json\/wp\/v2\/media\/152906"}],"wp:attachment":[{"href":"https:\/\/www.europesays.com\/fr\/wp-json\/wp\/v2\/media?parent=264438"}],"wp:term":[{"taxonomy":"category","embeddable":true,"href":"https:\/\/www.europesays.com\/fr\/wp-json\/wp\/v2\/categories?post=264438"},{"taxonomy":"post_tag","embeddable":true,"href":"https:\/\/www.europesays.com\/fr\/wp-json\/wp\/v2\/tags?post=264438"}],"curies":[{"name":"wp","href":"https:\/\/api.w.org\/{rel}","templated":true}]}}