{"id":264441,"date":"2025-07-21T23:08:20","date_gmt":"2025-07-21T23:08:20","guid":{"rendered":"https:\/\/www.europesays.com\/fr\/264441\/"},"modified":"2025-07-21T23:08:20","modified_gmt":"2025-07-21T23:08:20","slug":"le-plan-de-bataille-du-gouvernement-pour-mettre-fin-a-la-derive-des-arrets-de-travail-dans-le-public-et-le-prive","status":"publish","type":"post","link":"https:\/\/www.europesays.com\/fr\/264441\/","title":{"rendered":"Le plan de bataille du gouvernement pour mettre fin \u00e0 la \u00ab d\u00e9rive \u00bb des arr\u00eats de travail dans le public et le priv\u00e9"},"content":{"rendered":"<p><strong>D\u00c9CRYPTAGE <\/strong>&#8211; Le gouvernement de Fran\u00e7ois Bayrou cherche \u00e0 faire 43,8 milliards d\u2019euros d\u2019\u00e9conomies pour r\u00e9duire le d\u00e9ficit. Plusieurs curseurs pourraient bouger d\u00e8s 2026, \u00e0 l\u2019instar du d\u00e9lai de carence.<\/p>\n<p class=\"fig-paragraph\">Les arr\u00eats de travail co\u00fbtent de plus en plus cher et le gouvernement cherche par tous les moyens \u00e0 renverser la tendance. Fran\u00e7ois Bayrou\u00a0<a href=\"http:\/\/www.lefigaro.fr\/flash-eco\/budget-francois-bayrou-prevoit-43-8-milliards-d-euros-d-economies-en-2026-20250715\" target=\"_blank\" data-fig-type=\"NewsFlash\" rel=\"noopener\" data-gtm-custom-categorie=\"navigation\" data-gtm-custom-action=\"crossclick\" data-gtm-custom-label=\"Contextuel\" data-gtm-event=\"customEventSPE\" data-fig-domain=\"LEFIGARO\">l\u2019a redit lors de son \u00ab moment de v\u00e9rit\u00e9\u00a0\u00bb<\/a>, la semaine derni\u00e8re. Le montant\u00a0<a href=\"http:\/\/www.lefigaro.fr\/social\/l-indemnisation-des-arrets-maladie-reduite-par-la-secu-a-partir-de-mardi-20250330\" data-fig-type=\"NewsFlash\" data-gtm-custom-categorie=\"navigation\" data-gtm-custom-action=\"crossclick\" data-gtm-custom-label=\"Contextuel\" data-gtm-event=\"customEventSPE\" data-fig-domain=\"LEFIGARO\" target=\"_blank\" rel=\"noopener\">des indemnit\u00e9s journali\u00e8res<\/a>\u00a0(IJ) vers\u00e9es par l\u2019Assurance-maladie aux salari\u00e9s en arr\u00eat de travail a augment\u00e9 de 28,9\u00a0% entre 2010 et 2019 puis de 27,9\u00a0% entre 2019 et 2023, selon les chiffres de la Caisse nationale d\u2019assurance-maladie (Cnam), pour un montant total vers\u00e9 de plus de 20\u00a0milliards d\u2019euros en 2023. Face \u00e0 cette hausse importante, la Cnam a propos\u00e9\u00a0<a href=\"http:\/\/www.lefigaro.fr\/social\/la-proposition-choc-de-l-assurance-maladie-pour-freiner-la-hausse-du-cout-des-arrets-de-travail-20250624\" data-fig-type=\"Article\" data-gtm-custom-categorie=\"navigation\" data-gtm-custom-action=\"crossclick\" data-gtm-custom-label=\"Contextuel\" data-gtm-event=\"customEventSPE\" data-fig-domain=\"LEFIGARO\" target=\"_blank\" rel=\"noopener\">de nombreuses mesures fortes<\/a>, qui devraient \u00eatre reprises par le gouvernement dans le cadre du prochain projet de loi de financement de la S\u00e9curit\u00e9 sociale (PLFSS) pour 2026.<\/p>\n<p class=\"fig-paragraph\">Ces id\u00e9es, avanc\u00e9es par le dernier rapport Charges et produits de la Cnam &#8211;\u00a0un document annuel pr\u00e9figurant le PLFSS\u00a0&#8211; ont re\u00e7u une oreille attentive du gouvernement. Plusieurs curseurs pourraient bouger d\u00e8s 2026,\u00a0<a href=\"http:\/\/www.lefigaro.fr\/politique\/arrets-maladie-les-francais-favorables-a-l-augmentation-du-delai-de-carence-pour-les-fonctionnaires-20241031\" target=\"_blank\" data-fig-type=\"Article\" rel=\"noopener\" data-gtm-custom-categorie=\"navigation\" data-gtm-custom-action=\"crossclick\" data-gtm-custom-label=\"Contextuel\" data-gtm-event=\"customEventSPE\" data-fig-domain=\"LEFIGARO\">\u00e0 l\u2019instar du d\u00e9lai de carence<\/a>\u2026<\/p>\n<p class=\"fig-premium-paywall__infos\">\n        Cet article est r\u00e9serv\u00e9 aux abonn\u00e9s.        Il vous reste 83% \u00e0 d\u00e9couvrir.\n    <\/p>\n<p>                <img  data- alt=\"Le Figaro\" class=\"fig-img--complete fig-img\"\/><\/p>\n<p class=\"fig-premium-paywall__title\">Vous avez envie de lire la suite ?<\/p>\n<p class=\"fig-premium-paywall__subtitle\">D\u00e9bloquez tous les articles imm\u00e9diatement.<\/p>\n<p class=\"fig-premium-paywall__connect\">\n                D\u00e9j\u00e0 abonn\u00e9\u00a0?                <a class=\"fig-premium-paywall__connect-link\" href=\"https:\/\/connect.lefigaro.fr\/login?client=horizon_web&amp;type=main&amp;redirect_uri=https%3A%2F%2Fwww.lefigaro.fr%2Fconjoncture%2Fjour-de-carence-duree-des-arrets-maladie-le-gouvernement-veut-s-attaquer-a-l-absenteisme-au-travail-20250721\" data-js-gtm=\"{&quot;customCategorie&quot;: &quot;conversion&quot;, &quot;customAction&quot;: &quot;before_Landing_Connexion_paywall_auto&quot;, &quot;customLabel&quot;: &quot;bGVmaWdhcm8uZnJfXzFmMDY2MGZmLTZjOTUtNjEzNi05Mjk4LTk5MjgwYjkwMjM1OV9fQXJ0aWNsZQ==_Le plan de bataille du gouvernement pour mettre fin \u00e0 la \u00ab d\u00e9rive\u00a0\u00bb des arr\u00eats de travail dans le public et le priv\u00e9_244&quot;, &quot;customIDSPE&quot;: &quot;bGVmaWdhcm8uZnJfXzFmMDY2MGZmLTZjOTUtNjEzNi05Mjk4LTk5MjgwYjkwMjM1OV9fQXJ0aWNsZQ==&quot;, &quot;event&quot;: &quot;customEventSPE&quot;}\" target=\"_blank\" rel=\"noopener\"><br \/>\n                    Connectez-vous<br \/>\n                <\/a>\n            <\/p>\n","protected":false},"excerpt":{"rendered":"D\u00c9CRYPTAGE &#8211; Le gouvernement de Fran\u00e7ois Bayrou cherche \u00e0 faire 43,8 milliards d\u2019euros d\u2019\u00e9conomies pour r\u00e9duire le d\u00e9ficit.&hellip;\n","protected":false},"author":2,"featured_media":264442,"comment_status":"","ping_status":"","sticky":false,"template":"","format":"standard","meta":{"footnotes":""},"categories":[2],"tags":[11,30829,1011,27,418,12,25,71],"class_list":{"0":"post-264441","1":"post","2":"type-post","3":"status-publish","4":"format-standard","5":"has-post-thumbnail","7":"category-actualites","8":"tag-actualites","9":"tag-arret-maladie","10":"tag-fr","11":"tag-france","12":"tag-gouvernement","13":"tag-news","14":"tag-republique-francaise","15":"tag-sante"},"share_on_mastodon":{"url":"https:\/\/pubeurope.com\/@fr\/114893743973017733","error":""},"_links":{"self":[{"href":"https:\/\/www.europesays.com\/fr\/wp-json\/wp\/v2\/posts\/264441","targetHints":{"allow":["GET"]}}],"collection":[{"href":"https:\/\/www.europesays.com\/fr\/wp-json\/wp\/v2\/posts"}],"about":[{"href":"https:\/\/www.europesays.com\/fr\/wp-json\/wp\/v2\/types\/post"}],"author":[{"embeddable":true,"href":"https:\/\/www.europesays.com\/fr\/wp-json\/wp\/v2\/users\/2"}],"replies":[{"embeddable":true,"href":"https:\/\/www.europesays.com\/fr\/wp-json\/wp\/v2\/comments?post=264441"}],"version-history":[{"count":0,"href":"https:\/\/www.europesays.com\/fr\/wp-json\/wp\/v2\/posts\/264441\/revisions"}],"wp:featuredmedia":[{"embeddable":true,"href":"https:\/\/www.europesays.com\/fr\/wp-json\/wp\/v2\/media\/264442"}],"wp:attachment":[{"href":"https:\/\/www.europesays.com\/fr\/wp-json\/wp\/v2\/media?parent=264441"}],"wp:term":[{"taxonomy":"category","embeddable":true,"href":"https:\/\/www.europesays.com\/fr\/wp-json\/wp\/v2\/categories?post=264441"},{"taxonomy":"post_tag","embeddable":true,"href":"https:\/\/www.europesays.com\/fr\/wp-json\/wp\/v2\/tags?post=264441"}],"curies":[{"name":"wp","href":"https:\/\/api.w.org\/{rel}","templated":true}]}}