{"id":264445,"date":"2025-07-21T23:10:14","date_gmt":"2025-07-21T23:10:14","guid":{"rendered":"https:\/\/www.europesays.com\/fr\/264445\/"},"modified":"2025-07-21T23:10:14","modified_gmt":"2025-07-21T23:10:14","slug":"scottie-scheffler-un-regne-sans-partage-qui-rappelle-celui-de-tiger-woods","status":"publish","type":"post","link":"https:\/\/www.europesays.com\/fr\/264445\/","title":{"rendered":"Scottie Scheffler, un r\u00e8gne sans partage qui rappelle celui de Tiger Woods"},"content":{"rendered":"<p>    Scottie Scheffler c\u00e9l\u00e8bre avec la Claret Jug apr\u00e8s avoir remport\u00e9 le 153e Championnat Ouvert de golf au Royal Portrush.<br \/>\n                Mike Frey \/ REUTERS<\/p>\n<p><strong>D\u00c9CRYPTAGE<\/strong> &#8211; L\u2019Am\u00e9ricain de 29\u00a0ans a \u00e9c\u0153ur\u00e9 la concurrence pour remporter le British Open, son quatri\u00e8me Grand Chelem, le second cette ann\u00e9e apr\u00e8s le PGA Championship. Dans les pas des plus grands.<\/p>\n<p class=\"fig-paragraph\">Toujours tr\u00e8s calme sur le terrain, l\u2019actuel patron incontest\u00e9 du golf mondial a tout de m\u00eame laiss\u00e9 \u00e9chapper un cri de joie lib\u00e9rateur lors de son putt victorieux. En domptant le mythique parcours du Royal Portrush (-\u00a017 au total), en Irlande du Nord, le Texan d\u2019adoption a achev\u00e9 sans trembler ses quatre tours avec 4\u00a0coups d\u2019avance sur son premier poursuivant, Harris English. Celui qui n\u2019affiche g\u00e9n\u00e9ralement pas beaucoup ses \u00e9motions a fait preuve d\u2019un incroyable sang-froid et d\u2019une ma\u00eetrise totale de ses nerfs. Clinique. Un peu \u00e0 l\u2019image du num\u00e9ro\u00a01 mondial de tennis,\u00a0<a href=\"http:\/\/www.lefigaro.fr\/sports\/tennis\/wimbledon\/wimbledon-sinner-alcaraz-une-belle-rivalite-partie-pour-durer-20250714\" target=\"_blank\" data-fig-type=\"Article\" rel=\"noopener nofollow\" data-gtm-custom-categorie=\"navigation\" data-gtm-custom-action=\"crossclick\" data-gtm-custom-label=\"Contextuel\" data-gtm-event=\"customEventSPE\" data-fig-domain=\"LEFIGARO\">Jannik Sinner<\/a>.<\/p>\n<p>C\u2019est entendu, l\u2019Impassible\u00a0<a href=\"http:\/\/golf.lefigaro.fr\/actualite\/majeurs\/british-open-je-me-suis-vraiment-senti-en-paix-se-felicite-scottie-scheffler-20250721\" target=\"_blank\" data-fig-type=\"NewsFlash\" rel=\"noopener nofollow\" data-gtm-custom-categorie=\"navigation\" data-gtm-custom-action=\"crossclick\" data-gtm-custom-label=\"Contextuel\" data-gtm-event=\"customEventSPE\" data-fig-domain=\"GOLF\">Scottie Scheffler<\/a>\u00a0n\u2019a pas la flamboyance ni le charisme d\u2019un Tiger Woods, la superstar du golf des ann\u00e9es 2000. Mais la \u00ab\u00a0machine\u00a0\u00bb Scheffler tourne \u00e0 plein r\u00e9gime et roule sur la concurrence comme le Woods de la grande \u00e9poque. Pas la m\u00eame aura que Tiger, certes, mais d\u00e9j\u00e0 une statistique commune\u00a0: 1197, comme le nombre de jours entre son premier Majeur et son quatri\u00e8me\u2026<\/p>\n<p class=\"fig-premium-paywall__infos\">\n        Cet article est r\u00e9serv\u00e9 aux abonn\u00e9s.        Il vous reste 76% \u00e0 d\u00e9couvrir.\n    <\/p>\n<p>                <img  data- alt=\"Le Figaro\" class=\"fig-img--complete fig-img\"\/><\/p>\n<p class=\"fig-premium-paywall__title\">Vous avez envie de lire la suite ?<\/p>\n<p class=\"fig-premium-paywall__subtitle\">D\u00e9bloquez tous les articles imm\u00e9diatement.<\/p>\n<p class=\"fig-premium-paywall__connect\">\n                D\u00e9j\u00e0 abonn\u00e9\u00a0?                <a class=\"fig-premium-paywall__connect-link\" href=\"https:\/\/connect.lefigaro.fr\/login?client=golf_web&amp;type=main&amp;redirect_uri=https%3A%2F%2Fgolf.lefigaro.fr%2Factualite%2Fmajeurs%2Fgolf-scottie-scheffler-un-regne-sans-partage-qui-rappelle-celui-de-tiger-woods-20250721\" data-js-gtm=\"{&quot;customCategorie&quot;: &quot;conversion&quot;, &quot;customAction&quot;: &quot;before_Landing_Connexion_paywall_auto&quot;, &quot;customLabel&quot;: &quot;Z29sZi5sZWZpZ2Fyby5mcl9fMWYwNjYyZWItMTVhMS02N2M0LWFmNDctMDNhNjRiN2JkYzE0X19BcnRpY2xl_Golf\u00a0: Scottie Scheffler, un r\u00e8gne sans partage qui rappelle celui de Tiger Woods_1000&quot;, &quot;customIDSPE&quot;: &quot;Z29sZi5sZWZpZ2Fyby5mcl9fMWYwNjYyZWItMTVhMS02N2M0LWFmNDctMDNhNjRiN2JkYzE0X19BcnRpY2xl&quot;, &quot;event&quot;: &quot;customEventSPE&quot;}\" rel=\"nofollow noopener\" target=\"_blank\"><br \/>\n                    Connectez-vous<br \/>\n                <\/a>\n            <\/p>\n","protected":false},"excerpt":{"rendered":"Scottie Scheffler c\u00e9l\u00e8bre avec la Claret Jug apr\u00e8s avoir remport\u00e9 le 153e Championnat Ouvert de golf au Royal&hellip;\n","protected":false},"author":2,"featured_media":264446,"comment_status":"","ping_status":"","sticky":false,"template":"","format":"standard","meta":{"footnotes":""},"categories":[1418],"tags":[1011,27,1472,60,5078],"class_list":{"0":"post-264445","1":"post","2":"type-post","3":"status-publish","4":"format-standard","5":"has-post-thumbnail","7":"category-golf","8":"tag-fr","9":"tag-france","10":"tag-golf","11":"tag-sports","12":"tag-tiger-woods"},"share_on_mastodon":{"url":"https:\/\/pubeurope.com\/@fr\/114893751830595421","error":""},"_links":{"self":[{"href":"https:\/\/www.europesays.com\/fr\/wp-json\/wp\/v2\/posts\/264445","targetHints":{"allow":["GET"]}}],"collection":[{"href":"https:\/\/www.europesays.com\/fr\/wp-json\/wp\/v2\/posts"}],"about":[{"href":"https:\/\/www.europesays.com\/fr\/wp-json\/wp\/v2\/types\/post"}],"author":[{"embeddable":true,"href":"https:\/\/www.europesays.com\/fr\/wp-json\/wp\/v2\/users\/2"}],"replies":[{"embeddable":true,"href":"https:\/\/www.europesays.com\/fr\/wp-json\/wp\/v2\/comments?post=264445"}],"version-history":[{"count":0,"href":"https:\/\/www.europesays.com\/fr\/wp-json\/wp\/v2\/posts\/264445\/revisions"}],"wp:featuredmedia":[{"embeddable":true,"href":"https:\/\/www.europesays.com\/fr\/wp-json\/wp\/v2\/media\/264446"}],"wp:attachment":[{"href":"https:\/\/www.europesays.com\/fr\/wp-json\/wp\/v2\/media?parent=264445"}],"wp:term":[{"taxonomy":"category","embeddable":true,"href":"https:\/\/www.europesays.com\/fr\/wp-json\/wp\/v2\/categories?post=264445"},{"taxonomy":"post_tag","embeddable":true,"href":"https:\/\/www.europesays.com\/fr\/wp-json\/wp\/v2\/tags?post=264445"}],"curies":[{"name":"wp","href":"https:\/\/api.w.org\/{rel}","templated":true}]}}