{"id":264447,"date":"2025-07-21T23:11:12","date_gmt":"2025-07-21T23:11:12","guid":{"rendered":"https:\/\/www.europesays.com\/fr\/264447\/"},"modified":"2025-07-21T23:11:12","modified_gmt":"2025-07-21T23:11:12","slug":"ligue-des-nations-de-volley-a-quelle-heure-et-sur-quelle-chaine-suivre-les-quarts-de-finale-avec-lequipe-de-france-lequipe","status":"publish","type":"post","link":"https:\/\/www.europesays.com\/fr\/264447\/","title":{"rendered":"Ligue des nations de volley : \u00e0 quelle heure et sur quelle cha\u00eene suivre les quarts de finale avec l&#039;\u00e9quipe de France ? &#8211; L&#039;\u00c9quipe"},"content":{"rendered":"<ol>\n<li><a href=\"https:\/\/news.google.com\/rss\/articles\/CBMi_gFBVV95cUxNbGJZUUU4QWZBempWbFVJVG1lc2NhYjhjWHVjSF9XdDMyeVMtRTExZ0RBME42bGMybkFkSEdVRjVWUUsyMEp5OElubEgzVG9LRVFiZTQ4blNFQ2J5Qk9IZDhMekcwSHBwLUVtUnhkRUxxSy0wYVhTYzBzSzlWdE9XNFRlREx6eXNmQlpfODZSQlhhc1NHejc1WUExQ2xPUENaSjhlSlpGZGNkcGtPcENISllUU2trdklLZmgwaC0ycUJfR2Ixb0pWbDY3VExWdm9tbDJVWHhqcnhxa0lMRlV5eU51TWlkam9mem0zTDZCdDZydXNvNmtxMi1lcnhyQQ?oc=5\" target=\"_blank\" rel=\"nofollow noopener\">Ligue des nations de volley : \u00e0 quelle heure et sur quelle cha\u00eene suivre les quarts de finale avec l&rsquo;\u00e9quipe de France ?<\/a>&nbsp;&nbsp;L&rsquo;\u00c9quipe<\/li>\n<li><a href=\"https:\/\/news.google.com\/rss\/articles\/CBMi1AFBVV95cUxNaDViZ3JfdVM3VndqLXNRTS12VzR6TnQzWEg4a3NWdmlxTjktSmJ2dVJ1V2oxMnl1T0tkSVdLQm5xV3lOOW1zdDdHaEsxYUxwM2xlOHB1NW5wdkZBbVAyNmFwaWdEUnd6Tjc1SHQ2X3VCS0ItTk50R0ZiaEVkYS16STJla3NMdzNFQTk4QTZabW4xaDhCRXFfZ1RMZjRtMUVGSWZqc1BrdUxxRXp3Y3JnazZvZEc4Z3Q1T2VyY3dDNG1TVVREVGdGMFFyOE52d1ZZZkNRYw?oc=5\" target=\"_blank\" rel=\"nofollow noopener\">Volley: les Bleus battus par la Pologne avant la phase finale de la Ligue des nations<\/a>&nbsp;&nbsp;Le Figaro<\/li>\n<li><a href=\"https:\/\/news.google.com\/rss\/articles\/CBMivwFBVV95cUxOTmJvNWhHZkp6NllRcEZNQnozY285cXBfNXRaU1FZMjdrd3h5eW9aY1VaYkFMSWx3MnZvOFRXTkxZWTB1T3ZSVkcyTmZCOHdYeVQ5WDNMa0ZiRFdhSHBWcDVaYkxKNFJSRjUyWk01Qk5kVjhhLXBmSHNOX3pwYjd6cHM0NEZuVnhzMTUtLTdmSUZwd1NLbnNzejYtbDBBNmR4T29qcGRRR2dpYWZNOWtTRW1xWGlFRVpib2pIQ1RyZw?oc=5\" target=\"_blank\" rel=\"nofollow noopener\">Le replay de France &#8211; Cuba &#8211; Volley &#8211; Ligue des Nations<\/a>&nbsp;&nbsp;Orange Actualit\u00e9s | Sports<\/li>\n<li><a href=\"https:\/\/news.google.com\/rss\/articles\/CBMixAFBVV95cUxPNWE3X1haV0VDemJWekxSOTdJTkFVZHh5aVJuaUZBd2RwQnJwektSX3NYdk85enJBaU5BS0Z0bjBFNHpLbHNlLWZMRE1QNllSYjQ1YXRqeHRTM24yMUZRa3FSOC1JMGdhdzJOUWlhc1NlUEVGZl9EbDhFSWwwSGJIUXB0Ri1sSjRRdVdoRW9yYndyNnJUQzVoYm16ZG1TZGQ5WERzQkNyS1E2dDZGRHAtazNQdDdkMFhoUS02clJ4Mm0zOGpi?oc=5\" target=\"_blank\" rel=\"nofollow noopener\">Volley-ball. Ligue des nations : la France battue sur le fil par la Pologne avant la phase finale<\/a>&nbsp;&nbsp;Le Bien Public<\/li>\n<li><a href=\"https:\/\/news.google.com\/rss\/articles\/CBMikgJBVV95cUxNYUdfeGpfUHQ2bFFxZjdzS01oZ0poUTNkTndaZVpPQzBtaTh5dU9weFdBYkVUM1JydGVpUWpxZWpBcXdOOUxDZjJ0LVVBUU9PdXpBYlhYRUczNTQzdDNIT0pjczAycVM1Z1pMdWNHelFtNUFndXpDeE9wZlU4X3ZWMk5hOEJDanRrb0pGeDRrd3VlZ0Q1SEpVb0p5LU9TVmx2c0VBZGQ3S1lRd1hpTS14bFpDald1dlNPbUJrT3BKcVI4T05wWk5pZ1MzMVZLMGMwdFlHaGYyamZJNjlBNjRjSlg5NEM0NnVKVUp6RmJ4ejRsNF9sOVFpM0ZLOXBwbWF5azhXRlV0QmRXdlBXM2dnV29n?oc=5\" target=\"_blank\" rel=\"nofollow noopener\">Ligue des nations de volley. La France s\u2019incline au tie-break face \u00e0 la Pologne<\/a>&nbsp;&nbsp;Ouest-France<\/li>\n<\/ol>\n","protected":false},"excerpt":{"rendered":"Ligue des nations de volley : \u00e0 quelle heure et sur quelle cha\u00eene suivre les quarts de finale&hellip;\n","protected":false},"author":2,"featured_media":1445,"comment_status":"","ping_status":"","sticky":false,"template":"","format":"standard","meta":{"footnotes":""},"categories":[1417],"tags":[1011,27,60,1470,1469],"class_list":{"0":"post-264447","1":"post","2":"type-post","3":"status-publish","4":"format-standard","5":"has-post-thumbnail","7":"category-volley","8":"tag-fr","9":"tag-france","10":"tag-sports","11":"tag-volley","12":"tag-volleyball"},"share_on_mastodon":{"url":"https:\/\/pubeurope.com\/@fr\/114893755723662278","error":""},"_links":{"self":[{"href":"https:\/\/www.europesays.com\/fr\/wp-json\/wp\/v2\/posts\/264447","targetHints":{"allow":["GET"]}}],"collection":[{"href":"https:\/\/www.europesays.com\/fr\/wp-json\/wp\/v2\/posts"}],"about":[{"href":"https:\/\/www.europesays.com\/fr\/wp-json\/wp\/v2\/types\/post"}],"author":[{"embeddable":true,"href":"https:\/\/www.europesays.com\/fr\/wp-json\/wp\/v2\/users\/2"}],"replies":[{"embeddable":true,"href":"https:\/\/www.europesays.com\/fr\/wp-json\/wp\/v2\/comments?post=264447"}],"version-history":[{"count":0,"href":"https:\/\/www.europesays.com\/fr\/wp-json\/wp\/v2\/posts\/264447\/revisions"}],"wp:featuredmedia":[{"embeddable":true,"href":"https:\/\/www.europesays.com\/fr\/wp-json\/wp\/v2\/media\/1445"}],"wp:attachment":[{"href":"https:\/\/www.europesays.com\/fr\/wp-json\/wp\/v2\/media?parent=264447"}],"wp:term":[{"taxonomy":"category","embeddable":true,"href":"https:\/\/www.europesays.com\/fr\/wp-json\/wp\/v2\/categories?post=264447"},{"taxonomy":"post_tag","embeddable":true,"href":"https:\/\/www.europesays.com\/fr\/wp-json\/wp\/v2\/tags?post=264447"}],"curies":[{"name":"wp","href":"https:\/\/api.w.org\/{rel}","templated":true}]}}