{"id":264448,"date":"2025-07-21T23:12:16","date_gmt":"2025-07-21T23:12:16","guid":{"rendered":"https:\/\/www.europesays.com\/fr\/264448\/"},"modified":"2025-07-21T23:12:16","modified_gmt":"2025-07-21T23:12:16","slug":"rugby-les-rugbymen-de-luppa-jouent-leurope-en-turquie","status":"publish","type":"post","link":"https:\/\/www.europesays.com\/fr\/264448\/","title":{"rendered":"RUGBY. Les rugbymen de l\u2019UPPA jouent l\u2019Europe en Turquie"},"content":{"rendered":"<p>Depuis trois ans, l\u2019\u00e9quipe de rugby \u00e0 7 de l\u2019Universit\u00e9 de Pau et&#8230;<\/p>\n<p>Depuis trois ans, l\u2019\u00e9quipe de rugby \u00e0 7 de l\u2019Universit\u00e9 de Pau et des Pays de l\u2019Adour (UPPA) monte en puissance sur le circuit universitaire. Avec un collectif fort et un accompagnement important, s\u00fbr et en dehors des terrains, cette bande de copains originaires de divers clubs du Sud-Ouest est parvenue \u00e0 gravir tous les \u00e9chelons.<\/p>\n<p>Gr\u00e2ce \u00e0 leur palmar\u00e8s, ils repr\u00e9sentent les universit\u00e9s fran\u00e7aises \u00e0 Ankara lors de l\u2019European Universities Rugby 7s Championship 2025.<\/p>\n<p>Ce projet repr\u00e9sente l\u2019aboutissement d\u2019importants efforts pour ces \u00e9tudiants des campus de Pau, Bayonne, Anglet, Mont-de-Marsan et Tarbes. Depuis 2022, ils ont r\u00e9ussi \u00e0 concr\u00e9tiser leur double projet universitaire et sportif, ce qui leur permet aujourd\u2019hui d\u2019avoir pour la majorit\u00e9 d\u2019entre eux un dipl\u00f4me Master dans diff\u00e9rentes disciplines propos\u00e9es \u00e0 l\u2019UPPA, en plus de la r\u00e9ussite sur les terrains.<\/p>\n<p>Dans la capitale turque, les \u00e9tudiants de l\u2019UPPA tenteront de r\u00e9unir les bons ingr\u00e9dients pour permettre au collectif d\u2019atteindre son meilleur niveau de performance. Feront-ils aussi bien que les \u00e9quipes UPPA qui ont remport\u00e9 l\u2019\u00e9dition 2012 \u00e0 Cordoba en Espagne, ou les \u00e9ditions \u00e0 XV en 2000 et 2002\u00a0?<\/p>\n<p>    L\u2019\u00e9quipe<br \/>\nDufau Thomas &#8211; N\u00b015 &#8211; Master 2 MEEF Anglais &#8211; Universit\u00e9 de Pau &#8211; US Dax\u00a0; Marchesin Rapha\u00ebl &#8211; STAPS Bayonne &#8211; Aviron Bayonnais\u00a0; Ribaut Math\u00e9o &#8212; STAPS Bayonne &#8211; Saint-Jean-de-Luz Olympique\u00a0; Chazaly Marco &#8212; STAPS Tarbes &#8211; US Morla\u00e0s\u00a0; Chazaly Erwan &#8211; STAPS Tarbes &#8211; US Morla\u00e0s\u00a0; Cazala Titouan &#8211; STAPS Tarbes &#8211; AS Pont-Long\u00a0; Jolivet Damien &#8211; STAPS Tarbes &#8211; OBRC\u00a0; Geyre Valentin &#8211; STAPS Tarbes &#8211; US Morla\u00e0s\u00a0; Boisserie Cl\u00e9ment &#8211; N STAPS Tarbes &#8211; Stade Bagn\u00e9rais\u00a0; Mio Bertolo Martin &#8211; STAPS Tarbes &#8211; US Tyrosse\u00a0; Lhomy Kevin &#8211; STAPS Tarbes &#8211; AS Pont-Long\u00a0; Ney Blachere Adrien &#8211; Universit\u00e9 de Pau &#8211; Section Paloise\u00a0; Lacaze Matteo &#8211; STAPS Bayonne &#8211; US Tyrosse\u00a0; Barletta Luhpo Coach\/Enseignant EPS SUAPS Campus Anglet et Bayonne\u00a0; Birou Herv\u00e9 Coach\/Enseignant EPS SUAPS Campus de Pau et Tarbes<\/p>\n","protected":false},"excerpt":{"rendered":"Depuis trois ans, l\u2019\u00e9quipe de rugby \u00e0 7 de l\u2019Universit\u00e9 de Pau et&#8230; Depuis trois ans, l\u2019\u00e9quipe de&hellip;\n","protected":false},"author":2,"featured_media":264449,"comment_status":"","ping_status":"","sticky":false,"template":"","format":"standard","meta":{"footnotes":""},"categories":[1416],"tags":[1011,27,479,1468,60],"class_list":{"0":"post-264448","1":"post","2":"type-post","3":"status-publish","4":"format-standard","5":"has-post-thumbnail","7":"category-rugby","8":"tag-fr","9":"tag-france","10":"tag-rugby","11":"tag-rugby-football","12":"tag-sports"},"share_on_mastodon":{"url":"https:\/\/pubeurope.com\/@fr\/114893759695723041","error":""},"_links":{"self":[{"href":"https:\/\/www.europesays.com\/fr\/wp-json\/wp\/v2\/posts\/264448","targetHints":{"allow":["GET"]}}],"collection":[{"href":"https:\/\/www.europesays.com\/fr\/wp-json\/wp\/v2\/posts"}],"about":[{"href":"https:\/\/www.europesays.com\/fr\/wp-json\/wp\/v2\/types\/post"}],"author":[{"embeddable":true,"href":"https:\/\/www.europesays.com\/fr\/wp-json\/wp\/v2\/users\/2"}],"replies":[{"embeddable":true,"href":"https:\/\/www.europesays.com\/fr\/wp-json\/wp\/v2\/comments?post=264448"}],"version-history":[{"count":0,"href":"https:\/\/www.europesays.com\/fr\/wp-json\/wp\/v2\/posts\/264448\/revisions"}],"wp:featuredmedia":[{"embeddable":true,"href":"https:\/\/www.europesays.com\/fr\/wp-json\/wp\/v2\/media\/264449"}],"wp:attachment":[{"href":"https:\/\/www.europesays.com\/fr\/wp-json\/wp\/v2\/media?parent=264448"}],"wp:term":[{"taxonomy":"category","embeddable":true,"href":"https:\/\/www.europesays.com\/fr\/wp-json\/wp\/v2\/categories?post=264448"},{"taxonomy":"post_tag","embeddable":true,"href":"https:\/\/www.europesays.com\/fr\/wp-json\/wp\/v2\/tags?post=264448"}],"curies":[{"name":"wp","href":"https:\/\/api.w.org\/{rel}","templated":true}]}}