{"id":264450,"date":"2025-07-21T23:13:28","date_gmt":"2025-07-21T23:13:28","guid":{"rendered":"https:\/\/www.europesays.com\/fr\/264450\/"},"modified":"2025-07-21T23:13:28","modified_gmt":"2025-07-21T23:13:28","slug":"resultat-francesca-jones-chloe-paquet-wta-125-palerme-premier-tour-lundi-21-juillet-2025-lequipe","status":"publish","type":"post","link":"https:\/\/www.europesays.com\/fr\/264450\/","title":{"rendered":"R\u00e9sultat : Francesca Jones &#8211; Chlo\u00e9 Paquet, WTA 125, Palerme, Premier tour, Lundi 21 juillet 2025 &#8211; L&#039;\u00c9quipe"},"content":{"rendered":"<ol>\n<li><a href=\"https:\/\/news.google.com\/rss\/articles\/CBMiwAFBVV95cUxPQ3JaUkNwdjNlaVlGZzRRTEhnWDNiYjVjc21Pek9wdUFGZFRXdTZyZEwwS29zZ0E1X3FWS0VaYVJNQ3lZcWN1elp5WWxNVnBMZExSYkNTQmNpVllDaURvdG4waE5ycWw5ZFpjeEQwellJUkRJdHQzMFZYV1ZqU0R0ZXM2bzh2RnQ1Z0RVVlFtR3NMTThGYXZWY2dpLTczR21rbUhYVGR4ZnVlSGVWQTQ0b2NBWmJaSTFBVmltVzUwUVo?oc=5\" target=\"_blank\" rel=\"nofollow noopener\">R\u00e9sultat : Francesca Jones &#8211; Chlo\u00e9 Paquet, WTA 125, Palerme, Premier tour, Lundi 21 juillet 2025<\/a>&nbsp;&nbsp;L&rsquo;\u00c9quipe<\/li>\n<li><a href=\"https:\/\/news.google.com\/rss\/articles\/CBMiywFBVV95cUxPX1RONmpMZXV2ZEdXMFA0YzYtYUluSzNjblpqeV9oVm5TOGRXekdVbk1RQWlURlZsOHdzSkVGd016dlBCa1BqTjc4eDZEWUtYXzh4TUx6MHVXQ0lXcHllckU0dWtidEUwdDlMcG82T1FDeDRZLXl0WUFJbEN4TDhuMGVVNXBKcER0MW1SeFhYWEkzRzZueEU5bzBicE1GSEFud2wtRnQzamkyNmNyMVI5RlpibnNLU2dNTURGX2x6aFZkR1pJSzFXQUxmWQ?oc=5\" target=\"_blank\" rel=\"nofollow noopener\">R\u00e9sultat : Yi Zhou &#8211; Sho Shimabukuro, Challenger, Bloomfield Hills, Premier tour, Lundi 21 juillet 2025<\/a>&nbsp;&nbsp;L&rsquo;\u00c9quipe<\/li>\n<li><a href=\"https:\/\/news.google.com\/rss\/articles\/CBMiwAFBVV95cUxPNWtwTFRqdDlPdjB4MFl1dGtTOTh1T0p6QjRKY0F1Q0xPZ1R4NTk1U1d3TmdRRGRPMjEzZWdkaGYtUnk3XzhndmhUOHQ2NkFaVlZqNnFoNHR1dGRiVkhvaGM1Ulc1SHp2cXVubV9lRG5uRE9xMlNfMUtLLVliYUJQbGowam1vbllydElLYVNEMjRsb25xanJVcDVCUVg1VHBlUEpSYW9SQzN6S29RSVdKTnpKN2lWQmRSYXR5RzVFYlo?oc=5\" target=\"_blank\" rel=\"nofollow noopener\">Football &#8211; Serie A &#8211; Naples : Conte prudent mais ambitieux : \u00abDe Bruyne va \u00e9lever notre niveau\u00bb<\/a>&nbsp;&nbsp;L&rsquo;\u00c9quipe<\/li>\n<li><a href=\"https:\/\/news.google.com\/rss\/articles\/CBMiugFBVV95cUxNTFEzUXFMMlJ1TVdzZFNmY2lmTmN2eDBmU3QyaG1Kdms4eUR4UWlSeUt1Y0J0Sjc0NEJQblg0Q1ZCbmZuWFFkd1JuM1UzeDBKZkh5cnhwNXdjS18zV2pCTHM5OE92amRqU0wyTm9TTDFwSEgzNGl6ZHFhczhMcnM1VUVXdVI2MEE1bEJFTkJzd2FnTnhRSDVlUXZ0YlM4N2M1c0lZcUtJY3VISmFmMG0xbFpUenZ5cTNKTkE?oc=5\" target=\"_blank\" rel=\"nofollow noopener\">Newport (CH) &#8211; Adrian Mannarino assure l&rsquo;essentiel, mais pas le titre \u00e0 Newport<\/a>&nbsp;&nbsp;Tennis Actu<\/li>\n<li><a href=\"https:\/\/news.google.com\/rss\/articles\/CBMiuwFBVV95cUxNcjladm1malVlUkxsN0ZJeFA4YngzNExUaGh0Z2g2aXZpTHNWRU5VYU42NmM1X0xLMk1xRUQ5UVBQbGdfTEEtMnVsY0VLbzlSdG9PbzkzOTNXLXc0aTAxdkFjZGtqOTlCTnZZa1pRaGc0Zmd5UEVaLUY1Wi05eG9zaXQ2LXRweDlwS3hzUldOR2F3QkE1aEZ6YkNJVWpMWDgyRVRNdXVJbS1WenNGNlNER3hpbmRaWExZOFZR?oc=5\" target=\"_blank\" rel=\"nofollow noopener\">ATP Challenger 2025 : Adrian Mannarino et Titouan Droguet s&rsquo;inclinent tous les deux en finale<\/a>&nbsp;&nbsp;Dicodusport<\/li>\n<\/ol>\n","protected":false},"excerpt":{"rendered":"R\u00e9sultat : Francesca Jones &#8211; Chlo\u00e9 Paquet, WTA 125, Palerme, Premier tour, Lundi 21 juillet 2025&nbsp;&nbsp;L&rsquo;\u00c9quipe R\u00e9sultat :&hellip;\n","protected":false},"author":2,"featured_media":1983,"comment_status":"","ping_status":"","sticky":false,"template":"","format":"standard","meta":{"footnotes":""},"categories":[1415],"tags":[1011,27,60,1467],"class_list":{"0":"post-264450","1":"post","2":"type-post","3":"status-publish","4":"format-standard","5":"has-post-thumbnail","7":"category-tennis","8":"tag-fr","9":"tag-france","10":"tag-sports","11":"tag-tennis"},"share_on_mastodon":{"url":"https:\/\/pubeurope.com\/@fr\/114893763538483854","error":""},"_links":{"self":[{"href":"https:\/\/www.europesays.com\/fr\/wp-json\/wp\/v2\/posts\/264450","targetHints":{"allow":["GET"]}}],"collection":[{"href":"https:\/\/www.europesays.com\/fr\/wp-json\/wp\/v2\/posts"}],"about":[{"href":"https:\/\/www.europesays.com\/fr\/wp-json\/wp\/v2\/types\/post"}],"author":[{"embeddable":true,"href":"https:\/\/www.europesays.com\/fr\/wp-json\/wp\/v2\/users\/2"}],"replies":[{"embeddable":true,"href":"https:\/\/www.europesays.com\/fr\/wp-json\/wp\/v2\/comments?post=264450"}],"version-history":[{"count":0,"href":"https:\/\/www.europesays.com\/fr\/wp-json\/wp\/v2\/posts\/264450\/revisions"}],"wp:featuredmedia":[{"embeddable":true,"href":"https:\/\/www.europesays.com\/fr\/wp-json\/wp\/v2\/media\/1983"}],"wp:attachment":[{"href":"https:\/\/www.europesays.com\/fr\/wp-json\/wp\/v2\/media?parent=264450"}],"wp:term":[{"taxonomy":"category","embeddable":true,"href":"https:\/\/www.europesays.com\/fr\/wp-json\/wp\/v2\/categories?post=264450"},{"taxonomy":"post_tag","embeddable":true,"href":"https:\/\/www.europesays.com\/fr\/wp-json\/wp\/v2\/tags?post=264450"}],"curies":[{"name":"wp","href":"https:\/\/api.w.org\/{rel}","templated":true}]}}