{"id":26446,"date":"2025-04-15T11:52:08","date_gmt":"2025-04-15T11:52:08","guid":{"rendered":"https:\/\/www.europesays.com\/fr\/26446\/"},"modified":"2025-04-15T11:52:08","modified_gmt":"2025-04-15T11:52:08","slug":"lemissaire-de-trump-affirme-que-poutine-souhaite-une-paix-durable","status":"publish","type":"post","link":"https:\/\/www.europesays.com\/fr\/26446\/","title":{"rendered":"l\u2019\u00e9missaire de Trump affirme que Poutine souhaite une \u00abpaix durable\u00bb"},"content":{"rendered":"<p><strong>LE POINT SUR LA SITUATION &#8211;<\/strong> Steve Witkoff a rencontr\u00e9 Vladimir Poutine vendredi dernier \u00e0\u00a0Saint-P\u00e9tersbourg\u00a0pour la troisi\u00e8me fois depuis le retour de Donald Trump \u00e0 la Maison Blanche en janvier dernier.<\/p>\n<p class=\"fig-paragraph\">L\u2019\u00e9missaire du pr\u00e9sident am\u00e9ricain\u00a0<a href=\"http:\/\/www.lefigaro.fr\/international\/etats-unis-une-juge-suspend-la-decision-de-donald-trump-de-revoquer-le-statut-legal-de-532-000-immigres-20250415\" data-fig-type=\"NewsFlash\" data-gtm-custom-categorie=\"navigation\" data-gtm-custom-action=\"crossclick\" data-gtm-custom-label=\"Contextuel\" data-gtm-event=\"customEventSPE\" data-fig-domain=\"LEFIGARO\" rel=\"nofollow noopener\" target=\"_blank\">Donald Trump<\/a>,\u00a0<a href=\"http:\/\/www.lefigaro.fr\/international\/du-moyen-orient-a-l-ukraine-steve-witkoff-l-emissaire-de-donald-trump-sur-tous-les-fronts-20250312\" data-fig-type=\"Article\" data-gtm-custom-categorie=\"navigation\" data-gtm-custom-action=\"crossclick\" data-gtm-custom-label=\"Contextuel\" data-gtm-event=\"customEventSPE\" data-fig-domain=\"LEFIGARO\" rel=\"nofollow noopener\" target=\"_blank\">Steve Witkoff<\/a>, a affirm\u00e9, trois jours apr\u00e8s une nouvelle rencontre avec\u00a0<a href=\"http:\/\/www.lefigaro.fr\/international\/vladimir-poutine-evoque-l-idee-d-une-administration-transitoire-sous-l-egide-de-l-onu-en-ukraine-20250328\" data-fig-type=\"NewsFlash\" data-gtm-custom-categorie=\"navigation\" data-gtm-custom-action=\"crossclick\" data-gtm-custom-label=\"Contextuel\" data-gtm-event=\"customEventSPE\" data-fig-domain=\"LEFIGARO\" rel=\"nofollow noopener\" target=\"_blank\">Vladimir Poutine<\/a>, que le pr\u00e9sident russe souhaitait une \u00abpaix durable\u00bb en Ukraine.<\/p>\n<p class=\"fig-paragraph\">Une femme a \u00e9t\u00e9 tu\u00e9e dans une attaque ukrainienne \u00abmassive\u00bb au cours de la nuit \u00e0\u00a0Koursk, dans l\u2019ouest de la Russie.<\/p>\n<p class=\"fig-paragraph\">La Chine a appel\u00e9 \u00e0 \u00e9viter toute \u00abmanipulation politique\u00bb dans l\u2019affaire de ses deux ressortissants captur\u00e9s en Ukraine apr\u00e8s avoir combattu aux c\u00f4t\u00e9s de la Russie selon\u00a0<a href=\"http:\/\/www.lefigaro.fr\/international\/les-ukrainiens-se-debrouillent-tres-bien-pour-tenir-le-front-l-otan-estime-que-kiev-n-a-pas-perdu-la-guerre-20250407\" target=\"_blank\" data-fig-type=\"Article\" rel=\"noopener nofollow\" data-gtm-custom-categorie=\"navigation\" data-gtm-custom-action=\"crossclick\" data-gtm-custom-label=\"Contextuel\" data-gtm-event=\"customEventSPE\" data-fig-domain=\"LEFIGARO\">Kiev<\/a>.<\/p>\n<p class=\"fig-paragraph\">Le Figaro fait le point sur la situation.<\/p>\n<p><strong>L\u2019\u00e9missaire de Trump affirme que Poutine souhaite une \u00abpaix durable\u00bb en Ukraine<\/strong><\/p>\n<p class=\"fig-paragraph\">L\u2019\u00e9missaire du pr\u00e9sident am\u00e9ricain Donald Trump, Steve Witkoff, a affirm\u00e9 ce lundi, trois jours apr\u00e8s une nouvelle rencontre avec\u00a0Vladimir Poutine, que le pr\u00e9sident russe souhaitait une \u00abpaix durable\u00bb en Ukraine. \u00abNous sommes peut-\u00eatre sur le point d\u2019obtenir quelque chose de tr\u00e8s, tr\u00e8s important pour le monde entier\u00bb, a \u00e9galement dit Steve Witkoff dans un entretien \u00e0 la cha\u00eene conservatrice Fox News.<\/p>\n<p class=\"fig-paragraph\">Donald Trump\u00a0ambitionne de mettre fin \u00e0 la guerre en Ukraine, qui a fait des dizaines de milliers de morts depuis plus de trois ans, et a rompu pour cela l\u2019isolement diplomatique impos\u00e9 par les Occidentaux \u00e0 son homologue russe. Son administration organise des pourparlers s\u00e9par\u00e9s avec des hauts responsables russes et ukrainiens, qui n\u2019ont pas abouti, pour l\u2019heure, \u00e0 une cessation globale des hostilit\u00e9s.<\/p>\n<p class=\"fig-paragraph\">Les tractations diplomatiques se prolongent, sans concessions d\u00e9terminantes de Moscou. Kiev et certaines capitales occidentales accusent la Russie, dont l\u2019arm\u00e9e est plus nombreuse et mieux \u00e9quip\u00e9e sur le front, de faire tra\u00eener les discussions \u00e0 dessein. Steve Witkoff a rencontr\u00e9 Vladimir Poutine vendredi dernier \u00e0\u00a0<a href=\"http:\/\/www.lefigaro.fr\/international\/russie-une-celebre-prison-de-saint-petersbourg-vendue-aux-encheres-pour-devenir-un-hotel-20250221\" target=\"_blank\" data-fig-type=\"NewsFlash\" rel=\"noopener nofollow\" data-gtm-custom-categorie=\"navigation\" data-gtm-custom-action=\"crossclick\" data-gtm-custom-label=\"Contextuel\" data-gtm-event=\"customEventSPE\" data-fig-domain=\"LEFIGARO\">Saint-P\u00e9tersbourg\u00a0<\/a>pour la troisi\u00e8me fois depuis le retour de Donald Trump \u00e0 la Maison Blanche en janvier dernier.<\/p>\n<p class=\"fig-paragraph\">Cette rencontre de plus de quatre heures, en pr\u00e9sence de deux proches conseillers du pr\u00e9sident russe, Iouri Ouchakov et Kirill Dmitriev, s\u2019est av\u00e9r\u00e9e \u00abconvaincante\u00bb, a indiqu\u00e9 l\u2019\u00e9missaire am\u00e9ricain, selon lequel un accord de paix est \u00aben train d\u2019\u00e9merger\u00bb. Le repr\u00e9sentant de Donald Trump a par ailleurs laiss\u00e9 entendre que des \u00abopportunit\u00e9s commerciales\u00bb entre les Etats-Unis et la Russie faisaient partie des n\u00e9gociations et pourraient \u00abapporter une vraie stabilit\u00e9 \u00e0 la r\u00e9gion\u00bb.<\/p>\n<p class=\"fig-body-link\">\n            \u00c0 lire aussi<br \/>\n        <a class=\"fig-body-link__link fig-premium-mark\" href=\"http:\/\/www.lefigaro.fr\/international\/otages-israeliens-ukraine-iran-steve-witkoff-l-emissaire-a-tout-faire-de-donald-trump-20250413\" data-fig-type=\"Article\" data-gtm-custom-categorie=\"navigation\" data-gtm-custom-action=\"crossclick\" data-gtm-custom-label=\"Contextuel\" data-gtm-event=\"customEventSPE\" data-fig-domain=\"LEFIGARO\" rel=\"nofollow noopener\" target=\"_blank\">Otages isra\u00e9liens, Ukraine, Iran&#8230; Steve Witkoff, l\u2019\u00ab\u00a0\u00e9missaire \u00e0 tout faire\u00a0\u00bb de Donald Trump<br \/>\n    <\/a>\n<\/p>\n<p>Un mort dans une attaque \u00abmassive\u00bb sur la ville russe de Koursk<\/p>\n<p class=\"fig-paragraph\">Une femme \u00e2g\u00e9e a \u00e9t\u00e9 tu\u00e9e et neuf autres personnes ont \u00e9t\u00e9 bless\u00e9es dans la nuit dans une attaque ukrainienne sur la ville de Koursk, dans l\u2019ouest de\u00a0<a href=\"http:\/\/www.lefigaro.fr\/international\/quand-la-russie-utilise-des-milliers-de-civils-ukrainiens-captures-pour-faire-pression-sur-kiev-20250411\" target=\"_blank\" data-fig-type=\"Article\" rel=\"noopener nofollow\" data-gtm-custom-categorie=\"navigation\" data-gtm-custom-action=\"crossclick\" data-gtm-custom-label=\"Contextuel\" data-gtm-event=\"customEventSPE\" data-fig-domain=\"LEFIGARO\">la Russie<\/a>, ont annonc\u00e9 ce mardi les autorit\u00e9s locales. \u00abKoursk a fait l\u2019objet d\u2019une attaque ennemie massive cette nuit\u00bb, a indiqu\u00e9 sur Telegram le gouvernement de la r\u00e9gion. L\u2019attaque a fait un mort (une femme n\u00e9e en 1940) et neuf bless\u00e9s, dont six ont \u00e9t\u00e9 hospitalis\u00e9s, a pr\u00e9cis\u00e9 le gouverneur par int\u00e9rim de la r\u00e9gion de Koursk, frontali\u00e8re de l\u2019Ukraine, Alexandre Khinste\u00efn, en d\u00e9non\u00e7ant un \u00abcrime d\u2019une cruaut\u00e9 sans pr\u00e9c\u00e9dent\u00bb.<\/p>\n<p class=\"fig-paragraph\">Selon lui, 24 immeubles r\u00e9sidentiels ont \u00e9t\u00e9 endommag\u00e9s et leurs habitants \u00e9vacu\u00e9s. Un poste des services de secours a \u00e9galement \u00e9t\u00e9 touch\u00e9 par l\u2019attaque et onze ambulances y ont \u00e9t\u00e9 endommag\u00e9es, a ajout\u00e9 M. Khinste\u00efn. Une enqu\u00eate pour \u00abattentat\u00bb a \u00e9t\u00e9 ouverte, a annonc\u00e9 pour sa part le Comit\u00e9 d\u2019enqu\u00eate russe, en soulignant que les drones portaient des explosifs compos\u00e9s de munitions \u00abafin d\u2019infliger le pr\u00e9judice maximal aux civils et aux infrastructures\u00bb. C\u00f4t\u00e9 ukrainien, le chef du centre de lutte contre la d\u00e9sinformation, une instance gouvernementale, a assur\u00e9 qu\u2019\u00ab\u00e0 Koursk, des\u00a0<a href=\"http:\/\/www.lefigaro.fr\/actualite-france\/quand-le-hezbollah-achete-en-europe-le-materiel-pour-fabriquer-ses-drones-tueurs-20250411\" target=\"_blank\" data-fig-type=\"Article\" rel=\"noopener nofollow\" data-gtm-custom-categorie=\"navigation\" data-gtm-custom-action=\"crossclick\" data-gtm-custom-label=\"Contextuel\" data-gtm-event=\"customEventSPE\" data-fig-domain=\"LEFIGARO\">drones<\/a> \u00a0non identifi\u00e9s ont touch\u00e9 un d\u00e9p\u00f4t de munitions\u00bb, sans davantage de pr\u00e9cisions.<\/p>\n<p><strong>Combattants chinois captur\u00e9s\u00a0: P\u00e9kin met en garde contre toute \u00abmanipulation\u00bb<\/strong><\/p>\n<p class=\"fig-paragraph\">La\u00a0<a href=\"http:\/\/www.lefigaro.fr\/conjoncture\/des-consequences-graves-pour-les-etats-unis-pourquoi-la-chine-a-suspendu-ses-exportations-de-terres-rares-20250414\" target=\"_blank\" data-fig-type=\"NewsFlash\" rel=\"noopener nofollow\" data-gtm-custom-categorie=\"navigation\" data-gtm-custom-action=\"crossclick\" data-gtm-custom-label=\"Contextuel\" data-gtm-event=\"customEventSPE\" data-fig-domain=\"LEFIGARO\">Chine<\/a>\u00a0a appel\u00e9 ce mardi \u00e0 \u00e9viter toute \u00abmanipulation politique\u00bb dans l\u2019affaire de ses deux ressortissants captur\u00e9s en Ukraine apr\u00e8s avoir combattu selon Kiev aux c\u00f4t\u00e9s de la Russie.<\/p>\n<p class=\"fig-paragraph\">\u00abNous exhortons les parties concern\u00e9es \u00e0 avoir une vision juste de la position objective et impartiale de la Chine et \u00e0 s\u2019abstenir de toute manipulation politique et de tout battage m\u00e9diatique\u00bb, a d\u00e9clar\u00e9 devant la presse Lin Jian, un porte-parole du minist\u00e8re chinois des Affaires \u00e9trang\u00e8res. \u00abLes autorit\u00e9s chinoises sont en train de v\u00e9rifier les informations et les circonstances\u00bb autour de ces deux ressortissants, a-t-il pr\u00e9cis\u00e9.<\/p>\n","protected":false},"excerpt":{"rendered":"LE POINT SUR LA SITUATION &#8211; Steve Witkoff a rencontr\u00e9 Vladimir Poutine vendredi dernier \u00e0\u00a0Saint-P\u00e9tersbourg\u00a0pour la troisi\u00e8me fois&hellip;\n","protected":false},"author":2,"featured_media":26447,"comment_status":"","ping_status":"","sticky":false,"template":"","format":"standard","meta":{"footnotes":""},"categories":[5],"tags":[259,11,260,1011,27,131,14,261,12,262,132,135,28],"class_list":{"0":"post-26446","1":"post","2":"type-post","3":"status-publish","4":"format-standard","5":"has-post-thumbnail","7":"category-international","8":"tag-actualite-internationale","9":"tag-actualites","10":"tag-affaires-etrangeres","11":"tag-fr","12":"tag-france","13":"tag-guerre-en-ukraine","14":"tag-international","15":"tag-ministere-des-affaires-etrangeres","16":"tag-news","17":"tag-politique-etrangere","18":"tag-russie","19":"tag-vladimir-poutine","20":"tag-world"},"share_on_mastodon":{"url":"https:\/\/pubeurope.com\/@fr\/114341841698209160","error":""},"_links":{"self":[{"href":"https:\/\/www.europesays.com\/fr\/wp-json\/wp\/v2\/posts\/26446","targetHints":{"allow":["GET"]}}],"collection":[{"href":"https:\/\/www.europesays.com\/fr\/wp-json\/wp\/v2\/posts"}],"about":[{"href":"https:\/\/www.europesays.com\/fr\/wp-json\/wp\/v2\/types\/post"}],"author":[{"embeddable":true,"href":"https:\/\/www.europesays.com\/fr\/wp-json\/wp\/v2\/users\/2"}],"replies":[{"embeddable":true,"href":"https:\/\/www.europesays.com\/fr\/wp-json\/wp\/v2\/comments?post=26446"}],"version-history":[{"count":0,"href":"https:\/\/www.europesays.com\/fr\/wp-json\/wp\/v2\/posts\/26446\/revisions"}],"wp:featuredmedia":[{"embeddable":true,"href":"https:\/\/www.europesays.com\/fr\/wp-json\/wp\/v2\/media\/26447"}],"wp:attachment":[{"href":"https:\/\/www.europesays.com\/fr\/wp-json\/wp\/v2\/media?parent=26446"}],"wp:term":[{"taxonomy":"category","embeddable":true,"href":"https:\/\/www.europesays.com\/fr\/wp-json\/wp\/v2\/categories?post=26446"},{"taxonomy":"post_tag","embeddable":true,"href":"https:\/\/www.europesays.com\/fr\/wp-json\/wp\/v2\/tags?post=26446"}],"curies":[{"name":"wp","href":"https:\/\/api.w.org\/{rel}","templated":true}]}}