{"id":264461,"date":"2025-07-21T23:23:35","date_gmt":"2025-07-21T23:23:35","guid":{"rendered":"https:\/\/www.europesays.com\/fr\/264461\/"},"modified":"2025-07-21T23:23:35","modified_gmt":"2025-07-21T23:23:35","slug":"sabrina-pierre-graphiste-professionnelle-setablit-dans-cette-petite-commune-de-vendee","status":"publish","type":"post","link":"https:\/\/www.europesays.com\/fr\/264461\/","title":{"rendered":"Sabrina Pierre, graphiste professionnelle, s&rsquo;\u00e9tablit dans cette petite commune de Vend\u00e9e"},"content":{"rendered":"<p>            Par<br \/>\n        <strong><br \/>\n            <a href=\"https:\/\/actu.fr\/auteur\/journaliste-cv\" title=\"Consulter tous les articles de R\u00e9daction Challans\" rel=\"nofollow noopener\" target=\"_blank\">R\u00e9daction Challans<\/a><br \/>\n        <\/strong><\/p>\n<p>        Publi\u00e9 le<\/p>\n<p>            21 juil. 2025 \u00e0 12h05        <\/p>\n<p>Alors qu\u2019elle est n\u00e9e dans le d\u00e9partement du Nord, Sabrina Pierre \u00e9volue maintenant \u00e0 <a href=\"https:\/\/actu.fr\/pays-de-la-loire\/chateauneuf_85062\" rel=\"nofollow noopener\" target=\"_blank\">Ch\u00e2teauneuf<\/a>, petite commune dans le nord-ouest de la Vend\u00e9e. Elle exerce la profession de graphiste.\u00a0<\/p>\n<p>Une longue exp\u00e9rience<\/p>\n<p class=\" wall-content\">Son parcours scolaire et professionnel ne destinait pas particuli\u00e8rement Sabrina \u00e0 devenir graphiste. \u00ab J\u2019ai fait un BAC + 2 et obtenu un BTS d\u2019assistante de direction. C\u2019est un peu par hasard que je me suis retrouv\u00e9e dans la cr\u00e9ation de sites web, avec l\u2019obligation de ma\u00eetriser des outils comme Photoshop et les logiciels de graphisme \u00bb.<\/p>\n<p class=\" wall-content\">En 2020, Sabrina cr\u00e9e son entreprise en auto entrepreneuriat apr\u00e8s avoir travaill\u00e9 pendant 10\u00a0ans comme assistante graphique dans un GIP (Groupement d\u2019int\u00e9r\u00eat public) des Hauts-de-France, et apr\u00e8s avoir exerc\u00e9 ses comp\u00e9tences de cr\u00e9ation web \u00e0 la mairie d\u2019Audruicq (Nord).<\/p>\n<p>L\u2019arriv\u00e9e en Vend\u00e9e<\/p>\n<p class=\" wall-content\">Arriv\u00e9e en novembre\u00a02024 \u00e0 Ch\u00e2teauneuf suite \u00e0 la mutation de son mari \u00e0 Nantes, Sabrina continue son m\u00e9tier de graphiste chez elle, puisque la majeure partie de son travail peut s\u2019effectuer devant son PC.<\/p>\n<p class=\" wall-content\">\u00ab Je travaille avec des entreprises, des commer\u00e7ants, des artisans. Je leur cr\u00e9e des flyers, des affiches, des logos \u00bb.<\/p>\n<p>Vid\u00e9os : en ce moment sur Actu<br \/>\n    <a href=\"https:\/\/www.facebook.com\/plugins\/post.php?href=https%3A%2F%2Fwww.facebook.com%2Fpermalink.php%3Fstory_fbid%3Dpfbid027713Rtu92LyVXCSpU1ScKrWZTQJK4n4C8HFpMgJc2bX34DYNxq8Ln9W48C6jBPCnl%26id%3D100036881246257&amp;show_text=true&amp;width=350\" title=\"Ouvrie le lien\" rel=\"nofollow noopener\" target=\"_blank\">Cliquez ici pour visualiser le contenu<\/a><\/p>\n<p class=\" wall-content\">Mais c\u2019est la cr\u00e9ation r\u00e9cente d\u2019un petit cahier de coloriage et de jeux pour les enfants de l\u2019\u00e9cole Sainte-Th\u00e9r\u00e8se, qui l\u2019a fait conna\u00eetre \u00e0 tous les Castelneuviens. \u00ab Notre enfant Nathana\u00ebl est dans cette \u00e9cole. En accord avec les parents d\u2019\u00e9l\u00e8ves et l\u2019\u00e9quipe enseignante, j\u2019ai cr\u00e9\u00e9 un petit livret pour faire conna\u00eetre leur village aux enfants, de mani\u00e8re ludique \u00bb.<\/p>\n<p>La passion du dessin<\/p>\n<p class=\" wall-content\">Parall\u00e8lement \u00e0 son travail de graphiste qui mobilise surtout ses comp\u00e9tences techniques, Sabrina dessine et peint pour son plaisir. \u00ab D\u00e8s ma plus tendre enfance, j\u2019ai toujours aim\u00e9 dessiner, j\u2019avais un coup de main inn\u00e9, m\u00eame si sur le tard j\u2019ai repris des cours \u00bb.<\/p>\n<blockquote class=\"ac-article-quote wall-content\">\n<p>Le pastel sec est la technique qui me permet le mieux d\u2019exprimer ce que je ressens.\u00a0<\/p>\n<\/blockquote>\n<p class=\" wall-content\">Dans un style d\u2019un hyperr\u00e9alisme saisissant, elle affectionne les portraits, les animaux, surtout les chevaux, les costumes historiques.<\/p>\n<p class=\" wall-content\">R\u00e9cemment, elle a expos\u00e9 ses \u0153uvres au festival Art en C\u00e8ne, \u00e0 Bois-de-C\u00e9n\u00e9, et pr\u00e9pare en ce moment la prochaine exposition qui se d\u00e9roulera \u00e0 Lu\u00e7on, le 20\u00a0juillet. \u00ab Je travaille \u00e9galement, avec un ami, \u00e0 un ouvrage dont je vais faire les illustrations. Il devrait sortir en fin d\u2019ann\u00e9e \u00bb.<\/p>\n<p>Sabrina Pierre, graphiste 07 69 84 88 50. <a href=\"https:\/\/actu.fr\/cdn-cgi\/l\/email-protection\" class=\"__cf_email__\" data-cfemail=\"1f7c70716b7e7c6b316c6f786d7e6f77766c6b7a5f78727e7673317c7072\" rel=\"nofollow noopener\" target=\"_blank\">[email\u00a0protected]<\/a>. Site Facebook : Sabrina Pierre graphiste.<\/p>\n<p class=\" wall-content\">Suivez toute l\u2019actualit\u00e9 de vos villes et m\u00e9dias favoris en vous inscrivant \u00e0 <a href=\"https:\/\/moncompte.actu.fr\" title=\"D\u00e9couvez Mon Actu\" rel=\"nofollow noopener\" data-trk=\"{&quot;cta&quot;:{&quot;action&quot;:&quot;https:\\\/\\\/moncompte.actu.fr&quot;,&quot;category&quot;:&quot;mon compte&quot;,&quot;from&quot;:&quot;article footer&quot;,&quot;name&quot;:&quot;Mon actu&quot;,&quot;type&quot;:&quot;cta&quot;}}\" target=\"_blank\">Mon Actu<\/a>.<\/p>\n","protected":false},"excerpt":{"rendered":"Par R\u00e9daction Challans Publi\u00e9 le 21 juil. 2025 \u00e0 12h05 Alors qu\u2019elle est n\u00e9e dans le d\u00e9partement du&hellip;\n","protected":false},"author":2,"featured_media":264462,"comment_status":"","ping_status":"","sticky":false,"template":"","format":"standard","meta":{"footnotes":""},"categories":[1358],"tags":[1348,1384,1385,215,1386,58,59,1011,27,104],"class_list":{"0":"post-264461","1":"post","2":"type-post","3":"status-publish","4":"format-standard","5":"has-post-thumbnail","7":"category-arts-et-design","8":"tag-arts","9":"tag-arts-and-design","10":"tag-arts-et-design","11":"tag-commerce","12":"tag-design","13":"tag-divertissement","14":"tag-entertainment","15":"tag-fr","16":"tag-france","17":"tag-societe"},"share_on_mastodon":{"url":"https:\/\/pubeurope.com\/@fr\/114893802900131466","error":""},"_links":{"self":[{"href":"https:\/\/www.europesays.com\/fr\/wp-json\/wp\/v2\/posts\/264461","targetHints":{"allow":["GET"]}}],"collection":[{"href":"https:\/\/www.europesays.com\/fr\/wp-json\/wp\/v2\/posts"}],"about":[{"href":"https:\/\/www.europesays.com\/fr\/wp-json\/wp\/v2\/types\/post"}],"author":[{"embeddable":true,"href":"https:\/\/www.europesays.com\/fr\/wp-json\/wp\/v2\/users\/2"}],"replies":[{"embeddable":true,"href":"https:\/\/www.europesays.com\/fr\/wp-json\/wp\/v2\/comments?post=264461"}],"version-history":[{"count":0,"href":"https:\/\/www.europesays.com\/fr\/wp-json\/wp\/v2\/posts\/264461\/revisions"}],"wp:featuredmedia":[{"embeddable":true,"href":"https:\/\/www.europesays.com\/fr\/wp-json\/wp\/v2\/media\/264462"}],"wp:attachment":[{"href":"https:\/\/www.europesays.com\/fr\/wp-json\/wp\/v2\/media?parent=264461"}],"wp:term":[{"taxonomy":"category","embeddable":true,"href":"https:\/\/www.europesays.com\/fr\/wp-json\/wp\/v2\/categories?post=264461"},{"taxonomy":"post_tag","embeddable":true,"href":"https:\/\/www.europesays.com\/fr\/wp-json\/wp\/v2\/tags?post=264461"}],"curies":[{"name":"wp","href":"https:\/\/api.w.org\/{rel}","templated":true}]}}