{"id":264463,"date":"2025-07-21T23:25:04","date_gmt":"2025-07-21T23:25:04","guid":{"rendered":"https:\/\/www.europesays.com\/fr\/264463\/"},"modified":"2025-07-21T23:25:04","modified_gmt":"2025-07-21T23:25:04","slug":"jul-livre-sa-version-tres-moderne-du-conte-la-belle-et-la-bete-malgre-la-polemique","status":"publish","type":"post","link":"https:\/\/www.europesays.com\/fr\/264463\/","title":{"rendered":"Jul livre sa version tr\u00e8s moderne du conte \u00abLa Belle et la B\u00eate\u00bb malgr\u00e9 la pol\u00e9mique"},"content":{"rendered":"<p><a class=\"m-item-image m-item-image--1x1 o-podcast-header__image\" href=\"https:\/\/www.rfi.fr\/fr\/podcasts\/invit%C3%A9-culture\/\" title=\"Invit\u00e9 culture\" data-article-item-link=\"\" aria-hidden=\"true\" tabindex=\"-1\" target=\"_blank\" rel=\"noopener\"><\/p>\n<p><img decoding=\"async\" fetchpriority=\"high\" src=\"https:\/\/www.europesays.com\/fr\/wp-content\/uploads\/2025\/07\/carre-3000-Invit\u00e9_culture.jpg\"   width=\"480\" height=\"480\" alt=\"Image carr\u00e9e\" loading=\"eager\" class=\"a-img \"\/><br \/>\n                                <\/a>                <\/p>\n<p class=\"t-content__chapo\">\n                                                L&rsquo;auteur de bande dessin\u00e9e Jul publie sa version illustr\u00e9e de La Belle et la B\u00eate. Ce conte aurait d\u00fb \u00eatre distribu\u00e9 \u00e0 tous les \u00e9l\u00e8ves fran\u00e7ais entrant en classe de sixi\u00e8me, pour l&rsquo;op\u00e9ration \u00ab\u00a0Un livre pour les vacances\u00a0\u00bb. Mais le minist\u00e8re de l&rsquo;\u00c9ducation avait annul\u00e9 la commande en mars dernier. D\u00e9non\u00e7ant une censure, l&rsquo;auteur et l&rsquo;\u00e9diteur Grand Palais-Rmn \u00c9dition ont maintenu la publication, m\u00eame si le nombre d&rsquo;exemplaires est bien moindre.                    <\/p>\n<p><img decoding=\"async\" fetchpriority=\"low\" src=\"https:\/\/www.europesays.com\/fr\/wp-content\/uploads\/2025\/07\/La-belle-et-la-b\u00eate-rfi.jpg\"   width=\"1024\" height=\"576\" alt=\"Couverture de la bande dessin\u00e9e \u00ab La belle et la B\u00eate \u00bb de Jul, aux \u00e9ditions GrandPalais Rmn.\" loading=\"eager\" class=\"a-img \"\/><\/p>\n<p>                Couverture de la bande dessin\u00e9e \u00ab La belle et la B\u00eate \u00bb de Jul, aux \u00e9ditions GrandPalais Rmn.                \u00a9 GrandPalais Rmn            <\/p>\n","protected":false},"excerpt":{"rendered":"L&rsquo;auteur de bande dessin\u00e9e Jul publie sa version illustr\u00e9e de La Belle et la B\u00eate. Ce conte aurait&hellip;\n","protected":false},"author":2,"featured_media":264464,"comment_status":"","ping_status":"","sticky":false,"template":"","format":"standard","meta":{"footnotes":""},"categories":[1357],"tags":[13153,1379,251,58,59,1011,27,10490,1380],"class_list":{"0":"post-264463","1":"post","2":"type-post","3":"status-publish","4":"format-standard","5":"has-post-thumbnail","7":"category-livres","8":"tag-bande-dessinee","9":"tag-books","10":"tag-culture","11":"tag-divertissement","12":"tag-entertainment","13":"tag-fr","14":"tag-france","15":"tag-invite-culture","16":"tag-livres"},"share_on_mastodon":{"url":"https:\/\/pubeurope.com\/@fr\/114893810851877155","error":""},"_links":{"self":[{"href":"https:\/\/www.europesays.com\/fr\/wp-json\/wp\/v2\/posts\/264463","targetHints":{"allow":["GET"]}}],"collection":[{"href":"https:\/\/www.europesays.com\/fr\/wp-json\/wp\/v2\/posts"}],"about":[{"href":"https:\/\/www.europesays.com\/fr\/wp-json\/wp\/v2\/types\/post"}],"author":[{"embeddable":true,"href":"https:\/\/www.europesays.com\/fr\/wp-json\/wp\/v2\/users\/2"}],"replies":[{"embeddable":true,"href":"https:\/\/www.europesays.com\/fr\/wp-json\/wp\/v2\/comments?post=264463"}],"version-history":[{"count":0,"href":"https:\/\/www.europesays.com\/fr\/wp-json\/wp\/v2\/posts\/264463\/revisions"}],"wp:featuredmedia":[{"embeddable":true,"href":"https:\/\/www.europesays.com\/fr\/wp-json\/wp\/v2\/media\/264464"}],"wp:attachment":[{"href":"https:\/\/www.europesays.com\/fr\/wp-json\/wp\/v2\/media?parent=264463"}],"wp:term":[{"taxonomy":"category","embeddable":true,"href":"https:\/\/www.europesays.com\/fr\/wp-json\/wp\/v2\/categories?post=264463"},{"taxonomy":"post_tag","embeddable":true,"href":"https:\/\/www.europesays.com\/fr\/wp-json\/wp\/v2\/tags?post=264463"}],"curies":[{"name":"wp","href":"https:\/\/api.w.org\/{rel}","templated":true}]}}