{"id":264465,"date":"2025-07-21T23:26:26","date_gmt":"2025-07-21T23:26:26","guid":{"rendered":"https:\/\/www.europesays.com\/fr\/264465\/"},"modified":"2025-07-21T23:26:26","modified_gmt":"2025-07-21T23:26:26","slug":"ce-detail-cache-dans-lepisode-2-pourrait-bien-spoiler-la-fin","status":"publish","type":"post","link":"https:\/\/www.europesays.com\/fr\/264465\/","title":{"rendered":"Ce d\u00e9tail cach\u00e9 dans l&rsquo;\u00e9pisode 2 pourrait bien spoiler la fin"},"content":{"rendered":"<p>Les deux premiers \u00e9pisodes de la saison 3 de L&rsquo;\u00e9t\u00e9 o\u00f9 je suis devenue jolie ont r\u00e9cemment \u00e9t\u00e9 ajout\u00e9s au catalogue de Prime Video. Dans le deuxi\u00e8me \u00e9pisode, un d\u00e9tail cach\u00e9 n&rsquo;a pas \u00e9chapp\u00e9 aux fans de la s\u00e9rie, qui pensent avoir d\u00e9couvert le choix final de Belly concernant sa vie amoureuse.<\/p>\n<p>Deux ans apr\u00e8s la deuxi\u00e8me saison de L&rsquo;\u00e9t\u00e9 o\u00f9 je suis devenue jolie, les abonn\u00e9s Prime Video ont pu retrouver Belly, Jeremiah, Conrad et tous les autres ce mercredi 16 juillet 2025. Une <a href=\"https:\/\/www.programme-tv.net\/news\/series-tv\/333941-lete-ou-je-suis-devenue-jolie-saison-3-casting-intrigues-les-premieres-infos-sur-la-suite-de-la-serie-prime-video\/\" data-api-deeplink=\"teleloisirs:\/\/news\/333941\" rel=\"nofollow noopener\" target=\"_blank\">saison 3<\/a> qui a d\u00e9but\u00e9 avec la mise en ligne de deux \u00e9pisodes, et pas un de plus. <a href=\"https:\/\/www.programme-tv.net\/news\/series-tv\/383541-l-ete-ou-je-suis-devenue-jolie-saison-3-insupportable-en-2-episodes-ce-personnage-s-attire-deja-les-foudres-des-fans\/\" data-api-deeplink=\"teleloisirs:\/\/news\/383541\" rel=\"nofollow noopener\" target=\"_blank\">Cela a \u00e9t\u00e9 suffisant pour que ce personnage agace d\u00e9j\u00e0 les fans de la s\u00e9rie.<\/a> \u00c0 partir de maintenant,<a href=\"https:\/\/www.programme-tv.net\/news\/series-tv\/383427-l-ete-ou-je-suis-devenue-jolie-saison-3-quand-sortent-les-prochains-episodes-le-calendrier-de-diffusion\/\" data-api-deeplink=\"teleloisirs:\/\/news\/383427\" rel=\"nofollow noopener\" target=\"_blank\"> il va falloir attendre chaque mercredi pour d\u00e9couvrir un \u00e9pisode \u00e0 la fois <\/a>et ce, jusqu&rsquo;au final qui sera diffus\u00e9 le 17 septembre prochain. Mais ce d\u00e9but de saison en a d\u00e9j\u00e0 dit beaucoup sur la vie amoureuse de Belly. <b>Attention, la suite contient des spoilers.<\/b> Alors qu&rsquo;elle est totalement amoureuse de Jeremiah, elle a d\u00e9couvert qu&rsquo;il avait couch\u00e9 avec une autre fille apr\u00e8s une dispute. Si, pour le jeune homme, il n&rsquo;\u00e9tait plus en couple avec Belly, cette derni\u00e8re n&rsquo;\u00e9tait pas sur la m\u00eame longueur d&rsquo;onde que lui. Malgr\u00e9 tout, elle a d\u00e9cid\u00e9 de lui pardonner.<\/p>\n<p>                        L&rsquo;\u00e9t\u00e9 o\u00f9 je suis devenue jolie : ce clin d&rsquo;\u0153il \u00e0 la saga \u00c0 tous les gar\u00e7ons que j&rsquo;ai aim\u00e9s qui veut dire beaucoup pour Belly<\/p>\n<p>Ces deux premiers \u00e9pisodes ont \u00e9t\u00e9 scrut\u00e9s dans les moindres d\u00e9tails par les fans de la s\u00e9rie qui pensent d\u00e9j\u00e0 avoir d\u00e9couvert <a href=\"https:\/\/www.programme-tv.net\/news\/series-tv\/382267-l-ete-ou-je-suis-devenue-jolie-conrad-ou-jeremiah-je-pense-deja-avoir-decouvert-la-fin-et-voici-pourquoi\/\" data-api-deeplink=\"teleloisirs:\/\/news\/382267\" rel=\"nofollow noopener\" target=\"_blank\">le choix final de Belly en ce qui concerne sa vie sentimentale<\/a>. Cela se passe du c\u00f4t\u00e9 de l&rsquo;\u00e9pisode 2 de L&rsquo;\u00e9t\u00e9 o\u00f9 je suis devenue jolie saison 3 dans lequel Belly passe No\u00ebl avec Conrad \u00e0 Cousins. Une information qu&rsquo;elle n&rsquo;a volontairement pas communiqu\u00e9e \u00e0 Jeremiah et qui est donc, jusqu&rsquo;\u00e0 pr\u00e9sent, un secret. <b>Lors de cet \u00e9pisode, Belly tombe au sol et Conrad se penche sur elle pour la relever.<\/b> Cela ne vous rappelle rien ? Il s&rsquo;agit d&rsquo;une r\u00e9f\u00e9rence \u00e0 la saga \u00c0 tous les gar\u00e7ons que j&rsquo;ai aim\u00e9s et XO Kitty, deux autres cr\u00e9ations de Jenny Han.<\/p>\n<p>            Belly va-t-elle \u00eatre en couple avec Conrad \u00e0 la fin de L&rsquo;\u00e9t\u00e9 o\u00f9 je suis devenue jolie ?<\/p>\n<p>Dans \u00c0 tous les gar\u00e7ons que j&rsquo;ai aim\u00e9s, c&rsquo;est Lara Jean qui est tomb\u00e9e au sol et c&rsquo;est Peter qui la rel\u00e8ve. \u00c0 la fin de la saga, ils finissent en couple. M\u00eame son de cloche du c\u00f4t\u00e9 de XO Kitty saison 2 o\u00f9, dans l&rsquo;une des sc\u00e8nes, Kitty fait semblant de s&rsquo;\u00e9vanouir pour emp\u00eacher le d\u00e9part d&rsquo;une course, et c&rsquo;est Min-ho qui vient \u00e0 son aide. <a href=\"https:\/\/www.programme-tv.net\/news\/series-tv\/369292-xo-kitty-saison-2-vous-auriez-pu-griller-la-fin-des-lepisode-2\/\" data-api-deeplink=\"teleloisirs:\/\/news\/369292\" rel=\"nofollow noopener\" target=\"_blank\">\u00c0 la fin de la deuxi\u00e8me saison, elle se rend compte de ses sentiments pour Min-ho. <\/a><\/p>\n<p>Alors, est-ce que cela veut dire que Belly va choisir Conrad ? C&rsquo;est fort possible ! D&rsquo;autant plus que, si c&rsquo;est le cas, la s\u00e9rie respecterait ainsi la fin de la trilogie de Jenny Han, puisque Belly finit par choisir Conrad et non Jeremiah.<\/p>\n<blockquote class=\"twitter-tweet\">\n<p lang=\"en\" dir=\"ltr\">Thank you, Dr. Fisher. <a href=\"https:\/\/t.co\/u8Vpepa3mE\" rel=\"nofollow\">pic.twitter.com\/u8Vpepa3mE<\/a><\/p>\n<p>\u2014 Prime Video (@PrimeVideo) <a href=\"https:\/\/twitter.com\/PrimeVideo\/status\/1946676500167643608?ref_src=twsrc%5Etfw\" rel=\"nofollow noopener\" target=\"_blank\">July 19, 2025<\/a><\/p><\/blockquote>\n<p>Article \u00e9crit avec la collaboration de 6m\u00e9dias.<\/p>\n<p>        <script async src=\"https:\/\/platform.twitter.com\/widgets.js\" charset=\"utf-8\"><\/script><\/p>\n","protected":false},"excerpt":{"rendered":"Les deux premiers \u00e9pisodes de la saison 3 de L&rsquo;\u00e9t\u00e9 o\u00f9 je suis devenue jolie ont r\u00e9cemment \u00e9t\u00e9&hellip;\n","protected":false},"author":2,"featured_media":264466,"comment_status":"","ping_status":"","sticky":false,"template":"","format":"standard","meta":{"footnotes":""},"categories":[1356],"tags":[4225,40401,244,58,59,1011,27,39318,4224,129,252,1364],"class_list":{"0":"post-264465","1":"post","2":"type-post","3":"status-publish","4":"format-standard","5":"has-post-thumbnail","7":"category-television","8":"tag-amazon-prime-vidu00e9o","9":"tag-christopher-briney","10":"tag-commentaire","11":"tag-divertissement","12":"tag-entertainment","13":"tag-fr","14":"tag-france","15":"tag-lola-tung","16":"tag-pub-streaming-prime-video","17":"tag-svod","18":"tag-television","19":"tag-tv"},"share_on_mastodon":{"url":"https:\/\/pubeurope.com\/@fr\/114893814776549838","error":""},"_links":{"self":[{"href":"https:\/\/www.europesays.com\/fr\/wp-json\/wp\/v2\/posts\/264465","targetHints":{"allow":["GET"]}}],"collection":[{"href":"https:\/\/www.europesays.com\/fr\/wp-json\/wp\/v2\/posts"}],"about":[{"href":"https:\/\/www.europesays.com\/fr\/wp-json\/wp\/v2\/types\/post"}],"author":[{"embeddable":true,"href":"https:\/\/www.europesays.com\/fr\/wp-json\/wp\/v2\/users\/2"}],"replies":[{"embeddable":true,"href":"https:\/\/www.europesays.com\/fr\/wp-json\/wp\/v2\/comments?post=264465"}],"version-history":[{"count":0,"href":"https:\/\/www.europesays.com\/fr\/wp-json\/wp\/v2\/posts\/264465\/revisions"}],"wp:featuredmedia":[{"embeddable":true,"href":"https:\/\/www.europesays.com\/fr\/wp-json\/wp\/v2\/media\/264466"}],"wp:attachment":[{"href":"https:\/\/www.europesays.com\/fr\/wp-json\/wp\/v2\/media?parent=264465"}],"wp:term":[{"taxonomy":"category","embeddable":true,"href":"https:\/\/www.europesays.com\/fr\/wp-json\/wp\/v2\/categories?post=264465"},{"taxonomy":"post_tag","embeddable":true,"href":"https:\/\/www.europesays.com\/fr\/wp-json\/wp\/v2\/tags?post=264465"}],"curies":[{"name":"wp","href":"https:\/\/api.w.org\/{rel}","templated":true}]}}