{"id":264473,"date":"2025-07-21T23:31:48","date_gmt":"2025-07-21T23:31:48","guid":{"rendered":"https:\/\/www.europesays.com\/fr\/264473\/"},"modified":"2025-07-21T23:31:48","modified_gmt":"2025-07-21T23:31:48","slug":"cest-un-choix-qui-a-ete-murement-reflechi-valentin-rongier-devoile-les-raisons-de-son-depart-de-lom","status":"publish","type":"post","link":"https:\/\/www.europesays.com\/fr\/264473\/","title":{"rendered":"\u00ab\u00a0C&rsquo;est un choix qui a \u00e9t\u00e9 m\u00fbrement r\u00e9fl\u00e9chi\u00a0\u00bb, Valentin Rongier d\u00e9voile les raisons de son d\u00e9part de l&rsquo;OM"},"content":{"rendered":"<p>Quelques minutes apr\u00e8s que l\u2019Olympique de Marseille ait officialis\u00e9, ce lundi soir, <a href=\"https:\/\/www.laprovence.com\/article\/om\/1797353530170515\/om-le-club-officialise-le-depart-de-valentin-rongier\" target=\"_blank\" rel=\"noopener\">le d\u00e9part de Valentin Rongier a travers un hommage rendu sur ses r\u00e9seaux sociaux<\/a>, c\u2019est son nouveau club, le Stade Rennais, qui s\u2019est empress\u00e9 d\u2019enclencher les rouages de sa communication pour l\u2019accueillir.<\/p>\n<p>Le club breton n\u2019a pas perdu de temps puisqu\u2019il a publi\u00e9 sur sa cha\u00eene YouTube un entretien de 8 minutes avec son nouveau milieu de terrain. L\u2019occasion pour le joueur de 30\u00a0ans d\u2019expliquer son choix mais aussi de r\u00e9gler de vieux \u00ab\u00a0malentendus\u00a0\u00bb.<\/p>\n<blockquote class=\"twitter-tweet\"><p>&#13;<\/p>\n<p>\ud83c\udf99\ufe0f Renfort Rouge et Noir, pass\u00e9 par Nantes et Marseille, Valentin Rongier s\u2019est confi\u00e9 face cam\u00e9ra.<\/p>\n<p>L\u2019entretien complet sur YouTube \u2935\ufe0f<a href=\"https:\/\/twitter.com\/hashtag\/Rongier2028?src=hash&amp;ref_src=twsrc%5Etfw\" target=\"_blank\" rel=\"noopener\">#Rongier2028<\/a><\/p>\n<p>&#13;<br \/>\n\u2014 Stade Rennais F.C. (@staderennais) <a href=\"https:\/\/twitter.com\/staderennais\/status\/1947392634533908829?ref_src=twsrc%5Etfw\" target=\"_blank\" rel=\"noopener\">July 21, 2025<\/a><\/p><\/blockquote>\n<p>\u00c0 la question \u00ab\u00a0Pourquoi vous engagez-vous en faveur du Stade Rennais\u00a0\u00bb, Valentin Rongier ne s\u2019est pas montr\u00e9 laconique. Et c\u2019est le moins que l\u2019on puisse dire.<\/p>\n<p>\u00ab\u00a0Il y a beaucoup de raisons. C\u2019est un choix qui a \u00e9t\u00e9 m\u00fbrement r\u00e9fl\u00e9chi\u2026 Pour moi, Rennes c\u2019est aujourd\u2019hui un club tr\u00e8s attractif. C\u2019est important pour moi de rejoindre un club qui a beaucoup d\u2019ambitions avec le projet de retrouver le plus rapidement possible l\u2019Europe. J\u2019ai aussi \u00e9norm\u00e9ment avec le coach (<a href=\"https:\/\/www.laprovence.com\/article\/om\/3630843179228814\/om-rennes-de-capitaine-olympien-a-entraineur-du-club-breton-la-nouvelle-vie-dhabib-beye\" target=\"_blank\" rel=\"noopener\">Habib Beye<\/a>), le directeur sportif (Lo\u00efc D\u00e9sir\u00e9) et le pr\u00e9sident (Arnaud Pouille). Je voulais savoir ce qu\u2019ils attendaient de moi et si cela collait avec le projet que j\u2019attendais, a livr\u00e9 Rongier avant de poursuivre\u00a0: Je pense que tout s\u2019est align\u00e9 parce que les discours m\u2019ont beaucoup plu. Je viens ici pour retrouver de la comp\u00e9titivit\u00e9 et de la gagne. J\u2019ai pass\u00e9 6 ans \u00e0 l\u2019Olympique de Marseille et j\u2019avais besoin de sortir de ma zone de confort. Je ne vois absolument pas \u00e7a comme une r\u00e9gression, c\u2019est juste un challenge diff\u00e9rent.\u00a0\u00bb<\/p>\n<p>Concernant les chambrages adress\u00e9s aux Rennais lorsqu\u2019il jouait encore \u00e0 Nantes, son club formateur, le d\u00e9sormais ex-marseillais a tent\u00e9 de s\u2019expliquer.<\/p>\n<p>\u00ab\u00a0C\u2019\u00e9tait bon enfant et je n\u2019ai jamais voulu manquer de respect \u00e0 l\u2019institution ou aux supporters. Pour moi c\u2019est la beaut\u00e9 du sport et du derby, et aujourd\u2019hui je trouve que cela se perd un petit peu. Si vous prenez mes propos, \u00e7a a toujours \u00e9t\u00e9 bon enfant&#8230; Je n&rsquo;ai jamais voulu manquer de respect \u00e0 l&rsquo;institution rennaise. Je peux comprendre certains r\u00e9actions, je suis quelqu&rsquo;un de cens\u00e9. Chacun peut avoir son avis. Je demande juste aux gens de me laisser faire mon travail\u00a0\u00bb, livre-t-il.<\/p>\n<p>\u00c0 l\u2019\u00e9poque le Canari avait post\u00e9 une story Instagram dans lequel on pouvait apercevoir un troupeau de ch\u00e8vres accompagn\u00e9 d\u2019un : \u00ab\u00a0Coucou les Rennais\u00a0\u00bb. Une blague qui n\u2019avait pas du tout fait rire le Roazhon Celtic Kop. Plus t\u00f4t dans la journ\u00e9e, <a href=\"https:\/\/www.laprovence.com\/article\/om\/1481254516188715\/mercato-om-un-groupe-de-supporter-rennais-soffusque-de-larrivee-de-valentin-rongier\" target=\"_blank\" rel=\"noopener\">le groupe de supporters s\u2019\u00e9tait offusqu\u00e9 de sa future arriv\u00e9e dans un communiqu\u00e9 cinglant<\/a>.<\/p>\n<p>Pas de quoi changer les plans des dirigeants rennais. Lors de son arriv\u00e9e en Bretagne, Valentin Rongier s&rsquo;est vu remettre une figurine de&#8230; ch\u00e8vre. Un clin d&rsquo;\u0153il subtil qui boucle le chapitre des chambrages pass\u00e9s.<\/p>\n<p><img alt=\"\" loading=\"lazy\" width=\"18\" height=\"18\" decoding=\"async\" data-nimg=\"1\" class=\"mx-[8px]\" style=\"color:transparent\" src=\"https:\/\/www.laprovence.com\/_next\/static\/media\/comment.b95dda91.svg\"\/>D\u00e9marrez la conversation<\/p>\n<p class=\"text-[1.8rem] mt-[32px]\">Votre opinion compte pour nous. Rejoignez la communaut\u00e9 laprovence.com en r\u00e9agissant sur l&rsquo;article \u00ab\u00a0C&rsquo;est un choix qui a \u00e9t\u00e9 m\u00fbrement r\u00e9fl\u00e9chi\u00a0\u00bb, Valentin Rongier d\u00e9voile les raisons de son d\u00e9part de l&rsquo;OM.<\/p>\n<p><script async src=\"https:\/\/platform.twitter.com\/widgets.js\" charset=\"utf-8\"><\/script><\/p>\n","protected":false},"excerpt":{"rendered":"Quelques minutes apr\u00e8s que l\u2019Olympique de Marseille ait officialis\u00e9, ce lundi soir, le d\u00e9part de Valentin Rongier a&hellip;\n","protected":false},"author":2,"featured_media":264474,"comment_status":"","ping_status":"","sticky":false,"template":"","format":"standard","meta":{"footnotes":""},"categories":[9],"tags":[17,2511,13898,2883,1011,27,40402,149,3583,40403,60,9064],"class_list":{"0":"post-264473","1":"post","2":"type-post","3":"status-publish","4":"format-standard","5":"has-post-thumbnail","7":"category-sports","8":"tag-17","9":"tag-cest","10":"tag-choix","11":"tag-ete","12":"tag-fr","13":"tag-france","14":"tag-murement","15":"tag-om","16":"tag-qui","17":"tag-reflechi","18":"tag-sports","19":"tag-valentin"},"share_on_mastodon":{"url":"https:\/\/pubeurope.com\/@fr\/114893838268659328","error":""},"_links":{"self":[{"href":"https:\/\/www.europesays.com\/fr\/wp-json\/wp\/v2\/posts\/264473","targetHints":{"allow":["GET"]}}],"collection":[{"href":"https:\/\/www.europesays.com\/fr\/wp-json\/wp\/v2\/posts"}],"about":[{"href":"https:\/\/www.europesays.com\/fr\/wp-json\/wp\/v2\/types\/post"}],"author":[{"embeddable":true,"href":"https:\/\/www.europesays.com\/fr\/wp-json\/wp\/v2\/users\/2"}],"replies":[{"embeddable":true,"href":"https:\/\/www.europesays.com\/fr\/wp-json\/wp\/v2\/comments?post=264473"}],"version-history":[{"count":0,"href":"https:\/\/www.europesays.com\/fr\/wp-json\/wp\/v2\/posts\/264473\/revisions"}],"wp:featuredmedia":[{"embeddable":true,"href":"https:\/\/www.europesays.com\/fr\/wp-json\/wp\/v2\/media\/264474"}],"wp:attachment":[{"href":"https:\/\/www.europesays.com\/fr\/wp-json\/wp\/v2\/media?parent=264473"}],"wp:term":[{"taxonomy":"category","embeddable":true,"href":"https:\/\/www.europesays.com\/fr\/wp-json\/wp\/v2\/categories?post=264473"},{"taxonomy":"post_tag","embeddable":true,"href":"https:\/\/www.europesays.com\/fr\/wp-json\/wp\/v2\/tags?post=264473"}],"curies":[{"name":"wp","href":"https:\/\/api.w.org\/{rel}","templated":true}]}}