{"id":264475,"date":"2025-07-21T23:32:56","date_gmt":"2025-07-21T23:32:56","guid":{"rendered":"https:\/\/www.europesays.com\/fr\/264475\/"},"modified":"2025-07-21T23:32:56","modified_gmt":"2025-07-21T23:32:56","slug":"securite-et-secours-le-bilan-du-festival-des-vieilles-charrues","status":"publish","type":"post","link":"https:\/\/www.europesays.com\/fr\/264475\/","title":{"rendered":"S\u00e9curit\u00e9 et secours\u00a0: le bilan du festival des Vieilles Charrues"},"content":{"rendered":"<p>En compl\u00e9ment, 358 intervenants de la F\u00e9d\u00e9ration Nationale de Protection Civile ainsi que 760 agents de sept soci\u00e9t\u00e9s priv\u00e9es ont aussi \u00e9t\u00e9 mobilis\u00e9s.<\/p>\n<p>99 interventions pour le maintien de l\u2019ordre<\/p>\n<p>La F\u00e9d\u00e9ration nationale de protection civile a effectu\u00e9 2\u00a0021 interventions sur le site, \u00ab\u00a0essentiellement pour de la traumatologie\u00a0\u00bb. \u00ab\u00a0655 personnes ont \u00e9t\u00e9 prises en charge par le poste de secours m\u00e9dical et 33 d\u2019entre elles ont fait l\u2019objet d\u2019une \u00e9vacuation vers les h\u00f4pitaux, principalement vers celui de Carhaix\u00a0\u00bb, pr\u00e9cise la pr\u00e9fecture.<\/p>\n<p>Cette derni\u00e8re indique par ailleurs que 99 interventions ont \u00e9t\u00e9 enregistr\u00e9es par la gendarmerie nationale dans le cadre du maintien de l\u2019ordre public. De leur c\u00f4t\u00e9, les services des douanes ont proc\u00e9d\u00e9 \u00e0 plusieurs contr\u00f4les en gare de Carhaix et sur les parkings.<\/p>\n<p>204 infractions routi\u00e8res<\/p>\n<p>Enfin, des contr\u00f4les sanitaires ont \u00e9t\u00e9 men\u00e9s par des agents de la Direction d\u00e9partementale de protection des populations (DDPP) sur les stands de restauration au sein du festival.<\/p>\n","protected":false},"excerpt":{"rendered":"En compl\u00e9ment, 358 intervenants de la F\u00e9d\u00e9ration Nationale de Protection Civile ainsi que 760 agents de sept soci\u00e9t\u00e9s&hellip;\n","protected":false},"author":2,"featured_media":264476,"comment_status":"","ping_status":"","sticky":false,"template":"","format":"standard","meta":{"footnotes":""},"categories":[8],"tags":[829,5934,58,765,59,849,3321,1011,27,656,38885],"class_list":{"0":"post-264475","1":"post","2":"type-post","3":"status-publish","4":"format-standard","5":"has-post-thumbnail","7":"category-divertissement","8":"tag-bretagne","9":"tag-carhaix-plouguer","10":"tag-divertissement","11":"tag-en-continu","12":"tag-entertainment","13":"tag-festival","14":"tag-finistere","15":"tag-fr","16":"tag-france","17":"tag-securite","18":"tag-vieilles-charrues-2025"},"share_on_mastodon":{"url":"https:\/\/pubeurope.com\/@fr\/114893842190994415","error":""},"_links":{"self":[{"href":"https:\/\/www.europesays.com\/fr\/wp-json\/wp\/v2\/posts\/264475","targetHints":{"allow":["GET"]}}],"collection":[{"href":"https:\/\/www.europesays.com\/fr\/wp-json\/wp\/v2\/posts"}],"about":[{"href":"https:\/\/www.europesays.com\/fr\/wp-json\/wp\/v2\/types\/post"}],"author":[{"embeddable":true,"href":"https:\/\/www.europesays.com\/fr\/wp-json\/wp\/v2\/users\/2"}],"replies":[{"embeddable":true,"href":"https:\/\/www.europesays.com\/fr\/wp-json\/wp\/v2\/comments?post=264475"}],"version-history":[{"count":0,"href":"https:\/\/www.europesays.com\/fr\/wp-json\/wp\/v2\/posts\/264475\/revisions"}],"wp:featuredmedia":[{"embeddable":true,"href":"https:\/\/www.europesays.com\/fr\/wp-json\/wp\/v2\/media\/264476"}],"wp:attachment":[{"href":"https:\/\/www.europesays.com\/fr\/wp-json\/wp\/v2\/media?parent=264475"}],"wp:term":[{"taxonomy":"category","embeddable":true,"href":"https:\/\/www.europesays.com\/fr\/wp-json\/wp\/v2\/categories?post=264475"},{"taxonomy":"post_tag","embeddable":true,"href":"https:\/\/www.europesays.com\/fr\/wp-json\/wp\/v2\/tags?post=264475"}],"curies":[{"name":"wp","href":"https:\/\/api.w.org\/{rel}","templated":true}]}}